{"id":29726,"date":"2025-05-07T12:47:12","date_gmt":"2025-05-07T15:47:12","guid":{"rendered":"https:\/\/diariotribuna.com.br\/?p=29726"},"modified":"2025-05-07T12:47:12","modified_gmt":"2025-05-07T15:47:12","slug":"sistema-faemg-senar-debate-impactos-das-mudancas-climaticas-na-producao-agropecuaria","status":"publish","type":"post","link":"https:\/\/diariotribuna.com.br\/?p=29726","title":{"rendered":"Sistema Faemg Senar debate impactos das mudan\u00e7as clim\u00e1ticas na produ\u00e7\u00e3o agropecu\u00e1ria\u00a0"},"content":{"rendered":"<p class=\"MsoNormal\"><span>FAEMG SENAR | Divulga\u00e7\u00e3o<\/span><\/p>\n<p><\/p>\n<p><strong>Semin\u00e1rio integra a 16\u00aa Semana de Integra\u00e7\u00e3o Tecnol\u00f3gica e destaca solu\u00e7\u00f5es sustent\u00e1veis rumo \u00e0 COP 30<\/strong><\/p>\n<p>Os eventos clim\u00e1ticos extremos t\u00eam gerado impactos cada vez mais severos na produ\u00e7\u00e3o agropecu\u00e1ria e industrial. Esses fen\u00f4menos, por\u00e9m, v\u00e3o al\u00e9m dos preju\u00edzos diretos no campo e nas f\u00e1bricas \u2014 seus efeitos alcan\u00e7am as esferas <strong>social, ambiental e econ\u00f4mica<\/strong>, exigindo respostas urgentes e articuladas.<\/p>\n<p>Para estimular a reflex\u00e3o sobre esses desafios e apresentar caminhos rumo a uma produ\u00e7\u00e3o mais <strong>sustent\u00e1vel e resiliente<\/strong>, o semin\u00e1rio <strong>\u201cMudan\u00e7as Clim\u00e1ticas e a Produ\u00e7\u00e3o Agropecu\u00e1ria: COP 30 e os Desafios para o Desenvolvimento Sustent\u00e1vel\u201d<\/strong> reuniu especialistas do setor produtivo mineiro durante a programa\u00e7\u00e3o t\u00e9cnica da <strong>16\u00aa Semana de Integra\u00e7\u00e3o Tecnol\u00f3gica (SIT 2025)<\/strong>. O evento, promovido pela <strong>Embrapa Milho e Sorgo<\/strong>, acontece de 5 a 9 de maio, em Sete Lagoas (MG), com o tema central <strong>\u201cA Jornada pelo Clima rumo \u00e0 COP 30\u201d<\/strong>.<\/p>\n<p>A gerente de Sustentabilidade do Sistema Faemg Senar, <strong>Mariana Ramos<\/strong>, que mediou o semin\u00e1rio, destacou: <em>\u201cA COP 30 ser\u00e1 no Brasil, mas o protagonismo precisa vir do campo, da ci\u00eancia, da tecnologia e de pol\u00edticas p\u00fablicas bem articuladas.\u201d<\/em> Ela tamb\u00e9m ressaltou o papel de <strong>Minas Gerais como refer\u00eancia em pr\u00e1ticas sustent\u00e1veis<\/strong>, superando a minera\u00e7\u00e3o nas exporta\u00e7\u00f5es e com produtores rurais atuando como protagonistas na preserva\u00e7\u00e3o ambiental.<\/p>\n<p>O chefe-geral da <strong>Embrapa Agroenergia<\/strong>, <strong>Alexandre Alonso Alves<\/strong>, afirmou que muitos elementos da <strong>nova economia de baixo carbono<\/strong> j\u00e1 est\u00e3o presentes na agricultura brasileira, como os sistemas integrados de produ\u00e7\u00e3o. Segundo ele, <em>\u201cn\u00e3o h\u00e1 solu\u00e7\u00e3o clim\u00e1tica global sem o agro tropical \u2014 e n\u00e3o h\u00e1 agro tropical sustent\u00e1vel sem ci\u00eancia, pol\u00edticas p\u00fablicas eficazes e valoriza\u00e7\u00e3o dos produtores respons\u00e1veis.\u201d<\/em><\/p>\n<p>O presidente da <strong>Associa\u00e7\u00e3o da Ind\u00fastria de Bioenergia e do A\u00e7\u00facar de Minas Gerais (SIAMIG)<\/strong>, <strong>M\u00e1rio Ferreira Campos<\/strong>, refor\u00e7ou a import\u00e2ncia do uso estrat\u00e9gico do territ\u00f3rio: <em>\u201cTerrit\u00f3rio n\u00e3o \u00e9 apenas ch\u00e3o, \u00e9 decis\u00e3o.\u201d<\/em><\/p>\n<p>A programa\u00e7\u00e3o do semin\u00e1rio incluiu <strong>palestras e debates<\/strong> sobre:<\/p>\n<p>os <strong>impactos das mudan\u00e7as clim\u00e1ticas<\/strong> na produ\u00e7\u00e3o agropecu\u00e1ria e agroindustrial;<\/p>\n<p><strong>intelig\u00eancia territorial estrat\u00e9gica<\/strong> para aproveitamento de novas fronteiras agr\u00edcolas;<\/p>\n<p><strong>oportunidades no mercado de carbono<\/strong>, incluindo selos e o programa <strong>Renovabio<\/strong>;<\/p>\n<p><strong>tecnologias do programa ABC+<\/strong>, voltadas \u00e0 adapta\u00e7\u00e3o, mitiga\u00e7\u00e3o e sustentabilidade dos sistemas agropecu\u00e1rios.<\/p>\n\n<p>Tamb\u00e9m foi apresentado o <strong>Movimento Central Mineira<\/strong>, que prop\u00f5e o desenvolvimento planejado de uma nova <strong>fronteira agropecu\u00e1ria e agroindustrial<\/strong> na regi\u00e3o central de Minas Gerais. Segundo o gerente executivo do <strong>INAES<\/strong>, <strong>Bruno Rocha<\/strong>, o projeto visa explorar o potencial ainda subutilizado da regi\u00e3o, que re\u00fane <strong>solo f\u00e9rtil, clima favor\u00e1vel, recursos h\u00eddricos e boa infraestrutura log\u00edstica<\/strong>. <em>\u201cO objetivo \u00e9 transformar essas vantagens em produtividade, promovendo mais desenvolvimento para o produtor mineiro\u201d<\/em>, concluiu.<\/p>\n<p>\u00a0<\/p>","protected":false},"excerpt":{"rendered":"<p>FAEMG SENAR | Divulga\u00e7\u00e3o Semin\u00e1rio integra a 16\u00aa Semana de Integra\u00e7\u00e3o Tecnol\u00f3gica e destaca solu\u00e7\u00f5es sustent\u00e1veis rumo \u00e0 COP 30 Os eventos clim\u00e1ticos extremos t\u00eam gerado impactos cada vez mais severos na produ\u00e7\u00e3o agropecu\u00e1ria e industrial. Esses fen\u00f4menos, por\u00e9m, v\u00e3o al\u00e9m dos preju\u00edzos diretos no campo e nas f\u00e1bricas \u2014 seus efeitos alcan\u00e7am as esferas [&hellip;]<\/p>\n","protected":false},"author":0,"featured_media":29727,"comment_status":"open","ping_status":"open","sticky":false,"template":"","format":"standard","meta":{"rop_custom_images_group":[],"rop_custom_messages_group":[],"rop_publish_now":"initial","rop_publish_now_accounts":[],"rop_publish_now_history":[],"rop_publish_now_status":"pending","footnotes":""},"categories":[6745],"tags":[],"class_list":["post-29726","post","type-post","status-publish","format-standard","has-post-thumbnail","hentry","category-coluna-sindijori"],"_links":{"self":[{"href":"https:\/\/diariotribuna.com.br\/index.php?rest_route=\/wp\/v2\/posts\/29726"}],"collection":[{"href":"https:\/\/diariotribuna.com.br\/index.php?rest_route=\/wp\/v2\/posts"}],"about":[{"href":"https:\/\/diariotribuna.com.br\/index.php?rest_route=\/wp\/v2\/types\/post"}],"replies":[{"embeddable":true,"href":"https:\/\/diariotribuna.com.br\/index.php?rest_route=%2Fwp%2Fv2%2Fcomments&post=29726"}],"version-history":[{"count":0,"href":"https:\/\/diariotribuna.com.br\/index.php?rest_route=\/wp\/v2\/posts\/29726\/revisions"}],"wp:featuredmedia":[{"embeddable":true,"href":"https:\/\/diariotribuna.com.br\/index.php?rest_route=\/wp\/v2\/media\/29727"}],"wp:attachment":[{"href":"https:\/\/diariotribuna.com.br\/index.php?rest_route=%2Fwp%2Fv2%2Fmedia&parent=29726"}],"wp:term":[{"taxonomy":"category","embeddable":true,"href":"https:\/\/diariotribuna.com.br\/index.php?rest_route=%2Fwp%2Fv2%2Fcategories&post=29726"},{"taxonomy":"post_tag","embeddable":true,"href":"https:\/\/diariotribuna.com.br\/index.php?rest_route=%2Fwp%2Fv2%2Ftags&post=29726"}],"curies":[{"name":"wp","href":"https:\/\/api.w.org\/{rel}","templated":true}]}}