{"id":29734,"date":"2025-05-07T23:08:38","date_gmt":"2025-05-08T02:08:38","guid":{"rendered":"https:\/\/diariotribuna.com.br\/?p=29734"},"modified":"2025-05-08T22:48:22","modified_gmt":"2025-05-09T01:48:22","slug":"policia-civil-conclui-investigacao-sobre-morte-de-menina-desaparecida-em-agua-boa","status":"publish","type":"post","link":"https:\/\/diariotribuna.com.br\/?p=29734","title":{"rendered":"Pol\u00edcia Civil conclui investiga\u00e7\u00e3o sobre morte de menina desaparecida em \u00c1gua Boa"},"content":{"rendered":"\n<figure class=\"wp-block-image size-full is-resized\"><img loading=\"lazy\" decoding=\"async\" width=\"700\" height=\"501\" src=\"https:\/\/diariotribuna.com.br\/wp-content\/uploads\/2025\/05\/CONLCUSAO-DE-INQUERITO_SITE.png\" alt=\"\" class=\"wp-image-29735\" style=\"width:448px;height:auto\" srcset=\"https:\/\/diariotribuna.com.br\/wp-content\/uploads\/2025\/05\/CONLCUSAO-DE-INQUERITO_SITE.png 700w, https:\/\/diariotribuna.com.br\/wp-content\/uploads\/2025\/05\/CONLCUSAO-DE-INQUERITO_SITE-300x215.png 300w, https:\/\/diariotribuna.com.br\/wp-content\/uploads\/2025\/05\/CONLCUSAO-DE-INQUERITO_SITE-696x498.png 696w, https:\/\/diariotribuna.com.br\/wp-content\/uploads\/2025\/05\/CONLCUSAO-DE-INQUERITO_SITE-587x420.png 587w\" sizes=\"(max-width: 700px) 100vw, 700px\" \/><\/figure>\n\n\n\n<p>A Pol\u00edcia Civil de Minas Gerais concluiu a investiga\u00e7\u00e3o sobre homic\u00eddio e oculta\u00e7\u00e3o de cad\u00e1ver de uma crian\u00e7a de 10 anos. O corpo da v\u00edtima foi localizado na zona rural de S\u00e3o Pedro do Sua\u00e7u\u00ed, Vale do Rio Doce, quatro dias ap\u00f3s o desaparecimento registrado em \u00c1gua Boa, regi\u00e3o do Vale do Mucuri, munic\u00edpios que ficam 70 quil\u00f4metros distantes.<\/p>\n\n\n\n<p>A menina foi vista pela \u00faltima vez na noite do dia 4 de mar\u00e7o deste ano. A partir da comunica\u00e7\u00e3o do desaparecimento, equipes das delegacias em \u00c1gua Boa e Capelinha, al\u00e9m do setor de intelig\u00eancia policial, iniciaram os trabalhos de apura\u00e7\u00e3o, com levantamento de imagens, oitivas de testemunhas e outras a\u00e7\u00f5es investigativas.<\/p>\n\n\n\n<p>Em 8 de mar\u00e7o, moradores encontraram uma silhueta coberta por tecidos nas proximidades da cachoeira Pele de Gato, em S\u00e3o Pedro do Sua\u00e7u\u00ed, e acionaram a pol\u00edcia. No local, as equipes de investiga\u00e7\u00e3o e de per\u00edcia t\u00e9cnica realizaram os primeiros trabalhos, que apontaram se tratar da crian\u00e7a desaparecida.<\/p>\n\n\n\n<p>No dia seguinte, a PCMG prendeu um homem, de 56 anos, suspeito de envolvimento na morte. Durante a formaliza\u00e7\u00e3o do flagrante, ele confessou o crime, relatando que era motorista do setor p\u00fablico em \u00c1gua Boa e, em hor\u00e1rio de servi\u00e7o, levou a crian\u00e7a para sua casa sob a promessa de dinheiro e comida em troca de ato sexual. Ap\u00f3s a negativa da v\u00edtima, segundo o investigado, ele a matou por asfixia. Em seguida, ocultou o corpo.<\/p>\n\n\n\n<p><strong>Laudos e provas &#8211;<\/strong> Durante a apura\u00e7\u00e3o, a PCMG reuniu laudos que confirmaram a presen\u00e7a de \u00e1lcool no organismo da v\u00edtima e indicaram politraumatismo na regi\u00e3o cervical como causa da morte. Tamb\u00e9m foram coletados vest\u00edgios na resid\u00eancia do suspeito e constatados danos ao ve\u00edculo oficial utilizado no crime. Imagens de seguran\u00e7a analisadas durante a investiga\u00e7\u00e3o registraram o momento em que a v\u00edtima desembarcou do carro cambaleando.<\/p>\n\n\n\n<p>\u201cCom base nas provas reunidas em um inqu\u00e9rito de 612 p\u00e1ginas, o suspeito foi indiciado por homic\u00eddio triplamente qualificado (motivo f\u00fatil, meio que dificultou a defesa da v\u00edtima e por ela ser menor de 14 anos), oculta\u00e7\u00e3o de cad\u00e1ver, crimes contra a dignidade sexual, peculato, dano ao er\u00e1rio municipal e fornecimento de bebida alco\u00f3lica \u00e0 crian\u00e7a\u201d, enumerou a delegada respons\u00e1vel, Junia Nara Rodrigues Rocha Sobral.<\/p>\n\n\n\n<p>O inqu\u00e9rito foi remetido \u00e0 Justi\u00e7a com representa\u00e7\u00e3o pela convers\u00e3o da pris\u00e3o tempor\u00e1ria em preventiva. Houve ainda o desmembramento do procedimento para apura\u00e7\u00e3o de eventual omiss\u00e3o da m\u00e3e da v\u00edtima. (Informa\u00e7\u00f5es: assessoria de comunica\u00e7\u00e3o da PCMG).<\/p>\n","protected":false},"excerpt":{"rendered":"<p>A Pol\u00edcia Civil de Minas Gerais concluiu a investiga\u00e7\u00e3o sobre homic\u00eddio e oculta\u00e7\u00e3o de cad\u00e1ver de uma crian\u00e7a de 10 anos. O corpo da v\u00edtima foi localizado na zona rural de S\u00e3o Pedro do Sua\u00e7u\u00ed, Vale do Rio Doce, quatro dias ap\u00f3s o desaparecimento registrado em \u00c1gua Boa, regi\u00e3o do Vale do Mucuri, munic\u00edpios que [&hellip;]<\/p>\n","protected":false},"author":1,"featured_media":29735,"comment_status":"open","ping_status":"open","sticky":false,"template":"","format":"standard","meta":{"rop_custom_images_group":[],"rop_custom_messages_group":[],"rop_publish_now":"initial","rop_publish_now_accounts":[],"rop_publish_now_history":[],"rop_publish_now_status":"pending","footnotes":""},"categories":[20],"tags":[3058,611,6648,7139],"class_list":["post-29734","post","type-post","status-publish","format-standard","has-post-thumbnail","hentry","category-policia","tag-agua-boa","tag-crianca","tag-homicidio-2","tag-ocultacao-de-cadaver"],"_links":{"self":[{"href":"https:\/\/diariotribuna.com.br\/index.php?rest_route=\/wp\/v2\/posts\/29734"}],"collection":[{"href":"https:\/\/diariotribuna.com.br\/index.php?rest_route=\/wp\/v2\/posts"}],"about":[{"href":"https:\/\/diariotribuna.com.br\/index.php?rest_route=\/wp\/v2\/types\/post"}],"author":[{"embeddable":true,"href":"https:\/\/diariotribuna.com.br\/index.php?rest_route=\/wp\/v2\/users\/1"}],"replies":[{"embeddable":true,"href":"https:\/\/diariotribuna.com.br\/index.php?rest_route=%2Fwp%2Fv2%2Fcomments&post=29734"}],"version-history":[{"count":1,"href":"https:\/\/diariotribuna.com.br\/index.php?rest_route=\/wp\/v2\/posts\/29734\/revisions"}],"predecessor-version":[{"id":29736,"href":"https:\/\/diariotribuna.com.br\/index.php?rest_route=\/wp\/v2\/posts\/29734\/revisions\/29736"}],"wp:featuredmedia":[{"embeddable":true,"href":"https:\/\/diariotribuna.com.br\/index.php?rest_route=\/wp\/v2\/media\/29735"}],"wp:attachment":[{"href":"https:\/\/diariotribuna.com.br\/index.php?rest_route=%2Fwp%2Fv2%2Fmedia&parent=29734"}],"wp:term":[{"taxonomy":"category","embeddable":true,"href":"https:\/\/diariotribuna.com.br\/index.php?rest_route=%2Fwp%2Fv2%2Fcategories&post=29734"},{"taxonomy":"post_tag","embeddable":true,"href":"https:\/\/diariotribuna.com.br\/index.php?rest_route=%2Fwp%2Fv2%2Ftags&post=29734"}],"curies":[{"name":"wp","href":"https:\/\/api.w.org\/{rel}","templated":true}]}}