{"id":29737,"date":"2025-05-08T12:14:24","date_gmt":"2025-05-08T15:14:24","guid":{"rendered":"https:\/\/diariotribuna.com.br\/?p=29737"},"modified":"2025-05-08T12:14:24","modified_gmt":"2025-05-08T15:14:24","slug":"alugueis-sobem-850-em-uberlandia","status":"publish","type":"post","link":"https:\/\/diariotribuna.com.br\/?p=29737","title":{"rendered":"Alugu\u00e9is sobem 8,50% em Uberl\u00e2ndia\u00a0"},"content":{"rendered":"<p><em><span>Foto: Celso Ribeiro\/Arquivo Di\u00e1rio<\/span><\/em><\/p>\n<p><strong><span>COLUNA MG<\/span><\/strong><br \/><span>Principais destaques dos jornais e portais integrantes da rede Sindijori MG <\/span><br \/><span><a href=\"http:\/\/www.sindijorimg.com.br\/\">www.sindijorimg.com.br<\/a><\/span><\/p>\n<p><strong><span>Alugu\u00e9is sobem 8,50% em Uberl\u00e2ndia<\/span><\/strong><br \/><span>Os pre\u00e7os dos alugu\u00e9is residenciais registraram uma alta de 8,50% nos \u00faltimos 12 meses em Uberl\u00e2ndia, segundo dados do \u00cdndice Geral de Pre\u00e7os &#8211; Mercado (IGP-M). O valor est\u00e1 acima da infla\u00e7\u00e3o oficial acumulada no pa\u00eds durante o mesmo per\u00edodo, de 5,48%, pressionando o or\u00e7amento das mais de 210 mil fam\u00edlias que vivem de aluguel na cidade. O IGP-M \u00e9 usado como fator de reajuste em alguns contratos de aluguel, sejam eles comerciais ou residenciais. O \u00edndice havia registrado defla\u00e7\u00e3o de 0,34% em mar\u00e7o, mas voltou a crescer em abril, puxado pela alta do \u00cdndice de Pre\u00e7os ao Produtor Amplo (IPA) e pelo \u00cdndice Nacional de Custo da Constru\u00e7\u00e3o (INCC), que subiu de 0,38% em mar\u00e7o para 0,59% em abril. (Di\u00e1rio de Uberl\u00e2ndia)<\/span><br \/><span><a href=\"https:\/\/diariodeuberlandia.com.br\/noticia\/37947\/uberlandia-aluguel-residencial-sofre-alta-850-12\">https:\/\/diariodeuberlandia.com.br\/noticia\/37947\/uberlandia-aluguel-residencial-sofre-alta-850-12<\/a><\/span><\/p>\n<p><strong><span>Mineira supera Google e Microsoft<\/span><\/strong><br \/><span>A empresa mineira Reportei foi eleita, pelo segundo ano consecutivo, o melhor software de marketing do mundo na categoria dashboards pelo ranking da GetApp, superando gigantes como Google e Microsoft. Fundada em 2015, a plataforma oferece solu\u00e7\u00f5es automatizadas para marketing e vendas, atendendo mais de 10 mil clientes em 50 pa\u00edses com opera\u00e7\u00e3o 100% remota e sem investimento externo. Reconhecida por sua efici\u00eancia, integra\u00e7\u00e3o com m\u00faltiplas plataformas e foco em relat\u00f3rios e dashboards, a Reportei tamb\u00e9m conta com ferramentas como intelig\u00eancia artificial e automa\u00e7\u00e3o (Cidade Conecta \u2013 Nova Lima)<\/span><br \/><span><a href=\"https:\/\/www.cidadeconecta.com\/noticias\/atualidades\/empresa-mineira-supera-google-e-microsoft-e-vence-premio-mundial\/\">https:\/\/www.cidadeconecta.com\/noticias\/atualidades\/empresa-mineira-supera-google-e-microsoft-e-vence-premio-mundial\/<\/a><\/span><\/p>\n<p><strong><span>Arax\u00e1 constroi sede do SAMU<\/span><\/strong><br \/><span>A Prefeitura de Arax\u00e1 iniciou nesta semana a constru\u00e7\u00e3o da sede pr\u00f3pria do SAMU, que funcionar\u00e1 em um pr\u00e9dio anexo ao Corpo de Bombeiros, em terreno cedido pela corpora\u00e7\u00e3o, visando oferecer mais agilidade no atendimento de urg\u00eancia. A obra, executada pela M Y Engenharia, de Uberl\u00e2ndia, tem valor contratado de R$ 315.943,24 e prazo de 90 dias para conclus\u00e3o, embora a gest\u00e3o municipal busque antecipar a entrega. A estrutura contar\u00e1 com alojamentos e garagem para ambul\u00e2ncias, com parte da \u00e1rea de limpeza sendo compartilhada com os bombeiros. Durante as obras, o servi\u00e7o continua funcionando em base provis\u00f3ria, com duas ambul\u00e2ncias. (Clarim.Net \u2013 Arax\u00e1)<\/span><br \/><span><a href=\"https:\/\/clarim.net.br\/prefeitura-de-araxa-inicia-construcao-da-sede-propria-do-samu\/\">https:\/\/clarim.net.br\/prefeitura-de-araxa-inicia-construcao-da-sede-propria-do-samu\/<\/a><\/span><\/p>\n<p><strong><span>Lafaiete em campanha dos Her\u00f3is Solid\u00e1rios<\/span><\/strong><br \/><span>A campanha Material Escolar Solid\u00e1rio 2025, organizada pelo grupo Her\u00f3is Solid\u00e1rios em Conselheiro Lafaiete, arrecadou 150 kits escolares para crian\u00e7as em situa\u00e7\u00e3o de vulnerabilidade, com o apoio de volunt\u00e1rios, empresas e a comunidade local. Com o lema \u201cLevar esperan\u00e7a tamb\u00e9m \u00e9 um ato de amor\u201d, a iniciativa contou com postos de coleta em diversos pontos da cidade e recebeu ampla divulga\u00e7\u00e3o por ve\u00edculos de comunica\u00e7\u00e3o e institui\u00e7\u00f5es parceiras. Para os idealizadores, mais do que doar materiais, a campanha representa um gesto de incentivo, dignidade e aposta na educa\u00e7\u00e3o como caminho para um futuro melhor. (Jornal Correio da Cidade \u2013 Lafaiete)<\/span><br \/><span><a href=\"https:\/\/jornalcorreiodacidade.com.br\/noticias\/41488-lafaiete-campanha-dos-herois-solidarios-arrecada-150-kits-escolares-para-criancas\">https:\/\/jornalcorreiodacidade.com.br\/noticias\/41488-lafaiete-campanha-dos-herois-solidarios-arrecada-150-kits-escolares-para-criancas<\/a><\/span><\/p>\n<p><strong><span>Rede Hilton anuncia hotel na Canastra<\/span><\/strong><br \/><span>A Hilton anunciou nesta segunda-feira, 6, a assinatura de um novo acordo com a Atlantica Hospitality International e a UTG Engenharia para a constru\u00e7\u00e3o do DoubleTree by Hilton Serra da Canastra, com inaugura\u00e7\u00e3o prevista para o segundo semestre de 2028. Localizado em S\u00e3o Jo\u00e3o Batista do Gl\u00f3ria, na divisa com Capit\u00f3lio (MG), o hotel ser\u00e1 o mais novo empreendimento da marca no Brasil, oferecendo estrutura completa de lazer e acesso exclusivo ao Lago de Furnas. No m\u00eas passado outro complexo hoteleiro foi anunciado para a regi\u00e3o, no munic\u00edpio de C\u00e1ssia. (Observo \u2013 Passos)<\/span><br \/><span><a href=\"https:\/\/www.observo.com.br\/lago-e-serra-da-canastra-ganhara-novo-hotel-doubletree-by-hilton-em-2028\">https:\/\/www.observo.com.br\/lago-e-serra-da-canastra-ganhara-novo-hotel-doubletree-by-hilton-em-2028<\/a><\/span><\/p>\n<p><strong><span>Jequitinhonha debate o SUS<\/span><\/strong><br \/><span>A estrutura\u00e7\u00e3o dos componentes municipais de auditoria no Sistema \u00danico de Sa\u00fade (SUS) foi o tema de destaque da reuni\u00e3o da Comiss\u00e3o Intergestores Bipartite (CIB) da macrorregi\u00e3o de Sa\u00fade Jequitinhonha, realizada na ter\u00e7a-feira, 29, no audit\u00f3rio da Superintend\u00eancia Regional de Sa\u00fade (SRS) de Diamantina. O encontro re\u00fane mensalmente gestores de sa\u00fade dos 31 munic\u00edpios do territ\u00f3rio e representantes da regional de sa\u00fade, com o objetivo de pactuar decis\u00f5es sobre a organiza\u00e7\u00e3o, financiamento e execu\u00e7\u00e3o das a\u00e7\u00f5es e servi\u00e7os do SUS na regi\u00e3o.(Di\u00e1rio Tribuna \u2013 Te\u00f3filo Otoni)<\/span><br \/><span><a href=\"https:\/\/diariotribuna.com.br\/?p=29729\">https:\/\/diariotribuna.com.br\/?p=29729<\/a><\/span><\/p>\n<p><strong><span>Anglo anuncia apoio para projetos<\/span><\/strong><br \/><span>A AngloGold Ashanti, uma das maiores produtoras de ouro do Brasil, reafirma seu compromisso com a cultura ao investir R$ 1,6 milh\u00e3o em novos projetos em parceria com a Orquestra Ouro Preto em 2025. A hist\u00f3rica parceria entre as institui\u00e7\u00f5es, que j\u00e1 rendeu encontros art\u00edsticos memor\u00e1veis, traz uma programa\u00e7\u00e3o vibrante e diversa para o p\u00fablico mineiro neste novo ciclo, com destaque para tr\u00eas grandes projetos: o show de Carlinhos Brown no Pal\u00e1cio das Artes em Belo Horizonte, a apresenta\u00e7\u00e3o de Lendas do Rock em Sabar\u00e1 e Caet\u00e9, e a in\u00e9dita colabora\u00e7\u00e3o com o DJ Kvsh em Nova Lima. (Opini\u00e3o \u2013 Caet\u00e9)<\/span><br \/><span><a href=\"https:\/\/www.opiniaocaete.com.br\/orquestra-ouro-preto-e-anglogold-ashanti-anunciam-novos-projetos-culturais-para-2025\/\">https:\/\/www.opiniaocaete.com.br\/orquestra-ouro-preto-e-anglogold-ashanti-anunciam-novos-projetos-culturais-para-2025\/<\/a><\/span><\/p>\n<p><span><\/span><\/p>\n<p>\u00a0<\/p>","protected":false},"excerpt":{"rendered":"<p>Foto: Celso Ribeiro\/Arquivo Di\u00e1rio COLUNA MGPrincipais destaques dos jornais e portais integrantes da rede Sindijori MG www.sindijorimg.com.br Alugu\u00e9is sobem 8,50% em Uberl\u00e2ndiaOs pre\u00e7os dos alugu\u00e9is residenciais registraram uma alta de 8,50% nos \u00faltimos 12 meses em Uberl\u00e2ndia, segundo dados do \u00cdndice Geral de Pre\u00e7os &#8211; Mercado (IGP-M). O valor est\u00e1 acima da infla\u00e7\u00e3o oficial acumulada [&hellip;]<\/p>\n","protected":false},"author":0,"featured_media":29738,"comment_status":"open","ping_status":"open","sticky":false,"template":"","format":"standard","meta":{"rop_custom_images_group":[],"rop_custom_messages_group":[],"rop_publish_now":"initial","rop_publish_now_accounts":[],"rop_publish_now_history":[],"rop_publish_now_status":"pending","footnotes":""},"categories":[6745],"tags":[],"class_list":["post-29737","post","type-post","status-publish","format-standard","has-post-thumbnail","hentry","category-coluna-sindijori"],"_links":{"self":[{"href":"https:\/\/diariotribuna.com.br\/index.php?rest_route=\/wp\/v2\/posts\/29737"}],"collection":[{"href":"https:\/\/diariotribuna.com.br\/index.php?rest_route=\/wp\/v2\/posts"}],"about":[{"href":"https:\/\/diariotribuna.com.br\/index.php?rest_route=\/wp\/v2\/types\/post"}],"replies":[{"embeddable":true,"href":"https:\/\/diariotribuna.com.br\/index.php?rest_route=%2Fwp%2Fv2%2Fcomments&post=29737"}],"version-history":[{"count":0,"href":"https:\/\/diariotribuna.com.br\/index.php?rest_route=\/wp\/v2\/posts\/29737\/revisions"}],"wp:featuredmedia":[{"embeddable":true,"href":"https:\/\/diariotribuna.com.br\/index.php?rest_route=\/wp\/v2\/media\/29738"}],"wp:attachment":[{"href":"https:\/\/diariotribuna.com.br\/index.php?rest_route=%2Fwp%2Fv2%2Fmedia&parent=29737"}],"wp:term":[{"taxonomy":"category","embeddable":true,"href":"https:\/\/diariotribuna.com.br\/index.php?rest_route=%2Fwp%2Fv2%2Fcategories&post=29737"},{"taxonomy":"post_tag","embeddable":true,"href":"https:\/\/diariotribuna.com.br\/index.php?rest_route=%2Fwp%2Fv2%2Ftags&post=29737"}],"curies":[{"name":"wp","href":"https:\/\/api.w.org\/{rel}","templated":true}]}}