{"id":29744,"date":"2025-05-08T14:26:45","date_gmt":"2025-05-08T17:26:45","guid":{"rendered":"https:\/\/diariotribuna.com.br\/?p=29744"},"modified":"2025-05-08T14:26:47","modified_gmt":"2025-05-08T17:26:47","slug":"foragido-da-justica-e-preso-em-operacao-da-pm-ambiental-do-vale-do-jequitinhonha","status":"publish","type":"post","link":"https:\/\/diariotribuna.com.br\/?p=29744","title":{"rendered":"Foragido da justi\u00e7a \u00e9 preso em opera\u00e7\u00e3o da PM Ambiental do Vale do Jequitinhonha"},"content":{"rendered":"\n<figure class=\"wp-block-image size-full is-resized\"><img loading=\"lazy\" decoding=\"async\" width=\"700\" height=\"430\" src=\"https:\/\/diariotribuna.com.br\/wp-content\/uploads\/2025\/05\/Imagem-do-WhatsApp-de-2025-05-07-as-13.26.11_ca6dd5e9.jpg\" alt=\"\" class=\"wp-image-29745\" style=\"width:483px;height:auto\" srcset=\"https:\/\/diariotribuna.com.br\/wp-content\/uploads\/2025\/05\/Imagem-do-WhatsApp-de-2025-05-07-as-13.26.11_ca6dd5e9.jpg 700w, https:\/\/diariotribuna.com.br\/wp-content\/uploads\/2025\/05\/Imagem-do-WhatsApp-de-2025-05-07-as-13.26.11_ca6dd5e9-300x184.jpg 300w, https:\/\/diariotribuna.com.br\/wp-content\/uploads\/2025\/05\/Imagem-do-WhatsApp-de-2025-05-07-as-13.26.11_ca6dd5e9-356x220.jpg 356w, https:\/\/diariotribuna.com.br\/wp-content\/uploads\/2025\/05\/Imagem-do-WhatsApp-de-2025-05-07-as-13.26.11_ca6dd5e9-696x428.jpg 696w, https:\/\/diariotribuna.com.br\/wp-content\/uploads\/2025\/05\/Imagem-do-WhatsApp-de-2025-05-07-as-13.26.11_ca6dd5e9-684x420.jpg 684w\" sizes=\"(max-width: 700px) 100vw, 700px\" \/><\/figure>\n\n\n\n<p><strong>ALMENARA<\/strong> &#8211; A Pol\u00edcia Militar de Meio Ambiente realizou uma opera\u00e7\u00e3o na manh\u00e3 de quarta-feira, 7 de maio, no Vale do Jequitinhonha e, ap\u00f3s consulta ao sistema informatizado, os militares constataram que havia um mandado de pris\u00e3o em aberto contra um homem, referente a um processo oriundo da 1\u00aa Vara C\u00edvel, Criminal e de Execu\u00e7\u00f5es Penais da Comarca de Almenara \u2013 TJMG, pelo crime de estupro de vulner\u00e1vel.<\/p>\n\n\n\n<p>A equipe foi informada por meio do servi\u00e7o de intelig\u00eancia do comando de policiamento especializado. O foragido foi localizado e preso, sendo conduzido \u00e0 delegacia de pol\u00edcia judici\u00e1ria de Almenara. <strong>Equipe 1:<\/strong> comando 5\u00ba Pelot\u00e3o, tenente Heberth Dias e sargento Colares. <strong>Equipe 2:<\/strong> sargentos Avilmar, Martins e Adaelson. (Informa\u00e7\u00f5es\/Foto: tenente Heberth Dias, comandante da Pol\u00edcia Militar de Meio Ambiente do Vale do Jequitinhonha).<\/p>\n","protected":false},"excerpt":{"rendered":"<p>ALMENARA &#8211; A Pol\u00edcia Militar de Meio Ambiente realizou uma opera\u00e7\u00e3o na manh\u00e3 de quarta-feira, 7 de maio, no Vale do Jequitinhonha e, ap\u00f3s consulta ao sistema informatizado, os militares constataram que havia um mandado de pris\u00e3o em aberto contra um homem, referente a um processo oriundo da 1\u00aa Vara C\u00edvel, Criminal e de Execu\u00e7\u00f5es [&hellip;]<\/p>\n","protected":false},"author":1,"featured_media":29745,"comment_status":"open","ping_status":"open","sticky":false,"template":"","format":"standard","meta":{"rop_custom_images_group":[],"rop_custom_messages_group":[],"rop_publish_now":"initial","rop_publish_now_accounts":[],"rop_publish_now_history":[],"rop_publish_now_status":"pending","footnotes":""},"categories":[25,17,23],"tags":[110,4410,989,6459],"class_list":["post-29744","post","type-post","status-publish","format-standard","has-post-thumbnail","hentry","category-destaque","category-teofilootoni","category-ultimaedicao","tag-almenara","tag-captura","tag-foragido-da-justica","tag-pm-meio-ambiente"],"_links":{"self":[{"href":"https:\/\/diariotribuna.com.br\/index.php?rest_route=\/wp\/v2\/posts\/29744"}],"collection":[{"href":"https:\/\/diariotribuna.com.br\/index.php?rest_route=\/wp\/v2\/posts"}],"about":[{"href":"https:\/\/diariotribuna.com.br\/index.php?rest_route=\/wp\/v2\/types\/post"}],"author":[{"embeddable":true,"href":"https:\/\/diariotribuna.com.br\/index.php?rest_route=\/wp\/v2\/users\/1"}],"replies":[{"embeddable":true,"href":"https:\/\/diariotribuna.com.br\/index.php?rest_route=%2Fwp%2Fv2%2Fcomments&post=29744"}],"version-history":[{"count":1,"href":"https:\/\/diariotribuna.com.br\/index.php?rest_route=\/wp\/v2\/posts\/29744\/revisions"}],"predecessor-version":[{"id":29746,"href":"https:\/\/diariotribuna.com.br\/index.php?rest_route=\/wp\/v2\/posts\/29744\/revisions\/29746"}],"wp:featuredmedia":[{"embeddable":true,"href":"https:\/\/diariotribuna.com.br\/index.php?rest_route=\/wp\/v2\/media\/29745"}],"wp:attachment":[{"href":"https:\/\/diariotribuna.com.br\/index.php?rest_route=%2Fwp%2Fv2%2Fmedia&parent=29744"}],"wp:term":[{"taxonomy":"category","embeddable":true,"href":"https:\/\/diariotribuna.com.br\/index.php?rest_route=%2Fwp%2Fv2%2Fcategories&post=29744"},{"taxonomy":"post_tag","embeddable":true,"href":"https:\/\/diariotribuna.com.br\/index.php?rest_route=%2Fwp%2Fv2%2Ftags&post=29744"}],"curies":[{"name":"wp","href":"https:\/\/api.w.org\/{rel}","templated":true}]}}