{"id":29747,"date":"2025-05-08T16:42:27","date_gmt":"2025-05-08T19:42:27","guid":{"rendered":"https:\/\/diariotribuna.com.br\/?p=29747"},"modified":"2025-05-08T16:42:27","modified_gmt":"2025-05-08T19:42:27","slug":"sistema-faemg-senar-promove-cafes-mineiros","status":"publish","type":"post","link":"https:\/\/diariotribuna.com.br\/?p=29747","title":{"rendered":"Sistema Faemg Senar promove caf\u00e9s mineiros\u00a0"},"content":{"rendered":"<p class=\"MsoNormal\"><span>FAEMG SENAR | Divulga\u00e7\u00e3o<\/span><\/p>\n<p><span><\/span><\/p>\n<p>Na <strong>Fazenda Borela Espeschit<\/strong>, em <strong>Manhua\u00e7u (MG)<\/strong>, tradi\u00e7\u00e3o e sustentabilidade se encontram na produ\u00e7\u00e3o do <strong>Caff\u00e8 di Borela<\/strong>. O engenheiro ambiental e mestre pela Universidade Federal de Minas Gerais, <strong>Guilherme Espeschit<\/strong>, resgatou a cafeicultura iniciada por seu bisav\u00f4 e interrompida por uma d\u00e9cada.<br \/><strong>\u201cDepois da formatura, apresentei uma proposta \u00e0 minha fam\u00edlia para produzir caf\u00e9 de maneira org\u00e2nica e regenerativa\u201d<\/strong>, conta.<\/p>\n<p>A nova lavoura foi iniciada em <strong>2021<\/strong>, com o plantio de <strong>13 hectares<\/strong>. Nesse processo, a fam\u00edlia contou com o apoio do programa de <strong>Assist\u00eancia T\u00e9cnica e Gerencial \u2013 ATeG Caf\u00e9+Forte<\/strong>, do <strong>Sistema Faemg Senar<\/strong>.<br \/><strong>\u201cEsse acompanhamento colaborou muito para a concretiza\u00e7\u00e3o do nosso projeto, com qualidade\u201d<\/strong>, destaca Guilherme.<\/p>\n<p>O trabalho j\u00e1 rendeu <strong>frutos campe\u00f5es<\/strong>: o caf\u00e9 foi o <strong>2\u00ba colocado na Regi\u00e3o das Montanhas de Minas<\/strong> no <strong>Cupping<\/strong> do programa ATeG Caf\u00e9+Forte. A premia\u00e7\u00e3o aconteceu durante a <strong>Semana Internacional do Caf\u00e9 (SIC)<\/strong>, uma das maiores feiras do mundo, realizada anualmente em <strong>Belo Horizonte<\/strong>, e marcou os primeiros contatos de Guilherme com <strong>compradores internacionais<\/strong>.<br \/><strong>\u201cFoi um passo importante para a atividade e uma conquista para a fam\u00edlia\u201d<\/strong>, celebra o jovem produtor, que j\u00e1 realizou sua <strong>primeira exporta\u00e7\u00e3o<\/strong>.<\/p>\n<p>A <strong>t\u00e9cnica de campo do ATeG<\/strong>, J\u00e9ssica do Carmo, destaca que o sucesso veio com <strong>planejamento e abertura para mudan\u00e7as<\/strong>.<br \/><strong>\u201cConstru\u00edmos um manejo de sistema org\u00e2nico, implementamos a coleta seletiva e a mecaniza\u00e7\u00e3o\u201d<\/strong>, explica. Atualmente, a fam\u00edlia foca em <strong>gest\u00e3o eficiente, investimento em cultivares e aprimoramento do p\u00f3s-colheita<\/strong>, com o objetivo de elevar ainda mais o padr\u00e3o sensorial do caf\u00e9 e conquistar novos consumidores.<\/p>\n<p><strong>Homenagem \u00e0 nonna<\/strong><\/p>\n<p>A marca de caf\u00e9 torrado da fam\u00edlia tamb\u00e9m ganhou impulso com a participa\u00e7\u00e3o na SIC. Desde 2024, Guilherme passou a <strong>torrar o caf\u00e9 na pr\u00f3pria fazenda<\/strong> e, este ano, lan\u00e7ou um <strong>site para vendas diretas<\/strong>.<br \/>O nome <strong>Caff\u00e8 di Borela<\/strong> homenageia a av\u00f3, <strong>Graciema Borela Espeschit<\/strong>, de descend\u00eancia italiana.<br \/><strong>\u201cEla reunia a fam\u00edlia \u00e0 mesa com comida maravilhosa, queijos feitos por ela e caf\u00e9s para todos os gostos\u201d<\/strong>, relembra Guilherme, destacando a for\u00e7a e o legado deixado pela av\u00f3.<\/p>\n<p><strong>Meu Caf\u00e9 no Sistema Faemg<\/strong><\/p>\n<p>A iniciativa \u201c<strong>Meu Caf\u00e9 no Sistema Faemg<\/strong>\u201d busca <strong>dar visibilidade e promover o melhor da produ\u00e7\u00e3o mineira<\/strong>, fomentando novas conex\u00f5es. A cada m\u00eas, um caf\u00e9 \u00e9 destacado e apresentado em <strong>degusta\u00e7\u00f5es e encontros institucionais<\/strong> na sede do Sistema Faemg Senar, nos <strong>Escrit\u00f3rios Regionais espalhados pelo estado<\/strong> e em eventos agropecu\u00e1rios de Minas Gerais.<\/p>\n<p>Os caf\u00e9s tamb\u00e9m s\u00e3o promovidos nos <strong>canais de comunica\u00e7\u00e3o e redes sociais<\/strong> do Sistema e de <strong>parceiros comerciais<\/strong>.<\/p>\n\n<p>Neste m\u00eas de <strong>maio<\/strong>, o <strong>Caff\u00e8 di Borela<\/strong> \u00e9 o caf\u00e9 destaque, servido na <strong>sede e nos escrit\u00f3rios do Sistema Faemg Senar em todo o estado<\/strong>.<br \/><strong>\u201c\u00c9 uma honra e uma forma de agradecimento\u201d<\/strong>, diz Guilherme.<br \/><strong>\u201cEspero que todos apreciem o nosso caf\u00e9 saud\u00e1vel, org\u00e2nico, produzido com amor e dedica\u00e7\u00e3o.\u201d<\/strong><\/p>\n<p>\u00a0<\/p>","protected":false},"excerpt":{"rendered":"<p>FAEMG SENAR | Divulga\u00e7\u00e3o Na Fazenda Borela Espeschit, em Manhua\u00e7u (MG), tradi\u00e7\u00e3o e sustentabilidade se encontram na produ\u00e7\u00e3o do Caff\u00e8 di Borela. O engenheiro ambiental e mestre pela Universidade Federal de Minas Gerais, Guilherme Espeschit, resgatou a cafeicultura iniciada por seu bisav\u00f4 e interrompida por uma d\u00e9cada.\u201cDepois da formatura, apresentei uma proposta \u00e0 minha fam\u00edlia [&hellip;]<\/p>\n","protected":false},"author":0,"featured_media":29748,"comment_status":"open","ping_status":"open","sticky":false,"template":"","format":"standard","meta":{"rop_custom_images_group":[],"rop_custom_messages_group":[],"rop_publish_now":"initial","rop_publish_now_accounts":[],"rop_publish_now_history":[],"rop_publish_now_status":"pending","footnotes":""},"categories":[6745],"tags":[],"class_list":["post-29747","post","type-post","status-publish","format-standard","has-post-thumbnail","hentry","category-coluna-sindijori"],"_links":{"self":[{"href":"https:\/\/diariotribuna.com.br\/index.php?rest_route=\/wp\/v2\/posts\/29747"}],"collection":[{"href":"https:\/\/diariotribuna.com.br\/index.php?rest_route=\/wp\/v2\/posts"}],"about":[{"href":"https:\/\/diariotribuna.com.br\/index.php?rest_route=\/wp\/v2\/types\/post"}],"replies":[{"embeddable":true,"href":"https:\/\/diariotribuna.com.br\/index.php?rest_route=%2Fwp%2Fv2%2Fcomments&post=29747"}],"version-history":[{"count":0,"href":"https:\/\/diariotribuna.com.br\/index.php?rest_route=\/wp\/v2\/posts\/29747\/revisions"}],"wp:featuredmedia":[{"embeddable":true,"href":"https:\/\/diariotribuna.com.br\/index.php?rest_route=\/wp\/v2\/media\/29748"}],"wp:attachment":[{"href":"https:\/\/diariotribuna.com.br\/index.php?rest_route=%2Fwp%2Fv2%2Fmedia&parent=29747"}],"wp:term":[{"taxonomy":"category","embeddable":true,"href":"https:\/\/diariotribuna.com.br\/index.php?rest_route=%2Fwp%2Fv2%2Fcategories&post=29747"},{"taxonomy":"post_tag","embeddable":true,"href":"https:\/\/diariotribuna.com.br\/index.php?rest_route=%2Fwp%2Fv2%2Ftags&post=29747"}],"curies":[{"name":"wp","href":"https:\/\/api.w.org\/{rel}","templated":true}]}}