{"id":29750,"date":"2025-05-08T22:03:06","date_gmt":"2025-05-09T01:03:06","guid":{"rendered":"https:\/\/diariotribuna.com.br\/?p=29750"},"modified":"2025-05-12T20:59:57","modified_gmt":"2025-05-12T23:59:57","slug":"leao-xiv-a-aurora-de-um-novo-pontificado-pela-paz-universal","status":"publish","type":"post","link":"https:\/\/diariotribuna.com.br\/?p=29750","title":{"rendered":"Le\u00e3o XIV: A Aurora de um Novo Pontificado pela Paz Universal"},"content":{"rendered":"\n<figure class=\"wp-block-image size-full is-resized\"><img loading=\"lazy\" decoding=\"async\" width=\"700\" height=\"700\" src=\"https:\/\/diariotribuna.com.br\/wp-content\/uploads\/2025\/05\/Imagem-do-WhatsApp-de-2025-04-28-as-23.32.42_9adcdccc.jpg\" alt=\"\" class=\"wp-image-29751\" style=\"width:386px;height:auto\" srcset=\"https:\/\/diariotribuna.com.br\/wp-content\/uploads\/2025\/05\/Imagem-do-WhatsApp-de-2025-04-28-as-23.32.42_9adcdccc.jpg 700w, https:\/\/diariotribuna.com.br\/wp-content\/uploads\/2025\/05\/Imagem-do-WhatsApp-de-2025-04-28-as-23.32.42_9adcdccc-300x300.jpg 300w, https:\/\/diariotribuna.com.br\/wp-content\/uploads\/2025\/05\/Imagem-do-WhatsApp-de-2025-04-28-as-23.32.42_9adcdccc-150x150.jpg 150w, https:\/\/diariotribuna.com.br\/wp-content\/uploads\/2025\/05\/Imagem-do-WhatsApp-de-2025-04-28-as-23.32.42_9adcdccc-696x696.jpg 696w, https:\/\/diariotribuna.com.br\/wp-content\/uploads\/2025\/05\/Imagem-do-WhatsApp-de-2025-04-28-as-23.32.42_9adcdccc-420x420.jpg 420w\" sizes=\"(max-width: 700px) 100vw, 700px\" \/><figcaption class=\"wp-element-caption\"><strong><strong>Por Jeferson Botelho<br>Delegado Geral de Pol\u00edcia \u2013 Aposentado. Prof. de Direito Penal e Processo Penal. Mestre em Ci\u00eancia das Religi\u00f5es pela Faculdade Unida de Vit\u00f3ria\/ES. Especializa\u00e7\u00e3o em Combate \u00e0 corrup\u00e7\u00e3o, antiterrorismo e combate ao crime organizado pela Universidade de Salamanca \u2013 Espanha. Advogado. Autor de livros<\/strong><\/strong><\/figcaption><\/figure>\n\n\n\n<pre class=\"wp-block-verse\" style=\"font-size:15px\"><em>Que a paz n\u00e3o seja apenas um sussurro ret\u00f3rico, mas um brado vivo nas a\u00e7\u00f5es dos homens e nas escolhas das na\u00e7\u00f5es. Que se erga, entre os povos, a sagrada chama da igualdade, dissolvendo as correntes da mis\u00e9ria, calando para sempre o clamor da fome, encerrando o ciclo das guerras. Que a justi\u00e7a social n\u00e3o seja miragem, mas estrada firme trilhada por cora\u00e7\u00f5es valentes. Que a diversidade flores\u00e7a como jardim da humanidade, e a solidariedade seja o la\u00e7o invis\u00edvel que une destinos distintos em um s\u00f3 gesto de amor. Que o humanismo resplande\u00e7a como aurora de uma nova era. E que, por fim, tombem por terra a arrog\u00e2ncia e a hipocrisia, para que o mundo seja digno da luz que ainda h\u00e1 de nascer.<\/em><\/pre>\n\n\n\n<p><strong>RESUMO<\/strong>: A elei\u00e7\u00e3o do Papa Le\u00e3o XIV, o primeiro pont\u00edfice norte-americano e proveniente de um pa\u00eds de maioria protestante, marca um momento hist\u00f3rico na Igreja Cat\u00f3lica. O presente artigo narra os fatos que envolveram sua escolha, tra\u00e7a sua trajet\u00f3ria mission\u00e1ria e analisa criticamente o conte\u00fado do seu primeiro discurso ao mundo, centrado na paz, no amor e na fraternidade. A mensagem inaugural de Le\u00e3o XIV projeta um novo paradigma pastoral, com forte apelo \u00e0 sinodalidade, \u00e0 justi\u00e7a e \u00e0 constru\u00e7\u00e3o de pontes entre povos, religi\u00f5es e culturas.<\/p>\n\n\n\n<p><strong>Palavras-chave:<\/strong> Papa Le\u00e3o XIV; Igreja Cat\u00f3lica; paz; sinodalidade; discurso inaugural; Robert Francis Prevost; di\u00e1logo inter-religioso.<\/p>\n\n\n\n<h2 class=\"wp-block-heading\"><strong>INTRODU\u00c7\u00c3O<\/strong><\/h2>\n\n\n\n<p>No dia 08 de maio de 2025, \u00e0s 13h07, os olhos do mundo se voltaram para o c\u00e9u da Cidade do Vaticano. A fuma\u00e7a branca elevou-se da Capela Sistina, simbolizando a elei\u00e7\u00e3o do novo pont\u00edfice: Robert Francis Prevost, agora Papa Le\u00e3o XIV. Com 69 anos, nascido em Chicago (EUA), ele entra para a hist\u00f3ria como o primeiro papa oriundo de um pa\u00eds de maioria protestante. Sua elei\u00e7\u00e3o representa mais que uma escolha religiosa \u2014 \u00e9 um gesto emblem\u00e1tico de universalidade, reconcilia\u00e7\u00e3o e abertura da Igreja Cat\u00f3lica.<\/p>\n\n\n\n<p>Sua trajet\u00f3ria espiritual, marcada por humildade, compromisso mission\u00e1rio e profunda atua\u00e7\u00e3o na Am\u00e9rica Latina, especialmente no Peru, moldou um pastor sens\u00edvel \u00e0s dores sociais e \u00e0 constru\u00e7\u00e3o de pontes entre diferentes povos. Seu discurso inaugural ecoou com pot\u00eancia prof\u00e9tica ao clamar por uma paz desarmada e acolhedora, chamando todos \u00e0 unidade e ao testemunho evang\u00e9lico.<\/p>\n\n\n\n<h2 class=\"wp-block-heading\"><strong>BASE CR\u00cdTICA<\/strong><\/h2>\n\n\n\n<p>O discurso inaugural de Le\u00e3o XIV constitui um marco teol\u00f3gico e pastoral. Inspirado na sauda\u00e7\u00e3o do Cristo Ressuscitado \u2014 \u201cA paz esteja convosco\u201d \u2014, o novo papa assume o pontificado com uma proposta centrada na miseric\u00f3rdia, na escuta e no caminhar conjunto. Suas palavras recuperam a teologia do encontro, t\u00e3o cara ao Conc\u00edlio Vaticano II e reafirmada por seus antecessores, sobretudo Jo\u00e3o XXIII, Jo\u00e3o Paulo II e Francisco.<\/p>\n\n\n\n<p>H\u00e1 um claro apelo \u00e0 sinodalidade \u2014 palavra-chave do atual momento eclesial \u2014, entendida como caminhar juntos, com escuta m\u00fatua e corresponsabilidade. O novo papa refor\u00e7a a necessidade de uma Igreja pr\u00f3xima, mission\u00e1ria, que se debru\u00e7a sobre os que sofrem, promovendo a caridade como caminho aut\u00eantico da f\u00e9.<\/p>\n\n\n\n<p>Agradecendo ao papa Francisco e evocando Santo Agostinho \u2014 \u201ccom voc\u00eas sou crist\u00e3o, para voc\u00eas sou bispo\u201d \u2014, Le\u00e3o XIV revela-se herdeiro de uma tradi\u00e7\u00e3o que valoriza o servi\u00e7o pastoral em detrimento de qualquer triunfalismo clerical. Sua fala convoca todos os fi\u00e9is a serem construtores de pontes, valorizando o di\u00e1logo inter-religioso e cultural como forma de supera\u00e7\u00e3o das divis\u00f5es que corroem a humanidade.<\/p>\n\n\n\n<p>Ao dirigir-se \u00e0 sua amada diocese de Chiclayo, no Peru, Papa Le\u00e3o XIV n\u00e3o apenas honra suas ra\u00edzes mission\u00e1rias, mas projeta um pontificado que nasce do Sul global, mesmo sendo de origem norte-americana \u2014 um s\u00edmbolo poderoso da unidade na diversidade e do interc\u00e2mbio entre culturas e continentes.<\/p>\n\n\n\n<h2 class=\"wp-block-heading\"><strong>CONCLUS\u00c3O<\/strong><\/h2>\n\n\n\n<p>Ergue-se no horizonte espiritual da humanidade um novo tempo: o tempo de Le\u00e3o XIV, o Papa das Pontes. Sua voz, serena e firme, rompeu o sil\u00eancio da Pra\u00e7a de S\u00e3o Pedro com uma sauda\u00e7\u00e3o ancestral: \u201cA paz esteja convosco!\u201d \u2014 n\u00e3o como mero cumprimento, mas como grito escatol\u00f3gico que clama pela uni\u00e3o dos povos, pelo fim das guerras, pelo retorno ao Evangelho da ternura.<\/p>\n\n\n\n<p>Sua mensagem, entrela\u00e7ada com a m\u00edstica de Maria, com a mem\u00f3ria do papa Francisco e com o vigor da tradi\u00e7\u00e3o agostiniana, representa uma convoca\u00e7\u00e3o \u00e0 reconstru\u00e7\u00e3o espiritual do mundo. Le\u00e3o XIV n\u00e3o inaugura apenas um pontificado, mas ergue, com palavras e gestos, uma ponte entre o c\u00e9u e a terra, entre o passado da f\u00e9 e o futuro da esperan\u00e7a.<\/p>\n\n\n\n<p>Que seu primeiro gesto como Sucessor de Pedro, ao invocar a intercess\u00e3o da Virgem de Pompeia e chamar o mundo \u00e0 ora\u00e7\u00e3o e \u00e0 paz, seja a semente fecunda de um tempo novo. Um tempo em que, como diz o pr\u00f3prio papa, \u201co mal n\u00e3o prevalecer\u00e1\u201d, pois estamos todos nas m\u00e3os de Deus. Que assim se cumpra o Evangelho da paz, onde quer que a humanidade caminhe.<\/p>\n\n\n\n<h2 class=\"wp-block-heading\"><strong>REFER\u00caNCIAS BIBLIOGR\u00c1FICAS<\/strong><\/h2>\n\n\n\n<p>AGOSTINHO, Santo. Confiss\u00f5es. S\u00e3o Paulo: Paulus, 2015.<\/p>\n\n\n\n<p>BEOZZO, Jos\u00e9 Oscar. A Igreja entre a modernidade e a globaliza\u00e7\u00e3o. Petr\u00f3polis: Vozes, 2001.<\/p>\n\n\n\n<p>BRASIL. O presente texto passou por ajustes estruturais e terminol\u00f3gicos para fins de adequa\u00e7\u00e3o t\u00e9cnica e argumentativa. Fonte: ChatGPT. Acesso em 08 de maio de 2025;<\/p>\n\n\n\n<p>CONC\u00cdLIO VATICANO II. Constitui\u00e7\u00e3o Dogm\u00e1tica Lumen Gentium. Vaticano, 1964.<\/p>\n\n\n\n<p>FRANCISCO, Papa. Evangelii Gaudium: Exorta\u00e7\u00e3o Apost\u00f3lica sobre o an\u00fancio do Evangelho no mundo atual. Vaticano: Tipografia Vaticana, 2013.<\/p>\n\n\n\n<p>TEIXEIRA, Faustino. Di\u00e1logo Inter-religioso: perspectivas e desafios. S\u00e3o Paulo: Paulinas, 2012.<\/p>\n\n\n\n<p>VATICANO. Discurso inaugural do Papa Le\u00e3o XIV. Pra\u00e7a de S\u00e3o Pedro, 08 de maio de 2025. Dispon\u00edvel em: https:\/\/www.vatican.va<\/p>\n","protected":false},"excerpt":{"rendered":"<p>Que a paz n\u00e3o seja apenas um sussurro ret\u00f3rico, mas um brado vivo nas a\u00e7\u00f5es dos homens e nas escolhas das na\u00e7\u00f5es. Que se erga, entre os povos, a sagrada chama da igualdade, dissolvendo as correntes da mis\u00e9ria, calando para sempre o clamor da fome, encerrando o ciclo das guerras. Que a justi\u00e7a social n\u00e3o [&hellip;]<\/p>\n","protected":false},"author":1,"featured_media":29751,"comment_status":"open","ping_status":"open","sticky":false,"template":"","format":"standard","meta":{"rop_custom_images_group":[],"rop_custom_messages_group":[],"rop_publish_now":"initial","rop_publish_now_accounts":[],"rop_publish_now_history":[],"rop_publish_now_status":"pending","footnotes":""},"categories":[24],"tags":[7142,7141,7143],"class_list":["post-29750","post","type-post","status-publish","format-standard","has-post-thumbnail","hentry","category-opiniao","tag-leao-xiv","tag-novo-papa","tag-novo-pontificado"],"_links":{"self":[{"href":"https:\/\/diariotribuna.com.br\/index.php?rest_route=\/wp\/v2\/posts\/29750"}],"collection":[{"href":"https:\/\/diariotribuna.com.br\/index.php?rest_route=\/wp\/v2\/posts"}],"about":[{"href":"https:\/\/diariotribuna.com.br\/index.php?rest_route=\/wp\/v2\/types\/post"}],"author":[{"embeddable":true,"href":"https:\/\/diariotribuna.com.br\/index.php?rest_route=\/wp\/v2\/users\/1"}],"replies":[{"embeddable":true,"href":"https:\/\/diariotribuna.com.br\/index.php?rest_route=%2Fwp%2Fv2%2Fcomments&post=29750"}],"version-history":[{"count":1,"href":"https:\/\/diariotribuna.com.br\/index.php?rest_route=\/wp\/v2\/posts\/29750\/revisions"}],"predecessor-version":[{"id":29752,"href":"https:\/\/diariotribuna.com.br\/index.php?rest_route=\/wp\/v2\/posts\/29750\/revisions\/29752"}],"wp:featuredmedia":[{"embeddable":true,"href":"https:\/\/diariotribuna.com.br\/index.php?rest_route=\/wp\/v2\/media\/29751"}],"wp:attachment":[{"href":"https:\/\/diariotribuna.com.br\/index.php?rest_route=%2Fwp%2Fv2%2Fmedia&parent=29750"}],"wp:term":[{"taxonomy":"category","embeddable":true,"href":"https:\/\/diariotribuna.com.br\/index.php?rest_route=%2Fwp%2Fv2%2Fcategories&post=29750"},{"taxonomy":"post_tag","embeddable":true,"href":"https:\/\/diariotribuna.com.br\/index.php?rest_route=%2Fwp%2Fv2%2Ftags&post=29750"}],"curies":[{"name":"wp","href":"https:\/\/api.w.org\/{rel}","templated":true}]}}