{"id":29753,"date":"2025-05-08T22:47:54","date_gmt":"2025-05-09T01:47:54","guid":{"rendered":"https:\/\/diariotribuna.com.br\/?p=29753"},"modified":"2025-05-10T23:45:40","modified_gmt":"2025-05-11T02:45:40","slug":"habemus-papam-cardeal-robert-francis-prevost-e-eleito-o-267o-pontifice-da-igreja-catolica-apostolica-romana","status":"publish","type":"post","link":"https:\/\/diariotribuna.com.br\/?p=29753","title":{"rendered":"Habemus Papam: cardeal Robert Francis Prevost \u00e9 eleito o 267\u00ba Pont\u00edfice da Igreja Cat\u00f3lica Apost\u00f3lica Romana"},"content":{"rendered":"\n<figure class=\"wp-block-image size-full is-resized\"><img loading=\"lazy\" decoding=\"async\" width=\"700\" height=\"369\" src=\"https:\/\/diariotribuna.com.br\/wp-content\/uploads\/2025\/05\/PAPA-PORTAL.png\" alt=\"\" class=\"wp-image-29754\" style=\"width:521px;height:auto\" srcset=\"https:\/\/diariotribuna.com.br\/wp-content\/uploads\/2025\/05\/PAPA-PORTAL.png 700w, https:\/\/diariotribuna.com.br\/wp-content\/uploads\/2025\/05\/PAPA-PORTAL-300x158.png 300w, https:\/\/diariotribuna.com.br\/wp-content\/uploads\/2025\/05\/PAPA-PORTAL-696x367.png 696w\" sizes=\"(max-width: 700px) 100vw, 700px\" \/><\/figure>\n\n\n\n<p>Os cardeais reunidos no Conclave para a elei\u00e7\u00e3o do Sumo Pont\u00edfice escolheram <strong>o novo Papa da Igreja Cat\u00f3lica no quarto escrut\u00ednio do Conclave<\/strong>. Por volta de 13h10 (no hor\u00e1rio de Bras\u00edlia) desta quinta-feira, 8 de maio, a fuma\u00e7a branca apareceu na chamin\u00e9 da Capela Sistina. <strong>Robert Francis Prevost, de 69 anos<\/strong>, religioso agostiniano, foi eleito sucessor de Pedro, o Papa de n\u00famero 267. Ele escolheu como nome Le\u00e3o XIV.<\/p>\n\n\n\n<p>Emocionado e ap\u00f3s um longo sil\u00eancio, contemplando a Pra\u00e7a S\u00e3o Pedro repleta de fi\u00e9is, o Papa Le\u00e3o XIV saudou todo o mundo com a primeira sauda\u00e7\u00e3o de Jesus ressuscitado aos seus disc\u00edpulos: \u201ca paz esteja convosco\u201d. Ressaltando o desejo pela paz em v\u00e1rias ocasi\u00f5es, o novo Papa salientou que \u201cDeus ama a todos\u201d e que \u201co mau n\u00e3o prevalecer\u00e1\u201d, convidando os disc\u00edpulos de Cristo a seguirem adiantes unidos, como uma Igreja que constr\u00f3i pontes por meio do di\u00e1logo.<\/p>\n\n\n\n<h3 class=\"wp-block-heading\"><strong>ROBERT FRANCIS PREVOST, O.S.A \u2013 LEAO XIV<\/strong><\/h3>\n\n\n<div class=\"wp-block-image\">\n<figure class=\"alignleft is-resized\"><img decoding=\"async\" src=\"https:\/\/www.cnbb.org.br\/wp-content\/uploads\/2025\/05\/Papa-Leao-XIV-Vatican-Media-1.jpeg\" alt=\"\" class=\"wp-image-981635\" style=\"width:222px;height:auto\" \/><\/figure><\/div>\n\n\n<p>O cardeal Robert Francis Prevost, O.S.A., \u00e9 o atual prefeito do Dicast\u00e9rio para os Bispos e presidente da Pontif\u00edcia Comiss\u00e3o para a Am\u00e9rica Latina. Nascido em 14 de setembro de 1955 em Chicago, Illinois (Estados Unidos), ingressou no noviciado da Ordem de Santo Agostinho (O.S.A.) em 1977, na prov\u00edncia de Nossa Senhora do Bom Conselho, em Saint Louis. Em 29 de agosto de 1981, professou seus votos solenes. Estudou Teologia na Catholic Theological Union de Chicago.<\/p>\n\n\n\n<p>Aos 27 anos, foi enviado pela Ordem a Roma para cursar direito can\u00f4nico na Pontif\u00edcia Universidade de Santo Tom\u00e1s de Aquino (Angelicum), recebendo a ordena\u00e7\u00e3o sacerdotal em 19 de junho de 1982. Concluiu sua licenciatura em 1984 e, entre 1985 e 1986, atuou na miss\u00e3o de Chulucanas, em Piura, no Peru. Em 1987, obteve o doutorado com a tese \u201cO papel do prior local na Ordem de Santo Agostinho\u201d.<\/p>\n\n\n\n<p>Ainda em 1987, foi nomeado diretor de voca\u00e7\u00f5es e das miss\u00f5es da prov\u00edncia agostiniana \u201cM\u00e3e do Bom Conselho\u201d, em Olympia Fields, Illinois. No ano seguinte, foi enviado \u00e0 miss\u00e3o de Trujillo, Peru, onde liderou o projeto de forma\u00e7\u00e3o conjunta dos aspirantes agostinianos dos vicariatos de Chulucanas, Iquitos e Apur\u00edmac. L\u00e1 exerceu fun\u00e7\u00f5es como prior da comunidade (1988-1992), diretor de forma\u00e7\u00e3o (1988-1998) e formador dos professos (1992-1998). Tamb\u00e9m foi vig\u00e1rio judicial da arquidiocese de Trujillo (1989-1998) e professor de direito can\u00f4nico, patr\u00edstica e moral no Semin\u00e1rio Maior \u201cSan Carlos e San Marcelo\u201d.<\/p>\n\n\n\n<p>Em 1999, foi eleito prior provincial da prov\u00edncia \u201cM\u00e3e do Bom Conselho\u201d, em Chicago. Ap\u00f3s dois anos e meio, foi eleito prior geral da Ordem de Santo Agostinho, cargo que ocupou por dois mandatos consecutivos at\u00e9 2013.<\/p>\n\n\n\n<p>Retornando \u00e0 sua prov\u00edncia em Chicago, passou a atuar como formador e vig\u00e1rio provincial at\u00e9 3 de novembro de 2014, quando o Papa Francisco o nomeou administrador apost\u00f3lico da diocese de Chiclayo, no Peru, conferindo-lhe a dignidade episcopal e designando-o para a s\u00e9 titular de Sufar. Tomou posse can\u00f4nica da diocese em 7 de novembro de 2014, e foi ordenado bispo em 12 de dezembro do mesmo ano, festa de Nossa Senhora de Guadalupe. Tornou-se bispo de Chiclayo em 26 de novembro de 2015. Em mar\u00e7o de 2018, foi eleito segundo vice-presidente da Confer\u00eancia Episcopal Peruana.<\/p>\n\n\n\n<p>Em 2019, foi nomeado membro da Congrega\u00e7\u00e3o para o Clero, e, em 2020, da Congrega\u00e7\u00e3o para os Bispos. Em 15 de abril de 2020, foi designado administrador apost\u00f3lico da diocese de Callao.<\/p>\n\n\n<div class=\"wp-block-image\">\n<figure class=\"alignleft is-resized\"><img decoding=\"async\" src=\"https:\/\/press.vatican.va\/content\/salastampa\/it\/documentation\/cardinali_biografie\/cardinali_bio_prevost_rf\/_jcr_content\/parsys\/textimage\/image.img.jpg\/1746269651956.jpg\" alt=\"PREVOST\" style=\"width:151px;height:auto\" \/><\/figure><\/div>\n\n\n<p>Em 30 de janeiro de 2023, o Papa Francisco o nomeou prefeito do Dicast\u00e9rio para os Bispos e presidente da Pontif\u00edcia Comiss\u00e3o para a Am\u00e9rica Latina. Foi criado cardeal pelo Papa Francisco no consist\u00f3rio de 30 de setembro de 2023, recebendo o t\u00edtulo da diaconia de Santa M\u00f4nica.<\/p>\n\n\n\n<p><strong>Atualmente, \u00e9 membro dos seguintes dicast\u00e9rios e organismos da C\u00faria Romana:<\/strong><\/p>\n\n\n\n<ul class=\"wp-block-list\">\n<li>Dicast\u00e9rio para a Evangeliza\u00e7\u00e3o (Se\u00e7\u00e3o para a primeira evangeliza\u00e7\u00e3o e as novas Igrejas particulares)<\/li>\n\n\n\n<li>Dicast\u00e9rio para a Doutrina da F\u00e9<\/li>\n\n\n\n<li>Dicast\u00e9rio para as Igrejas Orientais<\/li>\n\n\n\n<li>Dicast\u00e9rio para o Clero<\/li>\n\n\n\n<li>Dicast\u00e9rio para os Institutos de Vida Consagrada e as Sociedades de Vida Apost\u00f3lica<\/li>\n\n\n\n<li>Dicast\u00e9rio para a Cultura e a Educa\u00e7\u00e3o<\/li>\n\n\n\n<li>Dicast\u00e9rio para os Textos Legislativos<\/li>\n\n\n\n<li>Comiss\u00e3o Pontif\u00edcia para o Estado da Cidade do Vaticano<\/li>\n<\/ul>\n\n\n\n<p>Neste ano, o ent\u00e3o cardeal Prevost estava confirmado para pregar o retiro da 62\u00aa Assembleia Geral da Confer\u00eancia Nacional dos Bispos do Brasil, que precisou ser adiada por conta do falecimento do Papa Francisco. Antes, por\u00e9m, em fevereiro, Prevost recebeu a Presid\u00eancia da CNBB no Dicast\u00e9rio para os Bispos, durante a visita anual \u00e0 C\u00faria Romana. (CNBB).<\/p>\n","protected":false},"excerpt":{"rendered":"<p>Os cardeais reunidos no Conclave para a elei\u00e7\u00e3o do Sumo Pont\u00edfice escolheram o novo Papa da Igreja Cat\u00f3lica no quarto escrut\u00ednio do Conclave. Por volta de 13h10 (no hor\u00e1rio de Bras\u00edlia) desta quinta-feira, 8 de maio, a fuma\u00e7a branca apareceu na chamin\u00e9 da Capela Sistina. Robert Francis Prevost, de 69 anos, religioso agostiniano, foi eleito [&hellip;]<\/p>\n","protected":false},"author":1,"featured_media":29754,"comment_status":"open","ping_status":"open","sticky":false,"template":"","format":"standard","meta":{"rop_custom_images_group":[],"rop_custom_messages_group":[],"rop_publish_now":"initial","rop_publish_now_accounts":[],"rop_publish_now_history":[],"rop_publish_now_status":"pending","footnotes":""},"categories":[19],"tags":[7144,2742,7141,7145],"class_list":["post-29753","post","type-post","status-publish","format-standard","has-post-thumbnail","hentry","category-gerais","tag-americano","tag-igreja-catolica","tag-novo-papa","tag-robert-francis-prevost"],"_links":{"self":[{"href":"https:\/\/diariotribuna.com.br\/index.php?rest_route=\/wp\/v2\/posts\/29753"}],"collection":[{"href":"https:\/\/diariotribuna.com.br\/index.php?rest_route=\/wp\/v2\/posts"}],"about":[{"href":"https:\/\/diariotribuna.com.br\/index.php?rest_route=\/wp\/v2\/types\/post"}],"author":[{"embeddable":true,"href":"https:\/\/diariotribuna.com.br\/index.php?rest_route=\/wp\/v2\/users\/1"}],"replies":[{"embeddable":true,"href":"https:\/\/diariotribuna.com.br\/index.php?rest_route=%2Fwp%2Fv2%2Fcomments&post=29753"}],"version-history":[{"count":7,"href":"https:\/\/diariotribuna.com.br\/index.php?rest_route=\/wp\/v2\/posts\/29753\/revisions"}],"predecessor-version":[{"id":29763,"href":"https:\/\/diariotribuna.com.br\/index.php?rest_route=\/wp\/v2\/posts\/29753\/revisions\/29763"}],"wp:featuredmedia":[{"embeddable":true,"href":"https:\/\/diariotribuna.com.br\/index.php?rest_route=\/wp\/v2\/media\/29754"}],"wp:attachment":[{"href":"https:\/\/diariotribuna.com.br\/index.php?rest_route=%2Fwp%2Fv2%2Fmedia&parent=29753"}],"wp:term":[{"taxonomy":"category","embeddable":true,"href":"https:\/\/diariotribuna.com.br\/index.php?rest_route=%2Fwp%2Fv2%2Fcategories&post=29753"},{"taxonomy":"post_tag","embeddable":true,"href":"https:\/\/diariotribuna.com.br\/index.php?rest_route=%2Fwp%2Fv2%2Ftags&post=29753"}],"curies":[{"name":"wp","href":"https:\/\/api.w.org\/{rel}","templated":true}]}}