{"id":29764,"date":"2025-05-09T12:08:45","date_gmt":"2025-05-09T15:08:45","guid":{"rendered":"https:\/\/diariotribuna.com.br\/?p=29764"},"modified":"2025-05-09T12:08:45","modified_gmt":"2025-05-09T15:08:45","slug":"vale-do-aco-tem-credito-ampliado","status":"publish","type":"post","link":"https:\/\/diariotribuna.com.br\/?p=29764","title":{"rendered":"Vale do A\u00e7o tem cr\u00e9dito ampliado\u00a0"},"content":{"rendered":"<p><em><span>Foto: Divulga\u00e7\u00e3o BDMG<\/span><\/em><\/p>\n<p><strong><span>COLUNA MG<\/span><\/strong><br \/><span>Principais destaques dos jornais e portais integrantes da rede Sindijori MG <\/span><br \/><span><a href=\"http:\/\/www.sindijorimg.com.br\/\">www.sindijorimg.com.br<\/a><\/span><\/p>\n<p><strong><span>Vale do A\u00e7o tem cr\u00e9dito ampliado<\/span><\/strong><br \/><span>As empresas do Vale do A\u00e7o come\u00e7aram 2025 buscando por mais financiamentos no comparativo com 2024. Entre janeiro e mar\u00e7o deste ano, foram liberados R$ 24 milh\u00f5es em cr\u00e9ditos pelo Banco de Desenvolvimento de Minas Gerais (BDMG) para fortalecer neg\u00f3cios de todos os portes na regi\u00e3o. A informa\u00e7\u00e3o foi repassada por Gabriel Vi\u00e9gas Neto, presidente do BDMG. Considerando a atua\u00e7\u00e3o do banco no Vale do A\u00e7o, o n\u00famero de empresas de todos os portes atendidas est\u00e1 maior em 2025, com crescimento de 60% no primeiro trimestre no comparativo com o mesmo per\u00edodo do ano passado. (Di\u00e1rio do A\u00e7o \u2013 Ipatinga)<\/span><br \/><span><a href=\"https:\/\/www.diariodoaco.com.br\/noticia\/0124352-bdmg-amplia-credito-no-vale-do-aco-e-libera-r-24-milhoes-no-1-trimestre\">https:\/\/www.diariodoaco.com.br\/noticia\/0124352-bdmg-amplia-credito-no-vale-do-aco-e-libera-r-24-milhoes-no-1-trimestre<\/a><\/span><\/p>\n<p><strong><span>Po\u00e7os re\u00fane Guarda de 11 cidades<\/span><\/strong><br \/><span>Est\u00e1 sendo realizado na sede da Guarda Civil Municipal de Po\u00e7os de Caldas um curso intensivo de nivelamento T\u00e1tico Operacional at\u00e9 este s\u00e1bado, 10 de maio, voltado \u00e0 qualifica\u00e7\u00e3o de agentes para atua\u00e7\u00e3o em situa\u00e7\u00f5es de maior complexidade e risco. A capacita\u00e7\u00e3o conta com a presen\u00e7a de instrutores especializados das cidades de S\u00e3o Paulo e Campinas, com vasta experi\u00eancia em opera\u00e7\u00f5es t\u00e1ticas. O curso tem como foco a forma\u00e7\u00e3o t\u00e9cnica e pr\u00e1tica, com abordagem em diversos eixos fundamentais para a atua\u00e7\u00e3o especializada da GCM. A capacita\u00e7\u00e3o re\u00fane guardas civis de 11 munic\u00edpios mineiros. (Jornal Mantiqueira \u2013 Po\u00e7os de Caldas)<\/span><br \/><span><a href=\"https:\/\/www.jornalmantiqueira.com.br\/2025\/05\/09\/curso-tatico-reune-guardas-municipais-de-11-cidades-em-pocos-de-caldas\/\">https:\/\/www.jornalmantiqueira.com.br\/2025\/05\/09\/curso-tatico-reune-guardas-municipais-de-11-cidades-em-pocos-de-caldas\/<\/a><\/span><\/p>\n<p><strong><span>MP pede mandatos de prefeito<\/span><\/strong><br \/><span>O Minist\u00e9rio P\u00fablico Eleitoral acionou a justi\u00e7a com pedido de cassa\u00e7\u00e3o dos registros ou diplomas do prefeito Dr. Paulo, (PDT) e do vice-prefeito Eliel, (MDB) da cidade de Mendes Pimentel. De acordo com o MPE houve abuso e uso de recursos da m\u00e1quina administrativa municipal em benef\u00edcio pr\u00f3prio para alavancar a campanha os candidatos nas elei\u00e7\u00f5es de 2024. Constam na acusa\u00e7\u00e3o: desvio de recursos patrimoniais para uso de propaganda em redes sociais e promo\u00e7\u00e3o de festividades e distribui\u00e7\u00e3o de t\u00edtulos e programas sociais. (Jornal dos Vales)<\/span><br \/><span><a href=\"https:\/\/www.jornaldosvales.com.br\/noticia\/54578\/ministerio-publico-eleitoral-pede-cassacao-do-mandato-do-prefeito-e-viceprefeito-de-mendes-pimentel\">https:\/\/www.jornaldosvales.com.br\/noticia\/54578\/ministerio-publico-eleitoral-pede-cassacao-do-mandato-do-prefeito-e-viceprefeito-de-mendes-pimentel<\/a><\/span><\/p>\n<p><strong><span>Empres\u00e1rios levam esperan\u00e7a ao sert\u00e3o<\/span><\/strong><br \/><span>O projeto &#8220;Amigos do Bem&#8221;, fundado por Alcione Albanesi, tem transformado a vida de milhares de pessoas no sert\u00e3o nordestino, com o apoio de empres\u00e1rios mineiros. A organiza\u00e7\u00e3o garante a dignidade b\u00e1sica de fam\u00edlias carentes por meio da distribui\u00e7\u00e3o de cestas b\u00e1sicas, mas vai al\u00e9m ao oferecer educa\u00e7\u00e3o de qualidade para mais de 10 mil crian\u00e7as e jovens, gerando emprego e oportunidades na regi\u00e3o. Al\u00e9m disso, a iniciativa construiu &#8220;Cidades do Bem&#8221;, com infraestrutura completa, atendendo sa\u00fade, moradia e acesso \u00e0 \u00e1gua pot\u00e1vel. (Cidade Conecta \u2013 Nova Lima)<\/span><br \/><span><a href=\"https:\/\/www.cidadeconecta.com\/noticias\/empresarios-mineiros-levam-esperanca-e-transformacao-ao-sertao-nordestino\/\">https:\/\/www.cidadeconecta.com\/noticias\/empresarios-mineiros-levam-esperanca-e-transformacao-ao-sertao-nordestino\/<\/a><\/span><\/p>\n<p><strong><span>Caratinga amplia vacina\u00e7\u00e3o <\/span><\/strong><br \/><span>Para conter o avan\u00e7o das doen\u00e7as respirat\u00f3rias, Caratinga ampliou a vacina\u00e7\u00e3o para todas as pessoas com mais de seis meses de idade, em resposta ao aumento de interna\u00e7\u00f5es por S\u00edndrome Respirat\u00f3ria Aguda Grave (SRAG), especialmente entre idosos. Embora o n\u00famero total de interna\u00e7\u00f5es tenha ca\u00eddo ligeiramente em compara\u00e7\u00e3o com 2024, os casos entre pessoas com 60 anos ou mais cresceram significativamente, com destaque para os maiores de 80 anos. A situa\u00e7\u00e3o reflete uma tend\u00eancia estadual, que levou o governo de Minas Gerais a decretar estado de emerg\u00eancia em sa\u00fade p\u00fablica por 180 dias. (Di\u00e1rio de Caratinga)<\/span><br \/><span><a href=\"https:\/\/diariodecaratinga.com.br\/caratinga-amplia-vacinacao-para-conter-avanco-de-doencas-respiratorias\/\">https:\/\/diariodecaratinga.com.br\/caratinga-amplia-vacinacao-para-conter-avanco-de-doencas-respiratorias\/<\/a><\/span><\/p>\n<p><strong><span>Pouso Alegre regulariza Distrito<\/span><\/strong><br \/><span>A Prefeitura de Pouso Alegre publicou, nesta ter\u00e7a-feira (22), o Decreto n\u00ba 6.116\/2025, que institui o procedimento administrativo para a Regulariza\u00e7\u00e3o Fundi\u00e1ria Urbana (REURB) do n\u00facleo urbano identificado como Distrito Industrial S\u00e3o Jo\u00e3o. A medida tem como objetivo garantir a promo\u00e7\u00e3o da integra\u00e7\u00e3o social, gera\u00e7\u00e3o de emprego e renda, e assegurar a efetiva\u00e7\u00e3o da fun\u00e7\u00e3o social da propriedade, conforme determina a Lei Federal n\u00ba 13.465\/2017 e o Decreto n\u00ba 9.310\/2018, que regulamentam a regulariza\u00e7\u00e3o fundi\u00e1ria em n\u00facleos urbanos informais. (Di\u00e1rio Regional \u2013 Pouso Alegre)<\/span><br \/><span><a href=\"https:\/\/jornaldiarioregional.com.br\/2025\/05\/07\/prefeitura-de-pouso-alegre-inicia-processo-de-regularizacao-fundiaria-no-distrito-industrial-sao-joao\/\">https:\/\/jornaldiarioregional.com.br\/2025\/05\/07\/prefeitura-de-pouso-alegre-inicia-processo-de-regularizacao-fundiaria-no-distrito-industrial-sao-joao\/<\/a><\/span><\/p>\n<p><span><\/span><\/p>\n<p>\u00a0<\/p>","protected":false},"excerpt":{"rendered":"<p>Foto: Divulga\u00e7\u00e3o BDMG COLUNA MGPrincipais destaques dos jornais e portais integrantes da rede Sindijori MG www.sindijorimg.com.br Vale do A\u00e7o tem cr\u00e9dito ampliadoAs empresas do Vale do A\u00e7o come\u00e7aram 2025 buscando por mais financiamentos no comparativo com 2024. Entre janeiro e mar\u00e7o deste ano, foram liberados R$ 24 milh\u00f5es em cr\u00e9ditos pelo Banco de Desenvolvimento de [&hellip;]<\/p>\n","protected":false},"author":0,"featured_media":29765,"comment_status":"open","ping_status":"open","sticky":false,"template":"","format":"standard","meta":{"rop_custom_images_group":[],"rop_custom_messages_group":[],"rop_publish_now":"initial","rop_publish_now_accounts":[],"rop_publish_now_history":[],"rop_publish_now_status":"pending","footnotes":""},"categories":[6745],"tags":[],"class_list":["post-29764","post","type-post","status-publish","format-standard","has-post-thumbnail","hentry","category-coluna-sindijori"],"_links":{"self":[{"href":"https:\/\/diariotribuna.com.br\/index.php?rest_route=\/wp\/v2\/posts\/29764"}],"collection":[{"href":"https:\/\/diariotribuna.com.br\/index.php?rest_route=\/wp\/v2\/posts"}],"about":[{"href":"https:\/\/diariotribuna.com.br\/index.php?rest_route=\/wp\/v2\/types\/post"}],"replies":[{"embeddable":true,"href":"https:\/\/diariotribuna.com.br\/index.php?rest_route=%2Fwp%2Fv2%2Fcomments&post=29764"}],"version-history":[{"count":0,"href":"https:\/\/diariotribuna.com.br\/index.php?rest_route=\/wp\/v2\/posts\/29764\/revisions"}],"wp:featuredmedia":[{"embeddable":true,"href":"https:\/\/diariotribuna.com.br\/index.php?rest_route=\/wp\/v2\/media\/29765"}],"wp:attachment":[{"href":"https:\/\/diariotribuna.com.br\/index.php?rest_route=%2Fwp%2Fv2%2Fmedia&parent=29764"}],"wp:term":[{"taxonomy":"category","embeddable":true,"href":"https:\/\/diariotribuna.com.br\/index.php?rest_route=%2Fwp%2Fv2%2Fcategories&post=29764"},{"taxonomy":"post_tag","embeddable":true,"href":"https:\/\/diariotribuna.com.br\/index.php?rest_route=%2Fwp%2Fv2%2Ftags&post=29764"}],"curies":[{"name":"wp","href":"https:\/\/api.w.org\/{rel}","templated":true}]}}