{"id":29766,"date":"2025-05-09T14:24:41","date_gmt":"2025-05-09T17:24:41","guid":{"rendered":"https:\/\/diariotribuna.com.br\/?p=29766"},"modified":"2025-05-09T14:24:41","modified_gmt":"2025-05-09T17:24:41","slug":"40o-cmm-2o-forum-mineiro-de-comunicacao-destaca-a-importancia-de-acoes-estruturadas-para-o-reconhecimento-da-gestao","status":"publish","type":"post","link":"https:\/\/diariotribuna.com.br\/?p=29766","title":{"rendered":"40\u00ba CMM: 2\u00ba F\u00f3rum Mineiro de Comunica\u00e7\u00e3o destaca a import\u00e2ncia de a\u00e7\u00f5es estruturadas para o reconhecimento da gest\u00e3o\u00a0"},"content":{"rendered":"<p class=\"MsoNormal\"><span>AMM | Divulga\u00e7\u00e3o<\/span><span><\/span><\/p>\n<p><span><\/span><\/p>\n<p>Uma <strong>comunica\u00e7\u00e3o estrat\u00e9gica<\/strong> \u00e9 essencial para fortalecer a imagem institucional e <strong>gerar reconhecimento positivo da gest\u00e3o p\u00fablica<\/strong>. Durante o <strong>2\u00ba F\u00f3rum Mineiro de Comunica\u00e7\u00e3o<\/strong>, realizado no primeiro dia do <strong>40\u00ba Congresso Mineiro de Munic\u00edpios<\/strong> (6\/5), o professor e consultor de Marketing Pol\u00edtico <strong>Marcelo Vitorino<\/strong> apresentou a palestra <strong>\u201cComo vencer o desafio de comunicar bem com o cidad\u00e3o e ter a gest\u00e3o reconhecida\u201d<\/strong>. A proposta foi discutir a comunica\u00e7\u00e3o como uma <strong>ferramenta estrat\u00e9gica<\/strong> para aproximar as administra\u00e7\u00f5es municipais da popula\u00e7\u00e3o.<\/p>\n<p>Segundo Vitorino, <strong>a\u00e7\u00f5es bem planejadas<\/strong> contribuem diretamente para o fortalecimento da confian\u00e7a entre a comunidade e o poder p\u00fablico. \u201c<strong>A comunica\u00e7\u00e3o da gest\u00e3o tem que ser s\u00f3lida o suficiente para que, quando chegue uma informa\u00e7\u00e3o inver\u00eddica ao cidad\u00e3o, ele consiga filtrar e dizer: \u2018n\u00e3o, isso aqui n\u00e3o est\u00e1 acontecendo\u2019<\/strong>\u201d, afirmou.<\/p>\n<p>Com a sala cheia, o palestrante trouxe <strong>exemplos pr\u00e1ticos<\/strong>, destacou a import\u00e2ncia de se contar com profissionais capacitados e refor\u00e7ou que <strong>a comunica\u00e7\u00e3o de gest\u00e3o deve tanto informar sobre os servi\u00e7os p\u00fablicos quanto proteger a administra\u00e7\u00e3o de ataques indevidos<\/strong>. \u201c<strong>\u00c9 muito dif\u00edcil algu\u00e9m numa cidade usufruir 100% dos servi\u00e7os que a prefeitura oferece. Por isso, comunicar \u00e9 essencial<\/strong>\u201d, explicou.<\/p>\n<p>Vitorino tamb\u00e9m deixou um recado aos participantes: \u201c<strong>Uma comunica\u00e7\u00e3o n\u00e3o salva uma gest\u00e3o ruim, mas ajuda muito uma gest\u00e3o que de fato est\u00e1 trabalhando<\/strong>\u201d.<\/p>\n<h3><strong>\u00c9 preciso se comunicar<\/strong><\/h3>\n<p>Em um cen\u00e1rio de <strong>crescente exig\u00eancia por transpar\u00eancia e proximidade<\/strong>, a comunica\u00e7\u00e3o institucional ganha ainda mais protagonismo. No painel <strong>\u201cNarrativa de Poder \u2013 Comunica\u00e7\u00e3o P\u00fablica em 360 graus\u201d<\/strong>, com a participa\u00e7\u00e3o de prefeitos e jornalistas, <strong>a necessidade de comunicar com clareza e estrat\u00e9gia<\/strong> foi unanimidade.<\/p>\n<p>\u201c<strong>Temos como obriga\u00e7\u00e3o entregar uma cidade melhor, mas tamb\u00e9m de comunicar o que \u00e9 feito<\/strong>\u201d, destacou o prefeito de Barbacena, <strong>Carlos Du<\/strong>.<\/p>\n<p>O jornalista e diretor-executivo do <em>O Fator<\/em>, <strong>Lucas Ragazzi<\/strong>, refor\u00e7ou o papel da imprensa como parceira estrat\u00e9gica: \u201c<strong>Uma equipe de comunica\u00e7\u00e3o eficiente e proativa consegue estabelecer uma rela\u00e7\u00e3o de confian\u00e7a com a imprensa \u2014 e isso \u00e9 crucial em momentos de crise<\/strong>\u201d.<\/p>\n<p>J\u00e1 o prefeito de Ipanema, <strong>J\u00falio Fontoura<\/strong>, compartilhou um case de sucesso: \u201c<strong>Ipanema \u00e9 uma cidade com poucos recursos e precis\u00e1vamos de uma marca. Criamos a Festa do Queijo e ficamos conhecidos em todo o Pa\u00eds, com m\u00eddia gratuita. Comunica\u00e7\u00e3o \u00e9 aproxima\u00e7\u00e3o<\/strong>\u201d.<\/p>\n<p>Para o s\u00f3cio-executivo da Deja Estrat\u00e9gia, <strong>Rodrigo Bueno<\/strong>, a comunica\u00e7\u00e3o est\u00e1 no centro da excel\u00eancia administrativa. \u201c<strong>Um mandato de excel\u00eancia \u00e9 baseado em tr\u00eas pilares: pol\u00edtica, gest\u00e3o e comunica\u00e7\u00e3o<\/strong>\u201d.<\/p>\n<p>O painel foi mediado pela jornalista e diretora de Comunica\u00e7\u00e3o da AMM, <strong>Tatiana Moraes<\/strong>.<\/p>\n<h3><strong>Intelig\u00eancia Artificial a favor da comunica\u00e7\u00e3o p\u00fablica<\/strong><\/h3>\n<p>Outro tema que chamou aten\u00e7\u00e3o no f\u00f3rum foi a palestra <strong>\u201cComunica\u00e7\u00e3o Pol\u00edtica em Mandato com Intelig\u00eancia Artificial\u201d<\/strong>, apresentada pelo escritor e mestre em Ci\u00eancia Pol\u00edtica <strong>Gilberto Musto<\/strong>.<\/p>\n<p>Segundo Musto, <strong>a efetividade na comunica\u00e7\u00e3o institucional depende de uma estrutura narrativa clara<\/strong>. \u201c<strong>Para comunicar com precis\u00e3o, \u00e9 preciso seguir tr\u00eas passos: primeiro falar da dor, depois mostrar o problema e, por fim, apresentar a solu\u00e7\u00e3o. A maioria das institui\u00e7\u00f5es inverte essa l\u00f3gica<\/strong>\u201d, alertou.<\/p>\n\n<p>Durante a palestra, o especialista tamb\u00e9m compartilhou <strong>prompts de comando<\/strong> que auxiliam na cria\u00e7\u00e3o de conte\u00fado, gest\u00e3o de crise e outras atividades de comunica\u00e7\u00e3o. \u201c<strong>O uso da Intelig\u00eancia Artificial tem custo zero. O que voc\u00eas precisam \u00e9 criatividade e conhecimento. Com isso, j\u00e1 t\u00eam em m\u00e3os uma poderosa ferramenta de trabalho<\/strong>\u201d, concluiu.<\/p>\n<p>\u00a0<\/p>","protected":false},"excerpt":{"rendered":"<p>AMM | Divulga\u00e7\u00e3o Uma comunica\u00e7\u00e3o estrat\u00e9gica \u00e9 essencial para fortalecer a imagem institucional e gerar reconhecimento positivo da gest\u00e3o p\u00fablica. Durante o 2\u00ba F\u00f3rum Mineiro de Comunica\u00e7\u00e3o, realizado no primeiro dia do 40\u00ba Congresso Mineiro de Munic\u00edpios (6\/5), o professor e consultor de Marketing Pol\u00edtico Marcelo Vitorino apresentou a palestra \u201cComo vencer o desafio de [&hellip;]<\/p>\n","protected":false},"author":0,"featured_media":29767,"comment_status":"open","ping_status":"open","sticky":false,"template":"","format":"standard","meta":{"rop_custom_images_group":[],"rop_custom_messages_group":[],"rop_publish_now":"initial","rop_publish_now_accounts":[],"rop_publish_now_history":[],"rop_publish_now_status":"pending","footnotes":""},"categories":[6745],"tags":[],"class_list":["post-29766","post","type-post","status-publish","format-standard","has-post-thumbnail","hentry","category-coluna-sindijori"],"_links":{"self":[{"href":"https:\/\/diariotribuna.com.br\/index.php?rest_route=\/wp\/v2\/posts\/29766"}],"collection":[{"href":"https:\/\/diariotribuna.com.br\/index.php?rest_route=\/wp\/v2\/posts"}],"about":[{"href":"https:\/\/diariotribuna.com.br\/index.php?rest_route=\/wp\/v2\/types\/post"}],"replies":[{"embeddable":true,"href":"https:\/\/diariotribuna.com.br\/index.php?rest_route=%2Fwp%2Fv2%2Fcomments&post=29766"}],"version-history":[{"count":0,"href":"https:\/\/diariotribuna.com.br\/index.php?rest_route=\/wp\/v2\/posts\/29766\/revisions"}],"wp:featuredmedia":[{"embeddable":true,"href":"https:\/\/diariotribuna.com.br\/index.php?rest_route=\/wp\/v2\/media\/29767"}],"wp:attachment":[{"href":"https:\/\/diariotribuna.com.br\/index.php?rest_route=%2Fwp%2Fv2%2Fmedia&parent=29766"}],"wp:term":[{"taxonomy":"category","embeddable":true,"href":"https:\/\/diariotribuna.com.br\/index.php?rest_route=%2Fwp%2Fv2%2Fcategories&post=29766"},{"taxonomy":"post_tag","embeddable":true,"href":"https:\/\/diariotribuna.com.br\/index.php?rest_route=%2Fwp%2Fv2%2Ftags&post=29766"}],"curies":[{"name":"wp","href":"https:\/\/api.w.org\/{rel}","templated":true}]}}