{"id":29772,"date":"2025-05-10T11:37:54","date_gmt":"2025-05-10T14:37:54","guid":{"rendered":"https:\/\/diariotribuna.com.br\/?p=29772"},"modified":"2025-05-10T11:37:54","modified_gmt":"2025-05-10T14:37:54","slug":"mais-estrangeiros-esperados-na-expoqueijo","status":"publish","type":"post","link":"https:\/\/diariotribuna.com.br\/?p=29772","title":{"rendered":"Mais estrangeiros esperados na Expoqueijo\u00a0"},"content":{"rendered":"<p><em><span>Foto: Divulga\u00e7\u00e3o<\/span><\/em><\/p>\n<p><strong><span>COLUNA MG<\/span><\/strong><br \/><span>Principais destaques dos jornais e portais integrantes da rede Sindijori MG <\/span><br \/><span><a href=\"http:\/\/www.sindijorimg.com.br\/\">www.sindijorimg.com.br<\/a><\/span><\/p>\n<p><strong><span>Mais estrangeiros esperados na Expoqueijo<\/span><\/strong><br \/><span>O Concurso Internacional de Queijos da ExpoQueijo Brasil 2025 \u2013 Arax\u00e1 International Cheese Awards, que acontecer\u00e1 de 26 a 29\/6, no Grande Hotel e Termas de Arax\u00e1, dever\u00e1 receber mais amostras de queijos do exterior, especialmente da Europa e da Am\u00e9rica Latina, do que no ano passado.\u00a0 A expectativa dos organizadores \u00e9 superar as edi\u00e7\u00f5es anteriores, que contou com a participa\u00e7\u00e3o de representantes de 14 pa\u00edses. \u201cEstamos consolidando a ExpoQueijo como uma vitrine global para o queijo artesanal regularizado, um segmento que cresce de forma impressionante\u201d, afirma Maricell Hussein, organizadora do evento.\u00a0 (Estrada Nacional)<\/span><br \/><span><a href=\"https:\/\/www.estradanacional.info\/post\/expoqueijo-dever%C3%A1-ter-a-maior-disputa-entre-estrangeiros-de-sua-hist%C3%B3ria\">https:\/\/www.estradanacional.info\/post\/expoqueijo-dever%C3%A1-ter-a-maior-disputa-entre-estrangeiros-de-sua-hist%C3%B3ria<\/a><\/span><\/p>\n<p><strong><span>Formiga recebe cart\u00f5es de bilhetagem<\/span><\/strong><br \/><span>A Prefeitura de Formiga anunciou a chegada de novos cart\u00f5es de bilhetagem eletr\u00f4nica para pessoas com defici\u00eancia, visando atender \u00e0 demanda de usu\u00e1rios do transporte p\u00fablico municipal. A distribui\u00e7\u00e3o dos novos cart\u00f5es teve in\u00edcio na quarta-feira, 7 de maio, com 500 unidades entregues no m\u00eas anterior. Novos lotes est\u00e3o sendo providenciados e devem chegar at\u00e9 o final do m\u00eas. Al\u00e9m disso, a reposi\u00e7\u00e3o dos cart\u00f5es de gratuidade para idosos tamb\u00e9m est\u00e1 em andamento. Enquanto isso, para garantir o acesso \u00e0 gratuidade, idosos acima de 65 anos podem apresentar a Carteira de Identidade diretamente ao motorista. (Tribuna \u2013 Formiga)<\/span><br \/><span><a href=\"https:\/\/tribunacentroeste.com.br\/noticias\/formiga-recebe-novos-cart-es-de-bilhetagem-eletr-nica-para-pessoas-com-defici-ncia\">https:\/\/tribunacentroeste.com.br\/noticias\/formiga-recebe-novos-cart-es-de-bilhetagem-eletr-nica-para-pessoas-com-defici-ncia<\/a><\/span><\/p>\n<p><strong><span>GV oferece curso gratuito de computa\u00e7\u00e3o<\/span><\/strong><br \/><span>A Prefeitura de Governador Valadares, por meio da Secretaria de Desenvolvimento, Ci\u00eancia, Tecnologia e Inova\u00e7\u00e3o, lan\u00e7ar\u00e1 na pr\u00f3xima quarta-feira, 14 de maio, o curso gratuito AWS re\/Start \u2013 Solu\u00e7\u00f5es na Nuvem. O curso tem como objetivo promover a inclus\u00e3o digital, inova\u00e7\u00e3o e gera\u00e7\u00e3o de oportunidades para a popula\u00e7\u00e3o local. Em parceria com a Funda\u00e7\u00e3o Compromisso e a Amazon Web Services (AWS), o programa oferece 100 vagas para pessoas a partir dos 18 anos, sem exigir conhecimento pr\u00e9vio em tecnologia. O evento de lan\u00e7amento ser\u00e1 no Teatro Atiaia, e as inscri\u00e7\u00f5es devem ser feitas online. (Di\u00e1rio do Rio Doce \u2013 Governador Valadares)<\/span><br \/><span><a href=\"https:\/\/drd.com.br\/prefeitura-lanca-curso-gratuito-de-computacao-em-nuvem-com-certificacao-internacional\/\">https:\/\/drd.com.br\/prefeitura-lanca-curso-gratuito-de-computacao-em-nuvem-com-certificacao-internacional\/<\/a><\/span><\/p>\n<p><strong><span>Manhua\u00e7u lan\u00e7a Concurso de Fotografia<\/span><\/strong><br \/><span>Manhua\u00e7u lan\u00e7ou o 1\u00ba Concurso de Fotografia, que estar\u00e1 aberto at\u00e9 30 de maio e tem como tema &#8220;Manhua\u00e7u em foco: Patrim\u00f4nio, Cultura e Sabor&#8221;. O concurso visa valorizar a identidade da cidade, celebrando seus 147 anos em 2025. Ser\u00e3o distribu\u00eddos R$ 50 mil em pr\u00eamios, divididos em cinco categorias: natureza, bens patrimoniais, pessoas, drones e cultural. A iniciativa, que conta com recursos da Pol\u00edtica Nacional Aldir Blanc de Fomento \u00e0 Cultura (PNAB), \u00e9 voltada para fot\u00f3grafos profissionais e amadores interessados em capturar elementos do patrim\u00f4nio material e imaterial de Manhua\u00e7u. As inscri\u00e7\u00f5es podem ser feitas online, e o edital completo est\u00e1 dispon\u00edvel no site da prefeitura. (Di\u00e1rio de Manhua\u00e7u)<\/span><br \/><span><a href=\"https:\/\/diariodemanhuacu.com.br\/manhuacu-lanca-1o-concurso-de-fotografia-com-r-50-mil-em-premios\/\">https:\/\/diariodemanhuacu.com.br\/manhuacu-lanca-1o-concurso-de-fotografia-com-r-50-mil-em-premios\/<\/a><\/span><\/p>\n<p><strong><span>Hospital sob risco de interven\u00e7\u00e3o<\/span><\/strong><br \/><span>O hospital de Ita\u00fana, mantido pela Casa de Caridade Manoel Gon\u00e7alves de Sousa Moreira, \u00e9 \u00fanico na cidade e credenciado ainda para atender os munic\u00edpios da microrregi\u00e3o, composta por Itatiaiu\u00e7u, Itaguara e Piracema. H\u00e1 v\u00e1rios anos, d\u00e9cadas, a situa\u00e7\u00e3o financeira da institui\u00e7\u00e3o apresenta dificuldades, agravada nos \u00faltimos tempos, especialmente ap\u00f3s a administra\u00e7\u00e3o passada de Ita\u00fana, sob comando do ex-prefeito Neider Moreira, ter deixado de repassar valor de cerca de R$ 6 milh\u00f5es, conforme havia sido acertado, segundo den\u00fancias de vereadores. (Folha Povo de Ita\u00fana)<\/span><br \/><span><a href=\"https:\/\/www.folhapovoitauna.com.br\/polemica-na-saude-hospital-sob-risco-de-intervencao\">https:\/\/www.folhapovoitauna.com.br\/polemica-na-saude-hospital-sob-risco-de-intervencao<\/a><\/span><\/p>\n<p><strong><span>1000 cirurgias de catarata em Varginha<\/span><\/strong><br \/><span>A Prefeitura de Varginha prorrogou um contrato com uma empresa particular para realizar mais mil cirurgias de catarata, beneficiando pacientes do SUS. O aditamento, autorizado pelo prefeito Leonardo Ciacci, garante a continuidade dos servi\u00e7os, uma vez que a Funda\u00e7\u00e3o Hospitalar de Varginha n\u00e3o possui m\u00e9dicos oftalmologistas concursados. Com a prorroga\u00e7\u00e3o do contrato, que se estende at\u00e9 maio de 2026, ser\u00e1 poss\u00edvel realizar as cirurgias dentro do prazo, oferecendo uma solu\u00e7\u00e3o financeira e t\u00e9cnica vantajosa para a cidade. (Blog do Madeira \u2013 Varginha)<\/span><br \/><span><a href=\"https:\/\/blogdomadeira.com.br\/aditamento-de-contrato-permite-mais-1000-cirurgias-de-catarata-em-varginha\/\">https:\/\/blogdomadeira.com.br\/aditamento-de-contrato-permite-mais-1000-cirurgias-de-catarata-em-varginha\/<\/a><\/span><\/p>\n<p><span><strong>Arcos ter\u00e1 melhorias na coleta do lixo<\/strong> <\/span><br \/><span>Em resposta a preocupa\u00e7\u00f5es sobre o descarte inadequado de lixo em Arcos, o secret\u00e1rio municipal de Meio Ambiente, Evandro Siqueira, informou que a administra\u00e7\u00e3o est\u00e1 comprometida em melhorar a fiscaliza\u00e7\u00e3o e a gest\u00e3o de res\u00edduos na cidade. Ser\u00e3o tra\u00e7adas estrat\u00e9gias para intensificar a fiscaliza\u00e7\u00e3o, com a colabora\u00e7\u00e3o dos fiscais de posturas e, futuramente, com a contrata\u00e7\u00e3o de fiscais ambientais. Al\u00e9m disso, ser\u00e1 lan\u00e7ada uma campanha de educa\u00e7\u00e3o ambiental voltada principalmente para o centro da cidade e seus comerciantes.. (Correio Centro Oeste \u2013 Arcos)<\/span><br \/><span><a href=\"https:\/\/www.jornalcco.com.br\/secretario-de-meio-ambiente-comenta-sobre-a-questao-do-lixo-em-arcos\">https:\/\/www.jornalcco.com.br\/secretario-de-meio-ambiente-comenta-sobre-a-questao-do-lixo-em-arcos<\/a><\/span><\/p>\n\n<p>\u00a0<\/p>","protected":false},"excerpt":{"rendered":"<p>Foto: Divulga\u00e7\u00e3o COLUNA MGPrincipais destaques dos jornais e portais integrantes da rede Sindijori MG www.sindijorimg.com.br Mais estrangeiros esperados na ExpoqueijoO Concurso Internacional de Queijos da ExpoQueijo Brasil 2025 \u2013 Arax\u00e1 International Cheese Awards, que acontecer\u00e1 de 26 a 29\/6, no Grande Hotel e Termas de Arax\u00e1, dever\u00e1 receber mais amostras de queijos do exterior, especialmente [&hellip;]<\/p>\n","protected":false},"author":0,"featured_media":29773,"comment_status":"open","ping_status":"open","sticky":false,"template":"","format":"standard","meta":{"rop_custom_images_group":[],"rop_custom_messages_group":[],"rop_publish_now":"initial","rop_publish_now_accounts":[],"rop_publish_now_history":[],"rop_publish_now_status":"pending","footnotes":""},"categories":[6745],"tags":[],"class_list":["post-29772","post","type-post","status-publish","format-standard","has-post-thumbnail","hentry","category-coluna-sindijori"],"_links":{"self":[{"href":"https:\/\/diariotribuna.com.br\/index.php?rest_route=\/wp\/v2\/posts\/29772"}],"collection":[{"href":"https:\/\/diariotribuna.com.br\/index.php?rest_route=\/wp\/v2\/posts"}],"about":[{"href":"https:\/\/diariotribuna.com.br\/index.php?rest_route=\/wp\/v2\/types\/post"}],"replies":[{"embeddable":true,"href":"https:\/\/diariotribuna.com.br\/index.php?rest_route=%2Fwp%2Fv2%2Fcomments&post=29772"}],"version-history":[{"count":0,"href":"https:\/\/diariotribuna.com.br\/index.php?rest_route=\/wp\/v2\/posts\/29772\/revisions"}],"wp:featuredmedia":[{"embeddable":true,"href":"https:\/\/diariotribuna.com.br\/index.php?rest_route=\/wp\/v2\/media\/29773"}],"wp:attachment":[{"href":"https:\/\/diariotribuna.com.br\/index.php?rest_route=%2Fwp%2Fv2%2Fmedia&parent=29772"}],"wp:term":[{"taxonomy":"category","embeddable":true,"href":"https:\/\/diariotribuna.com.br\/index.php?rest_route=%2Fwp%2Fv2%2Fcategories&post=29772"},{"taxonomy":"post_tag","embeddable":true,"href":"https:\/\/diariotribuna.com.br\/index.php?rest_route=%2Fwp%2Fv2%2Ftags&post=29772"}],"curies":[{"name":"wp","href":"https:\/\/api.w.org\/{rel}","templated":true}]}}