{"id":29774,"date":"2025-05-10T23:45:52","date_gmt":"2025-05-11T02:45:52","guid":{"rendered":"https:\/\/diariotribuna.com.br\/?p=29774"},"modified":"2025-05-13T21:41:43","modified_gmt":"2025-05-14T00:41:43","slug":"mpmg-promove-a-campanha-transforme-imposto-em-cuidado","status":"publish","type":"post","link":"https:\/\/diariotribuna.com.br\/?p=29774","title":{"rendered":"MPMG promove a campanha \u201cTransforme Imposto em Cuidado\u201d"},"content":{"rendered":"\n<figure class=\"wp-block-image size-full is-resized\"><img loading=\"lazy\" decoding=\"async\" width=\"700\" height=\"407\" src=\"https:\/\/diariotribuna.com.br\/wp-content\/uploads\/2025\/05\/216-25-Transforme-seu-imposto-em-cuidado-Banner.png\" alt=\"\" class=\"wp-image-29775\" style=\"width:469px;height:auto\" srcset=\"https:\/\/diariotribuna.com.br\/wp-content\/uploads\/2025\/05\/216-25-Transforme-seu-imposto-em-cuidado-Banner.png 700w, https:\/\/diariotribuna.com.br\/wp-content\/uploads\/2025\/05\/216-25-Transforme-seu-imposto-em-cuidado-Banner-300x174.png 300w, https:\/\/diariotribuna.com.br\/wp-content\/uploads\/2025\/05\/216-25-Transforme-seu-imposto-em-cuidado-Banner-696x405.png 696w\" sizes=\"(max-width: 700px) 100vw, 700px\" \/><\/figure>\n\n\n\n<p>O Minist\u00e9rio P\u00fablico de Minas Gerais (MPMG) promove a campanha \u201cTransforme Imposto em Cuidado\u201d, que incentiva contribuintes a destinarem parte do Imposto de Renda (IR) aos Fundos da Inf\u00e2ncia e da Adolesc\u00eancia (FIA) e do Fundos dos Direitos da Pessoa Idosa (FEI). A doa\u00e7\u00e3o, que n\u00e3o gera custo adicional, pode ser feita at\u00e9 30 de maio, diretamente na declara\u00e7\u00e3o.<\/p>\n\n\n\n<p>Pessoas f\u00edsicas que utilizam o modelo completo podem destinar at\u00e9 6% do imposto devido, sendo 3% para cada fundo. Empresas que declaram pelo Lucro Real podem doar at\u00e9 1% por fundo. &nbsp;A iniciativa refor\u00e7a a import\u00e2ncia da cidadania fiscal e contribui para o financiamento de a\u00e7\u00f5es nas \u00e1reas de educa\u00e7\u00e3o, sa\u00fade, assist\u00eancia social, cultura e prote\u00e7\u00e3o de direitos.<\/p>\n\n\n\n<p>O FIA apoia projetos de combate ao trabalho infantil, viol\u00eancia sexual e outras viola\u00e7\u00f5es contra crian\u00e7as e adolescentes. J\u00e1 o FEI investe em capacita\u00e7\u00e3o de cuidadores, melhorias em institui\u00e7\u00f5es de longa perman\u00eancia e inclus\u00e3o da popula\u00e7\u00e3o idosa.<\/p>\n\n\n\n<p><strong>Como fazer a doa\u00e7\u00e3o:<\/strong> &#8211; Escolha o modelo completo da declara\u00e7\u00e3o no programa da Receita. &#8211; Acesse a aba \u201cDoa\u00e7\u00f5es Diretamente na Declara\u00e7\u00e3o\u201d. &#8211; Clique em \u201cNovo\u201d, selecione o tipo de fundo, o estado e o munic\u00edpio. &#8211; Gere a guia DAE e fa\u00e7a o pagamento. &#8211; Contribua para um futuro mais justo e humano. Doe e fa\u00e7a a diferen\u00e7a. (MPMG).<\/p>\n","protected":false},"excerpt":{"rendered":"<p>O Minist\u00e9rio P\u00fablico de Minas Gerais (MPMG) promove a campanha \u201cTransforme Imposto em Cuidado\u201d, que incentiva contribuintes a destinarem parte do Imposto de Renda (IR) aos Fundos da Inf\u00e2ncia e da Adolesc\u00eancia (FIA) e do Fundos dos Direitos da Pessoa Idosa (FEI). A doa\u00e7\u00e3o, que n\u00e3o gera custo adicional, pode ser feita at\u00e9 30 de [&hellip;]<\/p>\n","protected":false},"author":1,"featured_media":29775,"comment_status":"open","ping_status":"open","sticky":false,"template":"","format":"standard","meta":{"rop_custom_images_group":[],"rop_custom_messages_group":[],"rop_publish_now":"initial","rop_publish_now_accounts":[],"rop_publish_now_history":[],"rop_publish_now_status":"pending","footnotes":""},"categories":[19],"tags":[7147,6896,39,7148,146],"class_list":["post-29774","post","type-post","status-publish","format-standard","has-post-thumbnail","hentry","category-gerais","tag-transforme-imposto-em-cuidado","tag-6896","tag-campanha","tag-ir","tag-mpmg"],"_links":{"self":[{"href":"https:\/\/diariotribuna.com.br\/index.php?rest_route=\/wp\/v2\/posts\/29774"}],"collection":[{"href":"https:\/\/diariotribuna.com.br\/index.php?rest_route=\/wp\/v2\/posts"}],"about":[{"href":"https:\/\/diariotribuna.com.br\/index.php?rest_route=\/wp\/v2\/types\/post"}],"author":[{"embeddable":true,"href":"https:\/\/diariotribuna.com.br\/index.php?rest_route=\/wp\/v2\/users\/1"}],"replies":[{"embeddable":true,"href":"https:\/\/diariotribuna.com.br\/index.php?rest_route=%2Fwp%2Fv2%2Fcomments&post=29774"}],"version-history":[{"count":1,"href":"https:\/\/diariotribuna.com.br\/index.php?rest_route=\/wp\/v2\/posts\/29774\/revisions"}],"predecessor-version":[{"id":29776,"href":"https:\/\/diariotribuna.com.br\/index.php?rest_route=\/wp\/v2\/posts\/29774\/revisions\/29776"}],"wp:featuredmedia":[{"embeddable":true,"href":"https:\/\/diariotribuna.com.br\/index.php?rest_route=\/wp\/v2\/media\/29775"}],"wp:attachment":[{"href":"https:\/\/diariotribuna.com.br\/index.php?rest_route=%2Fwp%2Fv2%2Fmedia&parent=29774"}],"wp:term":[{"taxonomy":"category","embeddable":true,"href":"https:\/\/diariotribuna.com.br\/index.php?rest_route=%2Fwp%2Fv2%2Fcategories&post=29774"},{"taxonomy":"post_tag","embeddable":true,"href":"https:\/\/diariotribuna.com.br\/index.php?rest_route=%2Fwp%2Fv2%2Ftags&post=29774"}],"curies":[{"name":"wp","href":"https:\/\/api.w.org\/{rel}","templated":true}]}}