{"id":29777,"date":"2025-05-10T23:40:25","date_gmt":"2025-05-11T02:40:25","guid":{"rendered":"https:\/\/diariotribuna.com.br\/?p=29777"},"modified":"2025-05-10T23:40:25","modified_gmt":"2025-05-11T02:40:25","slug":"12o-premio-sebrae-de-jornalismo-vai-distribuir-r-98-mil-em-minas-gerais","status":"publish","type":"post","link":"https:\/\/diariotribuna.com.br\/?p=29777","title":{"rendered":"12\u00ba Pr\u00eamio Sebrae de Jornalismo vai distribuir R$ 98 mil em Minas Gerais\u00a0"},"content":{"rendered":"<p class=\"MsoNormal\"><span>SEBRAE | Divulga\u00e7\u00e3o<\/span><span><\/span><\/p>\n<p><span><\/span><\/p>\n<p><strong>Profissionais podem inscrever seus trabalhos at\u00e9 9 de junho nas categorias Texto, \u00c1udio, V\u00eddeo, Fotojornalismo e Jornalismo Universit\u00e1rio<\/strong><br \/>Por Roger Dias<\/p>\n<p>Est\u00e3o abertas as inscri\u00e7\u00f5es para uma das principais premia\u00e7\u00f5es jornal\u00edsticas de Minas Gerais. O lan\u00e7amento da <strong>12\u00aa edi\u00e7\u00e3o do Pr\u00eamio Sebrae de Jornalismo (PSJ)<\/strong> ocorreu na noite da \u00faltima ter\u00e7a-feira (6\/5), na sede do Sebrae Minas, durante o evento <strong>\u201cJornalismo em busca da precis\u00e3o\u201d<\/strong>. O encontro reuniu jornalistas de diversos ve\u00edculos de comunica\u00e7\u00e3o do estado e estudantes universit\u00e1rios, e marcou o an\u00fancio da <strong>premia\u00e7\u00e3o da etapa estadual<\/strong>, que distribuir\u00e1 <strong>R$ 98 mil aos vencedores<\/strong>.<\/p>\n<p>A premia\u00e7\u00e3o contempla <strong>quatro categorias principais<\/strong> \u2014 Texto, \u00c1udio, V\u00eddeo e Fotojornalismo \u2014 al\u00e9m da <strong>categoria especial Jornalismo Universit\u00e1rio<\/strong>.<br \/>Os valores por coloca\u00e7\u00e3o s\u00e3o:<\/p>\n<p><strong>1\u00ba lugar (categorias principais)<\/strong>: R$ 11 mil<\/p>\n<p><strong>2\u00ba lugar<\/strong>: R$ 8 mil<\/p>\n<p><strong>3\u00ba lugar<\/strong>: R$ 5 mil<\/p>\n<p><strong>Jornalismo Universit\u00e1rio (1\u00ba lugar)<\/strong>: R$ 2 mil<\/p>\n<p><strong>Inscri\u00e7\u00f5es abertas at\u00e9 9 de junho de 2025<\/strong>.<br \/><strong>Per\u00edodo de veicula\u00e7\u00e3o dos conte\u00fados<\/strong>: de 3 de junho de 2024 a 8 de junho de 2025.<\/p>\n<p>Os trabalhos podem ser inscritos dentro do tema central <strong>\u201cEmpreendedorismo com foco nos pequenos neg\u00f3cios\u201d<\/strong>, com os seguintes <strong>subtemas sugeridos<\/strong>:<\/p>\n<p>Bioeconomia<\/p>\n<p>Pequenos Neg\u00f3cios e COP-30<\/p>\n<p>Inova\u00e7\u00e3o e Startups<\/p>\n<p>Produtividade e Competitividade<\/p>\n<p>Inclus\u00e3o Produtiva e Desenvolvimento Territorial<\/p>\n<p>Transforma\u00e7\u00e3o Digital<\/p>\n<p>Empreendedorismo Feminino<\/p>\n<p>Pol\u00edticas P\u00fablicas e Legisla\u00e7\u00e3o<\/p>\n<p>Acesso a Cr\u00e9dito e Gest\u00e3o Financeira<\/p>\n<p>Empreendedorismo Social<\/p>\n<p>\u201c<strong>O jornalismo \u00e9 um bra\u00e7o importante no di\u00e1logo do Sebrae Minas com seus stakeholders. O futuro do pa\u00eds passa pelo empreendedorismo e pela gest\u00e3o eficiente das empresas, que geram emprego e renda. E o jornalismo traz visibilidade a essas hist\u00f3rias de sucesso<\/strong>\u201d, destacou o superintendente do Sebrae Minas, <strong>Afonso Maria Rocha<\/strong>.<\/p>\n<p>O PSJ \u00e9 uma oportunidade para <strong>profissionais da imprensa e estudantes de Jornalismo<\/strong> mostrarem seu trabalho e <strong>serem reconhecidos pela excel\u00eancia jornal\u00edstica<\/strong>. Criado pelo Sebrae, o pr\u00eamio tem como objetivo valorizar reportagens que abordem o universo do empreendedorismo, veiculadas nos mais diversos canais da imprensa brasileira.<\/p>\n<h3><strong>Semin\u00e1rio \u201cJornalismo em busca da precis\u00e3o\u201d re\u00fane especialistas<\/strong><\/h3>\n<p>O lan\u00e7amento do PSJ 2025 tamb\u00e9m contou com a participa\u00e7\u00e3o de <strong>Nat\u00e1lia Leal<\/strong>, CEO da <em>Ag\u00eancia Lupa<\/em>, e <strong>Gabriel Ronan<\/strong>, coordenador do N\u00facleo de Dados do <em>Estado de Minas<\/em>. Eles debateram como a <strong>checagem de informa\u00e7\u00f5es<\/strong> e a <strong>intelig\u00eancia de dados<\/strong> s\u00e3o fundamentais para fortalecer a <strong>credibilidade da imprensa<\/strong> e combater a desinforma\u00e7\u00e3o.<\/p>\n<p>\u201c<strong>O jornalismo atual enfrenta grandes desafios e precisa ser discutido com carinho e aten\u00e7\u00e3o. A checagem di\u00e1ria de dados \u00e9 essencial, mas exige uma an\u00e1lise profunda das informa\u00e7\u00f5es<\/strong>\u201d, apontou Gabriel Ronan.<\/p>\n<p>Nat\u00e1lia Leal refor\u00e7ou a import\u00e2ncia de estrat\u00e9gias que garantam a qualidade do conte\u00fado jornal\u00edstico:<\/p>\n<p>\u201c<strong>As t\u00e9cnicas de checagem est\u00e3o cada vez mais presentes no jornalismo, por exig\u00eancia da pr\u00f3pria profiss\u00e3o e da sociedade. Nosso objetivo \u00e9 reduzir o jornalismo puramente declarat\u00f3rio e enriquecer a reportagem com dados mais precisos e confi\u00e1veis<\/strong>\u201d, afirmou.<\/p>\n<h3><strong>Sebrae lan\u00e7a nova vers\u00e3o da plataforma \u201cIntelig\u00eancia Sebrae\u201d<\/strong><\/h3>\n<p>Durante o semin\u00e1rio, o Sebrae Minas apresentou a nova vers\u00e3o da plataforma <a href=\"https:\/\/inteligencia.sebraemg.com.br\/\"><strong>Intelig\u00eancia Sebrae<\/strong><\/a>, que oferece <strong>recursos exclusivos para jornalistas<\/strong>, como infogr\u00e1ficos, not\u00edcias e dados atualizados sobre o universo dos pequenos neg\u00f3cios e os territ\u00f3rios mineiros.<\/p>\n<p>\u201c<strong>A plataforma facilita o dia a dia dos profissionais da imprensa, com acesso r\u00e1pido a estat\u00edsticas sobre abertura e fechamento de empresas, gera\u00e7\u00e3o de empregos, identidades territoriais e outros indicadores<\/strong>\u201d, explicou <strong>Fernando Sasso<\/strong>, gerente da Unidade de Intelig\u00eancia Estrat\u00e9gica do Sebrae Minas.<\/p>\n<h3><strong>Resumo do 12\u00ba Pr\u00eamio Sebrae de Jornalismo<\/strong><\/h3>\n<p><strong>Categorias principais<\/strong>: Texto, \u00c1udio, V\u00eddeo e Fotojornalismo<\/p>\n<p><strong>Categoria especial<\/strong>: Jornalismo Universit\u00e1rio<\/p>\n<p><strong>Premia\u00e7\u00e3o estadual<\/strong>:<\/p>\n<p>1\u00ba lugar \u2013 R$ 11.000<\/p>\n<p>2\u00ba lugar \u2013 R$ 8.000<\/p>\n<p>3\u00ba lugar \u2013 R$ 5.000<\/p>\n<p>Universit\u00e1rio \u2013 R$ 2.000<\/p>\n<p><strong>Premia\u00e7\u00e3o nacional<\/strong>: Grande Pr\u00eamio Sebrae de Jornalismo<\/p>\n<p><strong>Inscri\u00e7\u00f5es<\/strong>: de 7 de abril a 9 de junho de 2025<\/p>\n<p><strong>Per\u00edodo de veicula\u00e7\u00e3o<\/strong>: de 3 de junho de 2024 a 8 de junho de 2025<\/p>\n<p><strong>Tema central<\/strong>: Empreendedorismo com foco nos pequenos neg\u00f3cios<\/p>\n<p><strong>Subtemas<\/strong>: Bioeconomia, Inova\u00e7\u00e3o, COP-30, Startups, Inclus\u00e3o Produtiva, Empreendedorismo Feminino, etc.<\/p>\n<p><strong>Mais informa\u00e7\u00f5es e regulamento<\/strong>:<a href=\"https:\/\/sebrae.com.br\/sites\/PortalSebrae\/ufs\/mg\/sebraeaz\/12-premio-sebrae-de-jornalismo,15df1d4b941a6910VgnVCM1000001b00320aRCRD\"> [clique aqui]<\/a><\/p>\n<p><strong>Assessoria de Imprensa \u2013 Sebrae Minas<\/strong><\/p>\n<p>(31) 3379-9276 \/ 9278 \/ 9139<br \/>(31) 9.9887-2010 (WhatsApp)<br \/><a class=\"cursor-pointer\" href=\"https:\/\/www.sindijorimg.com.br\/rss\/category\/artigos#\">imprensa@sebraemg.com.br<\/a><\/p>\n<p>\u00a0<\/p>","protected":false},"excerpt":{"rendered":"<p>SEBRAE | Divulga\u00e7\u00e3o Profissionais podem inscrever seus trabalhos at\u00e9 9 de junho nas categorias Texto, \u00c1udio, V\u00eddeo, Fotojornalismo e Jornalismo Universit\u00e1rioPor Roger Dias Est\u00e3o abertas as inscri\u00e7\u00f5es para uma das principais premia\u00e7\u00f5es jornal\u00edsticas de Minas Gerais. O lan\u00e7amento da 12\u00aa edi\u00e7\u00e3o do Pr\u00eamio Sebrae de Jornalismo (PSJ) ocorreu na noite da \u00faltima ter\u00e7a-feira (6\/5), na [&hellip;]<\/p>\n","protected":false},"author":0,"featured_media":29778,"comment_status":"open","ping_status":"open","sticky":false,"template":"","format":"standard","meta":{"rop_custom_images_group":[],"rop_custom_messages_group":[],"rop_publish_now":"initial","rop_publish_now_accounts":[],"rop_publish_now_history":[],"rop_publish_now_status":"pending","footnotes":""},"categories":[6745],"tags":[],"class_list":["post-29777","post","type-post","status-publish","format-standard","has-post-thumbnail","hentry","category-coluna-sindijori"],"_links":{"self":[{"href":"https:\/\/diariotribuna.com.br\/index.php?rest_route=\/wp\/v2\/posts\/29777"}],"collection":[{"href":"https:\/\/diariotribuna.com.br\/index.php?rest_route=\/wp\/v2\/posts"}],"about":[{"href":"https:\/\/diariotribuna.com.br\/index.php?rest_route=\/wp\/v2\/types\/post"}],"replies":[{"embeddable":true,"href":"https:\/\/diariotribuna.com.br\/index.php?rest_route=%2Fwp%2Fv2%2Fcomments&post=29777"}],"version-history":[{"count":0,"href":"https:\/\/diariotribuna.com.br\/index.php?rest_route=\/wp\/v2\/posts\/29777\/revisions"}],"wp:featuredmedia":[{"embeddable":true,"href":"https:\/\/diariotribuna.com.br\/index.php?rest_route=\/wp\/v2\/media\/29778"}],"wp:attachment":[{"href":"https:\/\/diariotribuna.com.br\/index.php?rest_route=%2Fwp%2Fv2%2Fmedia&parent=29777"}],"wp:term":[{"taxonomy":"category","embeddable":true,"href":"https:\/\/diariotribuna.com.br\/index.php?rest_route=%2Fwp%2Fv2%2Fcategories&post=29777"},{"taxonomy":"post_tag","embeddable":true,"href":"https:\/\/diariotribuna.com.br\/index.php?rest_route=%2Fwp%2Fv2%2Ftags&post=29777"}],"curies":[{"name":"wp","href":"https:\/\/api.w.org\/{rel}","templated":true}]}}