{"id":29790,"date":"2025-05-12T12:25:58","date_gmt":"2025-05-12T15:25:58","guid":{"rendered":"https:\/\/diariotribuna.com.br\/?p=29790"},"modified":"2025-05-12T12:25:58","modified_gmt":"2025-05-12T15:25:58","slug":"pediatria-da-upa-divinopolis-superlotada","status":"publish","type":"post","link":"https:\/\/diariotribuna.com.br\/?p=29790","title":{"rendered":"Pediatria da UPA Divin\u00f3polis superlotada\u00a0"},"content":{"rendered":"<p><em><span>Foto: Reprodu\u00e7\u00e3o\/Portal MPA<\/span><\/em><\/p>\n<p><strong><span>COLUNA MG<\/span><\/strong><br \/><span>Principais destaques dos jornais e portais integrantes da rede Sindijori MG <\/span><br \/><span><a href=\"http:\/\/www.sindijorimg.com.br\/\">www.sindijorimg.com.br<\/a><\/span><\/p>\n<p><strong><span>Pediatria da UPA Divin\u00f3polis superlotada<\/span><\/strong><br \/><span>A Prefeitura de Divin\u00f3polis, por meio da Secretaria Municipal de Sa\u00fade (Semusa), alerta a popula\u00e7\u00e3o sobre a superlota\u00e7\u00e3o registrada no setor de pediatria da Unidade de Pronto Atendimento (UPA) Padre Roberto na quinta-feira,\u00a0 9. A taxa de ocupa\u00e7\u00e3o ultrapassa os 200%, evidenciando a alta demanda por atendimentos infantis, especialmente relacionados a doen\u00e7as respirat\u00f3rias. A situa\u00e7\u00e3o foi informada ao Minist\u00e9rio P\u00fablico e a Secretaria de Estado de Sa\u00fade est\u00e1 sendo cobrada incessantemente, uma vez que o munic\u00edpio n\u00e3o possui autonomia para realizar transfer\u00eancias pelo SUS, sendo dependente da regula\u00e7\u00e3o estadual. (Portal MPA \u2013 Divin\u00f3polis)<\/span><br \/><span><a href=\"https:\/\/www.sistemampa.com.br\/noticias\/divinopolis\/divinopolis-prefeitura-alerta-para-superlotacao-na-pediatria-da-upa\/\">https:\/\/www.sistemampa.com.br\/noticias\/divinopolis\/divinopolis-prefeitura-alerta-para-superlotacao-na-pediatria-da-upa\/<\/a><\/span><\/p>\n<p><strong><span>Nova Lima ter\u00e1 campus da CSul<\/span><\/strong><br \/><span>A PUC Minas, em parceria com a CSul, anunciou a constru\u00e7\u00e3o de um novo campus na regi\u00e3o da Lagoa dos Ingleses, em Nova Lima, com o objetivo de oferecer cursos de gradua\u00e7\u00e3o e p\u00f3s-gradua\u00e7\u00e3o em tecnologia, seguindo um conceito moderno e sustent\u00e1vel. A assinatura simb\u00f3lica do contrato foi marcada por figuras importantes da universidade e da CSul, e o projeto visa contribuir para o desenvolvimento da regi\u00e3o e promover inova\u00e7\u00e3o, qualidade de vida e sustentabilidade. O novo campus ser\u00e1 projetado como uma &#8220;cidade inteligente&#8221;, com foco em seguran\u00e7a, mobilidade e meio ambiente. (Cidade Conecta \u2013 Nova Lima)<\/span><br \/><span><a href=\"https:\/\/www.cidadeconecta.com\/noticias\/importante-universidade-anuncia-construcao-de-campus-em-nova-lima\/\">https:\/\/www.cidadeconecta.com\/noticias\/importante-universidade-anuncia-construcao-de-campus-em-nova-lima\/<\/a><\/span><\/p>\n<p><strong><span>Caratinga ganha vacim\u00f3vel <\/span><\/strong><br \/><span>A Prefeitura de Caratinga lan\u00e7ou o &#8220;vacim\u00f3vel&#8221;, uma van adaptada para ser um centro de vacina\u00e7\u00e3o itinerante, com o objetivo de ampliar o alcance da vacina\u00e7\u00e3o contra a gripe no munic\u00edpio, tanto na sede quanto nos distritos. Equipado com estrutura adequada, como refrigera\u00e7\u00e3o e espa\u00e7o para a aplica\u00e7\u00e3o das vacinas, o ve\u00edculo facilita a log\u00edstica e permite que a imuniza\u00e7\u00e3o chegue diretamente aos bairros e regi\u00f5es mais distantes. O prefeito Dr. Giovanni enfatizou a import\u00e2ncia da vacina\u00e7\u00e3o para a preven\u00e7\u00e3o e convocou a popula\u00e7\u00e3o a se vacinar, lembrando que a vacina est\u00e1 dispon\u00edvel para todos a partir dos seis meses de idade. (Di\u00e1rio de Caratinga)<\/span><br \/><span><a href=\"https:\/\/diariodecaratinga.com.br\/municipio-ganha-vacimovel-e-intensifica-campanha-de-vacinacao-contra-a-gripe\/\">https:\/\/diariodecaratinga.com.br\/municipio-ganha-vacimovel-e-intensifica-campanha-de-vacinacao-contra-a-gripe\/<\/a><\/span><\/p>\n<p><strong><span>Sete-lagoano premiado no F\u00f3rum<\/span><\/strong><br \/><span>\u00a0Na concorrida promo\u00e7\u00e3o da revista Forbes, a terceira edi\u00e7\u00e3o do powered by Forbes, que premia lideran\u00e7as do setor energ\u00e9tico (que abrange eletricidade, \u00f3leo, g\u00e1s e energias renov\u00e1veis), o sete-lagoano Alexandre Nogueira, CEO da distribuidora de energia Light, do Rio de Janeiro, foi premiado como um dos grandes destaques da noite de quarta-feira, 9, ao lado do Ministro de Minas e Energia, o tamb\u00e9m mineiro Alexandre Silveira. A maioria dos sete-lagoanos n\u00e3o sabe mas o Ministro \u00e9 tamb\u00e9m advogado e estudou na Faculdade de Direito do Unifemm, nos tempos em que o Reitor era o Professor Marcelo Viana. Ele \u00e9 ex-Delegado de Pol\u00edcia Civil. (Sete Dias \u2013 Sete Lagoas)<\/span><br \/><span><a href=\"https:\/\/www.setedias.com.br\/sete-lagoano-premiado-no-forum-brasileiro-de-lideres-em-energia\/\">https:\/\/www.setedias.com.br\/sete-lagoano-premiado-no-forum-brasileiro-de-lideres-em-energia\/<\/a><\/span><\/p>\n<p><strong><span>Defesa Civil e Amisa apresentam protocolos<\/span><\/strong><br \/><span>A Defesa Civil de Itatiaiu\u00e7u e a Associa\u00e7\u00e3o das Mineradoras da Serra Azul (Amisa) promover\u00e3o entre os dias 13 e 15 de maio os Encontros Participativos sobre Cultura de Preven\u00e7\u00e3o e Seguran\u00e7a, com o objetivo de apresentar protocolos de seguran\u00e7a e emerg\u00eancia \u00e0 popula\u00e7\u00e3o, especialmente em situa\u00e7\u00f5es envolvendo barragens de minera\u00e7\u00e3o. Durante os encontros, ser\u00e3o discutidos temas como o papel da Defesa Civil em crises, os riscos relacionados \u00e0s barragens e os procedimentos de autossalvamento. Os encontros ocorrer\u00e3o em diferentes localidades do munic\u00edpio, com a participa\u00e7\u00e3o de representantes das mineradoras associadas, e t\u00eam como objetivo promover a conscientiza\u00e7\u00e3o e a troca de conhecimentos. (Folha Povo Itatiaiu\u00e7u)<\/span><br \/><span><a href=\"https:\/\/www.folhapovoitatiaiucu.com\/prevencao-e-seguranca-defesa-civil-e-amisa-apresentam-protocolos-para-populacao\">https:\/\/www.folhapovoitatiaiucu.com\/prevencao-e-seguranca-defesa-civil-e-amisa-apresentam-protocolos-para-populacao<\/a><\/span><\/p>\n<p><strong><span>Prefeito de Jana\u00faba assume na AMM<\/span><\/strong><br \/><span>Na semana passada, o prefeito Jos\u00e9 Aparecido Mendes tomou posse como vice-presidente da Associa\u00e7\u00e3o Mineira de Munic\u00edpios (AMM) fortalecendo a representatividade dos gestores p\u00fablicos. A presen\u00e7a do prefeito de Jana\u00faba na diretoria da AMM, maior associa\u00e7\u00e3o estadual de munic\u00edpios da Am\u00e9rica Latina, \u00e9 o reconhecimento dos prefeitos mineiros ao trabalho do prefeito Jos\u00e9 Aparecido numa gest\u00e3o p\u00fablica diferenciada, que atua com responsabilidade e produtiva pelo bem-estar da popula\u00e7\u00e3o. (Gazeta Norte Mineira \u2013 Montes Claros)<\/span><br \/><span><a href=\"https:\/\/gazetanm.com.br\/prefeito-de-janauba-jose-aparecido-toma-posse-como-vice-presidente-da-associacao-mineira-de-municipios\/\">https:\/\/gazetanm.com.br\/prefeito-de-janauba-jose-aparecido-toma-posse-como-vice-presidente-da-associacao-mineira-de-municipios\/<\/a><\/span><\/p>\n<p><span><\/span><\/p>\n<p>\u00a0<\/p>","protected":false},"excerpt":{"rendered":"<p>Foto: Reprodu\u00e7\u00e3o\/Portal MPA COLUNA MGPrincipais destaques dos jornais e portais integrantes da rede Sindijori MG www.sindijorimg.com.br Pediatria da UPA Divin\u00f3polis superlotadaA Prefeitura de Divin\u00f3polis, por meio da Secretaria Municipal de Sa\u00fade (Semusa), alerta a popula\u00e7\u00e3o sobre a superlota\u00e7\u00e3o registrada no setor de pediatria da Unidade de Pronto Atendimento (UPA) Padre Roberto na quinta-feira,\u00a0 9. A [&hellip;]<\/p>\n","protected":false},"author":0,"featured_media":29791,"comment_status":"open","ping_status":"open","sticky":false,"template":"","format":"standard","meta":{"rop_custom_images_group":[],"rop_custom_messages_group":[],"rop_publish_now":"initial","rop_publish_now_accounts":[],"rop_publish_now_history":[],"rop_publish_now_status":"pending","footnotes":""},"categories":[6745],"tags":[],"class_list":["post-29790","post","type-post","status-publish","format-standard","has-post-thumbnail","hentry","category-coluna-sindijori"],"_links":{"self":[{"href":"https:\/\/diariotribuna.com.br\/index.php?rest_route=\/wp\/v2\/posts\/29790"}],"collection":[{"href":"https:\/\/diariotribuna.com.br\/index.php?rest_route=\/wp\/v2\/posts"}],"about":[{"href":"https:\/\/diariotribuna.com.br\/index.php?rest_route=\/wp\/v2\/types\/post"}],"replies":[{"embeddable":true,"href":"https:\/\/diariotribuna.com.br\/index.php?rest_route=%2Fwp%2Fv2%2Fcomments&post=29790"}],"version-history":[{"count":0,"href":"https:\/\/diariotribuna.com.br\/index.php?rest_route=\/wp\/v2\/posts\/29790\/revisions"}],"wp:featuredmedia":[{"embeddable":true,"href":"https:\/\/diariotribuna.com.br\/index.php?rest_route=\/wp\/v2\/media\/29791"}],"wp:attachment":[{"href":"https:\/\/diariotribuna.com.br\/index.php?rest_route=%2Fwp%2Fv2%2Fmedia&parent=29790"}],"wp:term":[{"taxonomy":"category","embeddable":true,"href":"https:\/\/diariotribuna.com.br\/index.php?rest_route=%2Fwp%2Fv2%2Fcategories&post=29790"},{"taxonomy":"post_tag","embeddable":true,"href":"https:\/\/diariotribuna.com.br\/index.php?rest_route=%2Fwp%2Fv2%2Ftags&post=29790"}],"curies":[{"name":"wp","href":"https:\/\/api.w.org\/{rel}","templated":true}]}}