{"id":29804,"date":"2025-05-12T23:47:12","date_gmt":"2025-05-13T02:47:12","guid":{"rendered":"https:\/\/diariotribuna.com.br\/?p=29804"},"modified":"2025-05-12T23:51:30","modified_gmt":"2025-05-13T02:51:30","slug":"pm-ambiental-prende-homem-e-apreende-aves-silvestres-em-cativeiro-ilegal","status":"publish","type":"post","link":"https:\/\/diariotribuna.com.br\/?p=29804","title":{"rendered":"PM Ambiental prende homem e apreende aves silvestres em cativeiro ilegal"},"content":{"rendered":"\n<figure class=\"wp-block-image size-full is-resized\"><img loading=\"lazy\" decoding=\"async\" width=\"700\" height=\"397\" src=\"https:\/\/diariotribuna.com.br\/wp-content\/uploads\/2025\/05\/Imagem-do-WhatsApp-de-2025-05-12-as-19.54.15_7262cf22.jpg\" alt=\"\" class=\"wp-image-29805\" style=\"width:440px;height:auto\" srcset=\"https:\/\/diariotribuna.com.br\/wp-content\/uploads\/2025\/05\/Imagem-do-WhatsApp-de-2025-05-12-as-19.54.15_7262cf22.jpg 700w, https:\/\/diariotribuna.com.br\/wp-content\/uploads\/2025\/05\/Imagem-do-WhatsApp-de-2025-05-12-as-19.54.15_7262cf22-300x170.jpg 300w, https:\/\/diariotribuna.com.br\/wp-content\/uploads\/2025\/05\/Imagem-do-WhatsApp-de-2025-05-12-as-19.54.15_7262cf22-696x395.jpg 696w\" sizes=\"(max-width: 700px) 100vw, 700px\" \/><\/figure>\n\n\n\n<p><strong>JORD\u00c2NIA \u2013 <\/strong>A Pol\u00edcia Militar de Meio Ambiente fazia patrulhamento na zona rural de Jord\u00e2nia, no Vale do Jequitinhonha, na manh\u00e3 desta segunda-feira (12\/5), quando os militares depararam com 15 aves silvestres em cativeiro ilegal na Fazenda Monte Alto, al\u00e9m de 4 armadilhas para captura de p\u00e1ssaros. O propriet\u00e1rio foi localizado, conduzido ao Quartel da PM e liberado ap\u00f3s assinar o Termo Circunstanciado de Ocorr\u00eancia (TCO).<\/p>\n\n\n\n<p>Foi lavrado contra ele, um auto de infra\u00e7\u00e3o com a penalidade fixada em R$ 21.991,25. As aves foram soltas em seu habitat, as 14 gaiolas, 1 viveiro e as armadilhas foram destru\u00eddos. <strong>Equipe 1:<\/strong> tenente Heberth Dias, sargentos Rodrigues e Martins. <strong>Equipe 2:<\/strong> sargentos Avilmar, Colares e Adaelson. (Informa\u00e7\u00f5es\/Foto: tenente Heberth Dias, comandante da Pol\u00edcia Militar de Meio Ambiente do Vale do Jequitinhonha).<\/p>\n","protected":false},"excerpt":{"rendered":"<p>JORD\u00c2NIA \u2013 A Pol\u00edcia Militar de Meio Ambiente fazia patrulhamento na zona rural de Jord\u00e2nia, no Vale do Jequitinhonha, na manh\u00e3 desta segunda-feira (12\/5), quando os militares depararam com 15 aves silvestres em cativeiro ilegal na Fazenda Monte Alto, al\u00e9m de 4 armadilhas para captura de p\u00e1ssaros. O propriet\u00e1rio foi localizado, conduzido ao Quartel da [&hellip;]<\/p>\n","protected":false},"author":1,"featured_media":29805,"comment_status":"open","ping_status":"open","sticky":false,"template":"","format":"standard","meta":{"rop_custom_images_group":[],"rop_custom_messages_group":[],"rop_publish_now":"initial","rop_publish_now_accounts":[],"rop_publish_now_history":[],"rop_publish_now_status":"pending","footnotes":""},"categories":[25,20],"tags":[7153,2414,6460,949,6459],"class_list":["post-29804","post","type-post","status-publish","format-standard","has-post-thumbnail","hentry","category-destaque","category-policia","tag-gaiolas","tag-jordania","tag-multa","tag-passaros","tag-pm-meio-ambiente"],"_links":{"self":[{"href":"https:\/\/diariotribuna.com.br\/index.php?rest_route=\/wp\/v2\/posts\/29804"}],"collection":[{"href":"https:\/\/diariotribuna.com.br\/index.php?rest_route=\/wp\/v2\/posts"}],"about":[{"href":"https:\/\/diariotribuna.com.br\/index.php?rest_route=\/wp\/v2\/types\/post"}],"author":[{"embeddable":true,"href":"https:\/\/diariotribuna.com.br\/index.php?rest_route=\/wp\/v2\/users\/1"}],"replies":[{"embeddable":true,"href":"https:\/\/diariotribuna.com.br\/index.php?rest_route=%2Fwp%2Fv2%2Fcomments&post=29804"}],"version-history":[{"count":3,"href":"https:\/\/diariotribuna.com.br\/index.php?rest_route=\/wp\/v2\/posts\/29804\/revisions"}],"predecessor-version":[{"id":29809,"href":"https:\/\/diariotribuna.com.br\/index.php?rest_route=\/wp\/v2\/posts\/29804\/revisions\/29809"}],"wp:featuredmedia":[{"embeddable":true,"href":"https:\/\/diariotribuna.com.br\/index.php?rest_route=\/wp\/v2\/media\/29805"}],"wp:attachment":[{"href":"https:\/\/diariotribuna.com.br\/index.php?rest_route=%2Fwp%2Fv2%2Fmedia&parent=29804"}],"wp:term":[{"taxonomy":"category","embeddable":true,"href":"https:\/\/diariotribuna.com.br\/index.php?rest_route=%2Fwp%2Fv2%2Fcategories&post=29804"},{"taxonomy":"post_tag","embeddable":true,"href":"https:\/\/diariotribuna.com.br\/index.php?rest_route=%2Fwp%2Fv2%2Ftags&post=29804"}],"curies":[{"name":"wp","href":"https:\/\/api.w.org\/{rel}","templated":true}]}}