{"id":29814,"date":"2025-05-13T01:27:13","date_gmt":"2025-05-13T04:27:13","guid":{"rendered":"https:\/\/diariotribuna.com.br\/?p=29814"},"modified":"2025-05-13T01:27:14","modified_gmt":"2025-05-13T04:27:14","slug":"onibus-escolar-com-18-ocupantes-tomba-na-zona-rural-de-frei-gaspar","status":"publish","type":"post","link":"https:\/\/diariotribuna.com.br\/?p=29814","title":{"rendered":"\u00d4nibus escolar com 18 ocupantes tomba na zona rural de Frei Gaspar"},"content":{"rendered":"\n<figure class=\"wp-block-gallery has-nested-images columns-default is-cropped wp-block-gallery-1 is-layout-flex wp-block-gallery-is-layout-flex\">\n<figure class=\"wp-block-image size-large\"><img loading=\"lazy\" decoding=\"async\" width=\"700\" height=\"440\" data-id=\"29816\" src=\"https:\/\/diariotribuna.com.br\/wp-content\/uploads\/2025\/05\/Imagem-do-WhatsApp-de-2025-05-12-as-23.48.33_67da83dd.jpg\" alt=\"\" class=\"wp-image-29816\" srcset=\"https:\/\/diariotribuna.com.br\/wp-content\/uploads\/2025\/05\/Imagem-do-WhatsApp-de-2025-05-12-as-23.48.33_67da83dd.jpg 700w, https:\/\/diariotribuna.com.br\/wp-content\/uploads\/2025\/05\/Imagem-do-WhatsApp-de-2025-05-12-as-23.48.33_67da83dd-300x189.jpg 300w, https:\/\/diariotribuna.com.br\/wp-content\/uploads\/2025\/05\/Imagem-do-WhatsApp-de-2025-05-12-as-23.48.33_67da83dd-696x437.jpg 696w, https:\/\/diariotribuna.com.br\/wp-content\/uploads\/2025\/05\/Imagem-do-WhatsApp-de-2025-05-12-as-23.48.33_67da83dd-668x420.jpg 668w\" sizes=\"(max-width: 700px) 100vw, 700px\" \/><\/figure>\n\n\n\n<figure class=\"wp-block-image size-large\"><img loading=\"lazy\" decoding=\"async\" width=\"700\" height=\"402\" data-id=\"29815\" src=\"https:\/\/diariotribuna.com.br\/wp-content\/uploads\/2025\/05\/Imagem-do-WhatsApp-de-2025-05-12-as-23.48.32_f0dd6ca5.jpg\" alt=\"\" class=\"wp-image-29815\" srcset=\"https:\/\/diariotribuna.com.br\/wp-content\/uploads\/2025\/05\/Imagem-do-WhatsApp-de-2025-05-12-as-23.48.32_f0dd6ca5.jpg 700w, https:\/\/diariotribuna.com.br\/wp-content\/uploads\/2025\/05\/Imagem-do-WhatsApp-de-2025-05-12-as-23.48.32_f0dd6ca5-300x172.jpg 300w, https:\/\/diariotribuna.com.br\/wp-content\/uploads\/2025\/05\/Imagem-do-WhatsApp-de-2025-05-12-as-23.48.32_f0dd6ca5-696x400.jpg 696w\" sizes=\"(max-width: 700px) 100vw, 700px\" \/><\/figure>\n<\/figure>\n\n\n\n<p>A Pol\u00edcia Militar foi acionada para averiguar informa\u00e7\u00f5es sobre um acidente ocorrido na zona rural de Frei Gaspar, nesta segunda-feira (12\/5), onde o motorista de um \u00f4nibus escolar teria perdido o controle da dire\u00e7\u00e3o com tombamento do ve\u00edculo. Ainda segundo as informa\u00e7\u00f5es recebidas pela PM, o \u00f4nibus transportava alunos e alguns deles sofreram pequenas escoria\u00e7\u00f5es, recebendo atendimento m\u00e9dico na unidade b\u00e1sica de sa\u00fade do munic\u00edpio.<\/p>\n\n\n\n<p>O motorista tamb\u00e9m havia sido socorrido e encaminhado para atendimento m\u00e9dico. O fato acontecido por volta das 12h, aproximadamente seis quil\u00f4metros do per\u00edmetro urbano, no C\u00f3rrego dos Lima, e o ve\u00edculo transportava crian\u00e7as e adolescentes da Escola Estadual Salmen Bukzem, da Escola Municipal Lua de Papel e da creche Vocaia. Alguns alunos haviam descido do \u00f4nibus antes do acidente.<\/p>\n\n\n\n<p>No local, os militares depararam com alunos e diversos representantes legais, dentre pais, av\u00f3s e outros familiares, e alguns servidores p\u00fablicos da prefeitura de Frei Gaspar, inclusive os secret\u00e1rios de Educa\u00e7\u00e3o e de Obras. Segundo informado, no \u00f4nibus havia 17 passageiros e o motorista. Deles, ficaram feridos uma crian\u00e7a de 8 anos e 3 adolescentes de 12, 13 e 16 anos, sendo socorridos em ambul\u00e2ncias da cidade, e atendidos na unidade de sa\u00fade local.<\/p>\n\n\n\n<p>Dos quatro, dois foram encaminhados ao Hospital Nossa Senhora dos Anjos de Itambacuri, para a realiza\u00e7\u00e3o de exames complementares, pois queixavam-se de dores, e o motorista tamb\u00e9m seguiu para o mesmo hospital com ferimento no bra\u00e7o, tamb\u00e9m para ser submetido a exames. O motorista disse que seguia na estrada de terra, quando em uma pequena curva, devido \u00e0s condi\u00e7\u00f5es da pista que estava muito molhada e com lama da forte chuva que caia no momento, perdeu o controle, deslizou para as margens da via, colidiu a lateral esquerda do ve\u00edculo na cerca que fica abaixo do n\u00edvel da estrada, fazendo com que o \u00f4nibus tombasse.<\/p>\n\n\n\n<p>Ainda segundo ele, para que todos sa\u00edssem do ve\u00edculo foi necess\u00e1rio arrancar o vidro dianteiro. Segundo o tenente, o motorista \u00e9 habilitado nas categorias \u201cAD\u201d, foi convidado a fazer o teste de alcoolemia, com resultado negativo para o consumo de \u00e1lcool. O \u00f4nibus estava com a documenta\u00e7\u00e3o regular, sendo liberado para a prefeitura. Por quest\u00e3o de seguran\u00e7a devido aos danos sofridos ele foi retirado do local no guincho da pr\u00f3pria prefeitura. (Informa\u00e7\u00f5es\/Fotos: tenente Reinaldo Martins, comandante do 1\u00ba Pelot\u00e3o da 155\u00aa Cia PM Itambacuri).<\/p>\n","protected":false},"excerpt":{"rendered":"<p>A Pol\u00edcia Militar foi acionada para averiguar informa\u00e7\u00f5es sobre um acidente ocorrido na zona rural de Frei Gaspar, nesta segunda-feira (12\/5), onde o motorista de um \u00f4nibus escolar teria perdido o controle da dire\u00e7\u00e3o com tombamento do ve\u00edculo. Ainda segundo as informa\u00e7\u00f5es recebidas pela PM, o \u00f4nibus transportava alunos e alguns deles sofreram pequenas escoria\u00e7\u00f5es, [&hellip;]<\/p>\n","protected":false},"author":1,"featured_media":29815,"comment_status":"open","ping_status":"open","sticky":false,"template":"","format":"standard","meta":{"rop_custom_images_group":[],"rop_custom_messages_group":[],"rop_publish_now":"initial","rop_publish_now_accounts":[],"rop_publish_now_history":[],"rop_publish_now_status":"pending","footnotes":""},"categories":[25,18],"tags":[3349,293,6231,76,4402],"class_list":["post-29814","post","type-post","status-publish","format-standard","has-post-thumbnail","hentry","category-destaque","category-regiao","tag-feridos","tag-frei-gaspar","tag-onibus-escolar","tag-policia-militar","tag-tombamento"],"_links":{"self":[{"href":"https:\/\/diariotribuna.com.br\/index.php?rest_route=\/wp\/v2\/posts\/29814"}],"collection":[{"href":"https:\/\/diariotribuna.com.br\/index.php?rest_route=\/wp\/v2\/posts"}],"about":[{"href":"https:\/\/diariotribuna.com.br\/index.php?rest_route=\/wp\/v2\/types\/post"}],"author":[{"embeddable":true,"href":"https:\/\/diariotribuna.com.br\/index.php?rest_route=\/wp\/v2\/users\/1"}],"replies":[{"embeddable":true,"href":"https:\/\/diariotribuna.com.br\/index.php?rest_route=%2Fwp%2Fv2%2Fcomments&post=29814"}],"version-history":[{"count":1,"href":"https:\/\/diariotribuna.com.br\/index.php?rest_route=\/wp\/v2\/posts\/29814\/revisions"}],"predecessor-version":[{"id":29817,"href":"https:\/\/diariotribuna.com.br\/index.php?rest_route=\/wp\/v2\/posts\/29814\/revisions\/29817"}],"wp:featuredmedia":[{"embeddable":true,"href":"https:\/\/diariotribuna.com.br\/index.php?rest_route=\/wp\/v2\/media\/29815"}],"wp:attachment":[{"href":"https:\/\/diariotribuna.com.br\/index.php?rest_route=%2Fwp%2Fv2%2Fmedia&parent=29814"}],"wp:term":[{"taxonomy":"category","embeddable":true,"href":"https:\/\/diariotribuna.com.br\/index.php?rest_route=%2Fwp%2Fv2%2Fcategories&post=29814"},{"taxonomy":"post_tag","embeddable":true,"href":"https:\/\/diariotribuna.com.br\/index.php?rest_route=%2Fwp%2Fv2%2Ftags&post=29814"}],"curies":[{"name":"wp","href":"https:\/\/api.w.org\/{rel}","templated":true}]}}