{"id":29818,"date":"2025-05-13T09:19:27","date_gmt":"2025-05-13T12:19:27","guid":{"rendered":"https:\/\/diariotribuna.com.br\/?p=29818"},"modified":"2025-05-13T09:19:27","modified_gmt":"2025-05-13T12:19:27","slug":"projeto-compra-estrategica-mobiliza-produtores-rurais-na-zona-da-mata","status":"publish","type":"post","link":"https:\/\/diariotribuna.com.br\/?p=29818","title":{"rendered":"Projeto Compra Estrat\u00e9gica mobiliza produtores rurais na Zona da Mata\u00a0"},"content":{"rendered":"<p class=\"MsoNormal\"><span>FAEMG SENAR | Divulga\u00e7\u00e3o<\/span><\/p>\n<p><span><\/span><span><\/span><\/p>\n<p>Com foco na aquisi\u00e7\u00e3o coletiva de insumos, o Projeto Compra Estrat\u00e9gica, do Sistema Faemg Senar, mobilizou mais de <strong>150 participantes<\/strong> em <strong>cinco encontros de sensibiliza\u00e7\u00e3o<\/strong> realizados na \u00faltima semana nos munic\u00edpios de <strong>Pira\u00faba, Conselheiro Lafaiete, Entre Rios de Minas, Guarani<\/strong> e <strong>Juiz de Fora<\/strong>.<\/p>\n<p>A iniciativa \u00e9 resultado de uma parceria entre o <strong>Instituto Ant\u00f4nio Ernesto de Salvo (INAES)<\/strong> \u2014 n\u00facleo de inova\u00e7\u00e3o, projetos e pesquisa do Sistema Faemg Senar \u2014, <strong>sindicatos de produtores rurais<\/strong> e a <strong>Bioma Investimentos<\/strong>. O objetivo \u00e9 ampliar o acesso a <strong>insumos agr\u00edcolas com pre\u00e7os mais competitivos<\/strong>, possibilitando aquisi\u00e7\u00f5es em momentos estrat\u00e9gicos do calend\u00e1rio produtivo.<\/p>\n<p>Como pr\u00f3ximo passo, ser\u00e3o criados <strong>grupos de WhatsApp por munic\u00edpio<\/strong>, com o intuito de facilitar o compartilhamento de ofertas e a coleta de demandas locais, fortalecendo a comunica\u00e7\u00e3o entre produtores e fornecedores.<\/p>\n<p>No munic\u00edpio de <strong>Paula C\u00e2ndido<\/strong>, onde o projeto j\u00e1 est\u00e1 em opera\u00e7\u00e3o, os resultados t\u00eam sido promissores. Os produtores locais registraram uma <strong>economia m\u00e9dia de 9%<\/strong> na compra de itens como <strong>caro\u00e7o de algod\u00e3o e farelo de soja<\/strong>, al\u00e9m de avan\u00e7os na <strong>organiza\u00e7\u00e3o da log\u00edstica de distribui\u00e7\u00e3o<\/strong>. A atua\u00e7\u00e3o em conjunto tamb\u00e9m gerou <strong>redu\u00e7\u00e3o nos pre\u00e7os praticados por fornecedores da regi\u00e3o<\/strong>.<\/p>\n<p>\u201cA iniciativa tem potencial para se consolidar como um modelo de refer\u00eancia para os sindicatos em todo o estado, fortalecendo a competitividade na compra de insumos e promovendo maior efici\u00eancia no uso de recursos e no entendimento de mercado\u201d, destaca <strong>Bruno Rocha<\/strong>, gerente executivo do INAES.<\/p>\n\n<p>\u00a0<\/p>","protected":false},"excerpt":{"rendered":"<p>FAEMG SENAR | Divulga\u00e7\u00e3o Com foco na aquisi\u00e7\u00e3o coletiva de insumos, o Projeto Compra Estrat\u00e9gica, do Sistema Faemg Senar, mobilizou mais de 150 participantes em cinco encontros de sensibiliza\u00e7\u00e3o realizados na \u00faltima semana nos munic\u00edpios de Pira\u00faba, Conselheiro Lafaiete, Entre Rios de Minas, Guarani e Juiz de Fora. A iniciativa \u00e9 resultado de uma parceria [&hellip;]<\/p>\n","protected":false},"author":0,"featured_media":29819,"comment_status":"open","ping_status":"open","sticky":false,"template":"","format":"standard","meta":{"rop_custom_images_group":[],"rop_custom_messages_group":[],"rop_publish_now":"initial","rop_publish_now_accounts":[],"rop_publish_now_history":[],"rop_publish_now_status":"pending","footnotes":""},"categories":[6745],"tags":[],"class_list":["post-29818","post","type-post","status-publish","format-standard","has-post-thumbnail","hentry","category-coluna-sindijori"],"_links":{"self":[{"href":"https:\/\/diariotribuna.com.br\/index.php?rest_route=\/wp\/v2\/posts\/29818"}],"collection":[{"href":"https:\/\/diariotribuna.com.br\/index.php?rest_route=\/wp\/v2\/posts"}],"about":[{"href":"https:\/\/diariotribuna.com.br\/index.php?rest_route=\/wp\/v2\/types\/post"}],"replies":[{"embeddable":true,"href":"https:\/\/diariotribuna.com.br\/index.php?rest_route=%2Fwp%2Fv2%2Fcomments&post=29818"}],"version-history":[{"count":0,"href":"https:\/\/diariotribuna.com.br\/index.php?rest_route=\/wp\/v2\/posts\/29818\/revisions"}],"wp:featuredmedia":[{"embeddable":true,"href":"https:\/\/diariotribuna.com.br\/index.php?rest_route=\/wp\/v2\/media\/29819"}],"wp:attachment":[{"href":"https:\/\/diariotribuna.com.br\/index.php?rest_route=%2Fwp%2Fv2%2Fmedia&parent=29818"}],"wp:term":[{"taxonomy":"category","embeddable":true,"href":"https:\/\/diariotribuna.com.br\/index.php?rest_route=%2Fwp%2Fv2%2Fcategories&post=29818"},{"taxonomy":"post_tag","embeddable":true,"href":"https:\/\/diariotribuna.com.br\/index.php?rest_route=%2Fwp%2Fv2%2Ftags&post=29818"}],"curies":[{"name":"wp","href":"https:\/\/api.w.org\/{rel}","templated":true}]}}