{"id":29820,"date":"2025-05-13T10:34:54","date_gmt":"2025-05-13T13:34:54","guid":{"rendered":"https:\/\/diariotribuna.com.br\/?p=29820"},"modified":"2025-05-13T10:34:54","modified_gmt":"2025-05-13T13:34:54","slug":"ufv-cria-curativo-biodegradavel","status":"publish","type":"post","link":"https:\/\/diariotribuna.com.br\/?p=29820","title":{"rendered":"UFV cria curativo biodegrad\u00e1vel\u00a0"},"content":{"rendered":"<p><!-- [if gte mso 9]&gt;--><\/p>\n<p><!-- [if gte mso 9]&gt;--><\/p>\n<p>  Normal<br \/>\n  0<\/p>\n<p>  21<\/p>\n<p>  false<br \/>\n  false<br \/>\n  false<\/p>\n<p>  PT-BR<br \/>\n  X-NONE<br \/>\n  X-NONE<\/p>\n<p><!-- [if gte mso 9]&gt;--><\/p>\n<p><!-- [if gte mso 10]&gt;--><\/p>\n<p> \/* Style Definitions *\/<br \/>\n table.MsoNormalTable<br \/>\n\t{mso-style-name:&#8221;Tabela normal&#8221;;<br \/>\n\tmso-tstyle-rowband-size:0;<br \/>\n\tmso-tstyle-colband-size:0;<br \/>\n\tmso-style-noshow:yes;<br \/>\n\tmso-style-priority:99;<br \/>\n\tmso-style-parent:&#8221;&#8221;;<br \/>\n\tmso-padding-alt:0cm 5.4pt 0cm 5.4pt;<br \/>\n\tmso-para-margin-top:0cm;<br \/>\n\tmso-para-margin-right:0cm;<br \/>\n\tmso-para-margin-bottom:8.0pt;<br \/>\n\tmso-para-margin-left:0cm;<br \/>\n\tline-height:115%;<br \/>\n\tmso-pagination:widow-orphan;<br \/>\n\tfont-size:12.0pt;<br \/>\n\tfont-family:&#8221;Aptos&#8221;,sans-serif;<br \/>\n\tmso-ascii-font-family:Aptos;<br \/>\n\tmso-ascii-theme-font:minor-latin;<br \/>\n\tmso-hansi-font-family:Aptos;<br \/>\n\tmso-hansi-theme-font:minor-latin;<br \/>\n\tmso-font-kerning:1.0pt;<br \/>\n\tmso-ligatures:standardcontextual;<br \/>\n\tmso-fareast-language:EN-US;}<\/p>\n<p class=\"MsoNormal\">\n<\/p><p class=\"MsoNormal\"><span>Foto: Divulga\u00e7\u00e3o<\/span><\/p>\n<p class=\"MsoNoSpacing\"><span>\u00a0<\/span><\/p>\n<p class=\"MsoNoSpacing\"><span>COLUNA MG<\/span><\/p>\n<p class=\"MsoNoSpacing\"><span>Principais destaques dos jornais e portais integrantes da rede Sindijori MG <\/span><\/p>\n<p class=\"MsoNoSpacing\"><span><a href=\"http:\/\/www.sindijorimg.com.br\/\">www.sindijorimg.com.br<\/a><\/span><\/p>\n<p class=\"MsoNormal\"><span>\u00a0<\/span><\/p>\n<p class=\"MsoNormal\"><span>UFV cria curativo biodegrad\u00e1vel<\/span><\/p>\n<p class=\"MsoNormal\"><span>Uma pesquisa do Programa de P\u00f3s-Gradua\u00e7\u00e3o em Qu\u00edmica da Universidade Federal de Vi\u00e7osa (UFV) \u00e9 respons\u00e1vel por desenvolver um curativo biodegrad\u00e1vel e altamente eficiente no processo de cicatriza\u00e7\u00e3o de feridas da pele. A bandagem re\u00fane propriedades como biocompatibilidade, atividade antimicrobiana, elevada capacidade de absor\u00e7\u00e3o e libera\u00e7\u00e3o controlada de princ\u00edpios ativos. O trabalho, inclusive, por tamanha inova\u00e7\u00e3o, ser\u00e1 patenteado pela UFV. O produto \u00e9 detentor de um sistema \u00fanico que auxilia no processo de cicatriza\u00e7\u00e3o. (Folha da Mata \u2013 Vi\u00e7osa)<\/span><\/p>\n<p class=\"MsoNormal\"><span>https:\/\/www.folhadamata.com.br\/pesquisadores-da-ufv-criam-curativo-biodegradavel-para-tratamento-de-feridas<\/span><\/p>\n<p class=\"MsoNormal\"><span>\u00a0<\/span><\/p>\n<p class=\"MsoNormal\"><span>IF investe 1,7 milh\u00e3o em Te\u00f3filo Otoni<\/span><\/p>\n<p class=\"MsoNormal\"><span>O IFNMG-Campus Te\u00f3filo Otoni inaugurou o M\u00f3dulo I do pr\u00e9dio pedag\u00f3gico, as salas modulares e a reforma do cercamento, totalizando R$ 1.794.673,65 em investimentos. Os recursos vieram da Setec\/MEC e de emendas parlamentares. O novo pr\u00e9dio pedag\u00f3gico recebeu R$ 991.496,41; as salas modulares, R$ 654.000,00; e o cercamento, R$ 149.177,24. As melhorias ampliam a infraestrutura, oferecem mais seguran\u00e7a e fortalecem o ambiente de ensino. (Di\u00e1rio Tribuna \u2013 Te\u00f3filo Otoni)<\/span><\/p>\n<p class=\"MsoNormal\"><span>https:\/\/diariotribuna.com.br\/?p=29792<\/span><\/p>\n<p class=\"MsoNormal\"><span>\u00a0<\/span><\/p>\n<p class=\"MsoNormal\"><span>Codemge vai conceder Thermas<\/span><\/p>\n<p class=\"MsoNormal\"><span>A Companhia de Desenvolvimento de Minas Gerais (Codemge) lan\u00e7ou, na semana passada, edital para concess\u00e3o da Thermas Ant\u00f4nio Carlos. A licita\u00e7\u00e3o est\u00e1 marcada para 14 de julho. A concess\u00e3o tem como objetivo buscar um parceiro privado com expertise para gerir o espa\u00e7o de forma a promov\u00ea-lo, integr\u00e1-lo a outros atrativos tur\u00edsticos de Po\u00e7os de Caldas. Somado a isso, o futuro concession\u00e1rio dever\u00e1 realizar investimentos para reformas de conserva\u00e7\u00e3o e restaura\u00e7\u00e3o da Thermas Ant\u00f4nio Carlos e da Fonte Pedro Botelho. S\u00e3o mais de R$ 7 milh\u00f5es de investimentos previstos, sendo R$ 6,2 milh\u00f5es de aporte da Companhia. (Jornal Mantiqueira \u2013 Po\u00e7os de Caldas)<\/span><\/p>\n<p class=\"MsoNormal\"><span><a href=\"https:\/\/www.jornalmantiqueira.com.br\/2025\/05\/10\/codemge-lanca-edital-de-concessao-das-thermas-antonio-carlos\/\">https:\/\/www.jornalmantiqueira.com.br\/2025\/05\/10\/codemge-lanca-edital-de-concessao-das-thermas-antonio-carlos\/<\/a><\/span><\/p>\n<p class=\"MsoNormal\"><span>\u00a0<\/span><\/p>\n<p class=\"MsoNormal\"><span>Verticaliza\u00e7\u00e3o afeta mem\u00f3ria de JF<\/span><\/p>\n<p class=\"MsoNormal\"><span>O aumento da popula\u00e7\u00e3o de Juiz de Fora nos \u00faltimos anos \u00e9 refletido em um fen\u00f4meno relacionado \u00e0 urbaniza\u00e7\u00e3o: a verticaliza\u00e7\u00e3o, que se refere a um aumento no n\u00famero de constru\u00e7\u00f5es verticais para servirem de moradia para um maior n\u00famero de pessoas. Entretanto, para a constru\u00e7\u00e3o de pr\u00e9dios, em alguns casos, s\u00e3o derrubados casar\u00f5es hist\u00f3ricos. Consequentemente, a mem\u00f3ria da cidade, enquanto patrim\u00f4nio cultural, pode ser destru\u00edda. (Tribuna de Minas \u2013 Juiz de Fora)<\/span><\/p>\n<p class=\"MsoNormal\"><span><a href=\"https:\/\/tribunademinas.com.br\/noticias\/cultura\/11-05-2025\/casaroes-historicos-verticalizacao.html\">https:\/\/tribunademinas.com.br\/noticias\/cultura\/11-05-2025\/casaroes-historicos-verticalizacao.html<\/a><\/span><\/p>\n<p class=\"MsoNormal\"><span>\u00a0<\/span><\/p>\n<p class=\"MsoNormal\"><span>MG dobra vendas de eletrificados<\/span><\/p>\n<p class=\"MsoNormal\"><span>Em 2025, os ve\u00edculos el\u00e9tricos e h\u00edbridos seguem consolidando-se no mercado brasileiro, incluindo em Minas Gerais. Entre janeiro e abril, as vendas j\u00e1 representam mais que o dobro frente a igual per\u00edodo de 2024: 6.330 x 3.079, conforme aponta o estudo realizado pela Associa\u00e7\u00e3o Brasileira do Ve\u00edculo El\u00e9trico. Somente em abril, 2.509 unidades foram comercializadas em territ\u00f3rio mineiro, representando 10,4% do marketshare nacional. Com o crescimento, o Estado agora ocupa a segunda coloca\u00e7\u00e3o dentre os maiores mercados do Brasil, atr\u00e1s apenas de S\u00e3o Paulo, que det\u00e9m 30,3% do mercado com 6.007 emplacamentos. (Di\u00e1rio do Com\u00e9rcio \u2013 Belo Horizonte)<\/span><\/p>\n<p class=\"MsoNormal\"><span>https:\/\/diariodocomercio.com.br\/economia\/minas-gerais-mais-que-dobra-vendas-veiculos-eletricos-hibridos\/<\/span><\/p>\n<p class=\"MsoNormal\"><span>\u00a0<\/span><\/p>\n<p class=\"MsoNormal\"><span>Cemig investe R$ 360 mi em manuten\u00e7\u00e3o<\/span><\/p>\n<p class=\"MsoNormal\"><span>Entre os meses de maio e outubro deste ano, a Cemig vai intensificar as a\u00e7\u00f5es de manuten\u00e7\u00e3o preventiva em todos os 774 munic\u00edpios da sua \u00e1rea de concess\u00e3o, visando principalmente aumentar a resili\u00eancia da rede de distribui\u00e7\u00e3o. Para isso, a companhia ir\u00e1 destinar cerca de R$ 360 milh\u00f5es, valor que supera em 15% o realizado em 2024. Nas regi\u00f5es sul e centro-oeste do estado, a Cemig vai realizar cerca de 100 mil podas de \u00e1rvores e realizar a limpeza de 9,9 mil km de linhas e redes em um investimento de R$ 52,5 milh\u00f5es, que \u00e9 25% superior ao realizado no ano passado. (Pouso Alegre em Foco)<\/span><\/p>\n<p class=\"MsoNormal\"><span><a href=\"https:\/\/pousoalegreemfoco.com.br\/noticia\/1947\/cemig-ira-investir-r-360-milhoes-acoes\">https:\/\/pousoalegreemfoco.com.br\/noticia\/1947\/cemig-ira-investir-r-360-milhoes-acoes<\/a><\/span><\/p>\n\n<p>\u00a0<\/p>","protected":false},"excerpt":{"rendered":"<p>Normal 0 21 false false false PT-BR X-NONE X-NONE \/* Style Definitions *\/ table.MsoNormalTable {mso-style-name:&#8221;Tabela normal&#8221;; mso-tstyle-rowband-size:0; mso-tstyle-colband-size:0; mso-style-noshow:yes; mso-style-priority:99; mso-style-parent:&#8221;&#8221;; mso-padding-alt:0cm 5.4pt 0cm 5.4pt; mso-para-margin-top:0cm; mso-para-margin-right:0cm; mso-para-margin-bottom:8.0pt; mso-para-margin-left:0cm; line-height:115%; mso-pagination:widow-orphan; font-size:12.0pt; font-family:&#8221;Aptos&#8221;,sans-serif; mso-ascii-font-family:Aptos; mso-ascii-theme-font:minor-latin; mso-hansi-font-family:Aptos; mso-hansi-theme-font:minor-latin; mso-font-kerning:1.0pt; mso-ligatures:standardcontextual; mso-fareast-language:EN-US;} Foto: Divulga\u00e7\u00e3o \u00a0 COLUNA MG Principais destaques dos jornais e portais integrantes da rede Sindijori [&hellip;]<\/p>\n","protected":false},"author":0,"featured_media":29821,"comment_status":"open","ping_status":"open","sticky":false,"template":"","format":"standard","meta":{"rop_custom_images_group":[],"rop_custom_messages_group":[],"rop_publish_now":"initial","rop_publish_now_accounts":[],"rop_publish_now_history":[],"rop_publish_now_status":"pending","footnotes":""},"categories":[6745],"tags":[],"class_list":["post-29820","post","type-post","status-publish","format-standard","has-post-thumbnail","hentry","category-coluna-sindijori"],"_links":{"self":[{"href":"https:\/\/diariotribuna.com.br\/index.php?rest_route=\/wp\/v2\/posts\/29820"}],"collection":[{"href":"https:\/\/diariotribuna.com.br\/index.php?rest_route=\/wp\/v2\/posts"}],"about":[{"href":"https:\/\/diariotribuna.com.br\/index.php?rest_route=\/wp\/v2\/types\/post"}],"replies":[{"embeddable":true,"href":"https:\/\/diariotribuna.com.br\/index.php?rest_route=%2Fwp%2Fv2%2Fcomments&post=29820"}],"version-history":[{"count":0,"href":"https:\/\/diariotribuna.com.br\/index.php?rest_route=\/wp\/v2\/posts\/29820\/revisions"}],"wp:featuredmedia":[{"embeddable":true,"href":"https:\/\/diariotribuna.com.br\/index.php?rest_route=\/wp\/v2\/media\/29821"}],"wp:attachment":[{"href":"https:\/\/diariotribuna.com.br\/index.php?rest_route=%2Fwp%2Fv2%2Fmedia&parent=29820"}],"wp:term":[{"taxonomy":"category","embeddable":true,"href":"https:\/\/diariotribuna.com.br\/index.php?rest_route=%2Fwp%2Fv2%2Fcategories&post=29820"},{"taxonomy":"post_tag","embeddable":true,"href":"https:\/\/diariotribuna.com.br\/index.php?rest_route=%2Fwp%2Fv2%2Ftags&post=29820"}],"curies":[{"name":"wp","href":"https:\/\/api.w.org\/{rel}","templated":true}]}}