{"id":29826,"date":"2025-05-13T21:42:34","date_gmt":"2025-05-14T00:42:34","guid":{"rendered":"https:\/\/diariotribuna.com.br\/?p=29826"},"modified":"2025-05-16T13:15:09","modified_gmt":"2025-05-16T16:15:09","slug":"suspeito-de-abusar-sexualmente-das-filhas-e-preso-em-itambacuri","status":"publish","type":"post","link":"https:\/\/diariotribuna.com.br\/?p=29826","title":{"rendered":"Suspeito de abusar sexualmente das filhas \u00e9 preso em Itambacuri"},"content":{"rendered":"\n<figure class=\"wp-block-image size-full is-resized\"><img loading=\"lazy\" decoding=\"async\" width=\"700\" height=\"438\" src=\"https:\/\/diariotribuna.com.br\/wp-content\/uploads\/2025\/05\/PCMG-EM-ACAO.png\" alt=\"\" class=\"wp-image-29827\" style=\"width:439px;height:auto\" srcset=\"https:\/\/diariotribuna.com.br\/wp-content\/uploads\/2025\/05\/PCMG-EM-ACAO.png 700w, https:\/\/diariotribuna.com.br\/wp-content\/uploads\/2025\/05\/PCMG-EM-ACAO-300x188.png 300w, https:\/\/diariotribuna.com.br\/wp-content\/uploads\/2025\/05\/PCMG-EM-ACAO-696x435.png 696w, https:\/\/diariotribuna.com.br\/wp-content\/uploads\/2025\/05\/PCMG-EM-ACAO-671x420.png 671w\" sizes=\"(max-width: 700px) 100vw, 700px\" \/><\/figure>\n\n\n\n<p>Uma investiga\u00e7\u00e3o da Pol\u00edcia Civil de Minas Gerais sobre estupro de vulner\u00e1vel resultou na pris\u00e3o tempor\u00e1ria de um homem, de 31 anos, suspeito de abusar das pr\u00f3prias filhas, de 8 e 10 anos. O mandado foi cumprido na segunda-feira (12\/5), em Itambacuri.<\/p>\n\n\n\n<p>As apura\u00e7\u00f5es, conduzidas pela Delegacia de Pol\u00edcia local, tiveram in\u00edcio em abril, ap\u00f3s comunica\u00e7\u00e3o do Conselho Tutelar, com base em informa\u00e7\u00f5es repassadas pela escola frequentada pelas v\u00edtimas. \u201cA pronta articula\u00e7\u00e3o da rede de prote\u00e7\u00e3o foi essencial para o encaminhamento da den\u00fancia e o in\u00edcio da apura\u00e7\u00e3o\u201d, destaca o delegado Fernando Varella.<\/p>\n\n\n\n<p>Com os elementos reunidos, a PCMG representou pela pris\u00e3o do investigado, e o mandado foi expedido pela Justi\u00e7a, com parecer favor\u00e1vel do Minist\u00e9rio P\u00fablico. Ap\u00f3s o cumprimento da medida, o suspeito foi encaminhado ao sistema prisional.<\/p>\n\n\n\n<p>\u201cA a\u00e7\u00e3o refor\u00e7a o compromisso da PCMG com a prote\u00e7\u00e3o da inf\u00e2ncia e da juventude, especialmente neste m\u00eas, quando se intensificam as a\u00e7\u00f5es institucionais de conscientiza\u00e7\u00e3o no \u00e2mbito do Maio Laranja [campanha de conscientiza\u00e7\u00e3o contra a explora\u00e7\u00e3o e o abuso sexual infantojuvenil]\u201d, pontua o delegado. (Informa\u00e7\u00f5es: assessoria de comunica\u00e7\u00e3o da PCMG).<\/p>\n","protected":false},"excerpt":{"rendered":"<p>Uma investiga\u00e7\u00e3o da Pol\u00edcia Civil de Minas Gerais sobre estupro de vulner\u00e1vel resultou na pris\u00e3o tempor\u00e1ria de um homem, de 31 anos, suspeito de abusar das pr\u00f3prias filhas, de 8 e 10 anos. O mandado foi cumprido na segunda-feira (12\/5), em Itambacuri. As apura\u00e7\u00f5es, conduzidas pela Delegacia de Pol\u00edcia local, tiveram in\u00edcio em abril, ap\u00f3s [&hellip;]<\/p>\n","protected":false},"author":1,"featured_media":29827,"comment_status":"open","ping_status":"open","sticky":false,"template":"","format":"standard","meta":{"rop_custom_images_group":[],"rop_custom_messages_group":[],"rop_publish_now":"initial","rop_publish_now_accounts":[],"rop_publish_now_history":[],"rop_publish_now_status":"pending","footnotes":""},"categories":[20],"tags":[2351,1086,7155,96,292,2484],"class_list":["post-29826","post","type-post","status-publish","format-standard","has-post-thumbnail","hentry","category-policia","tag-criancas","tag-estupro","tag-filhas","tag-itambacuri","tag-policia-civil","tag-um-preso"],"_links":{"self":[{"href":"https:\/\/diariotribuna.com.br\/index.php?rest_route=\/wp\/v2\/posts\/29826"}],"collection":[{"href":"https:\/\/diariotribuna.com.br\/index.php?rest_route=\/wp\/v2\/posts"}],"about":[{"href":"https:\/\/diariotribuna.com.br\/index.php?rest_route=\/wp\/v2\/types\/post"}],"author":[{"embeddable":true,"href":"https:\/\/diariotribuna.com.br\/index.php?rest_route=\/wp\/v2\/users\/1"}],"replies":[{"embeddable":true,"href":"https:\/\/diariotribuna.com.br\/index.php?rest_route=%2Fwp%2Fv2%2Fcomments&post=29826"}],"version-history":[{"count":1,"href":"https:\/\/diariotribuna.com.br\/index.php?rest_route=\/wp\/v2\/posts\/29826\/revisions"}],"predecessor-version":[{"id":29828,"href":"https:\/\/diariotribuna.com.br\/index.php?rest_route=\/wp\/v2\/posts\/29826\/revisions\/29828"}],"wp:featuredmedia":[{"embeddable":true,"href":"https:\/\/diariotribuna.com.br\/index.php?rest_route=\/wp\/v2\/media\/29827"}],"wp:attachment":[{"href":"https:\/\/diariotribuna.com.br\/index.php?rest_route=%2Fwp%2Fv2%2Fmedia&parent=29826"}],"wp:term":[{"taxonomy":"category","embeddable":true,"href":"https:\/\/diariotribuna.com.br\/index.php?rest_route=%2Fwp%2Fv2%2Fcategories&post=29826"},{"taxonomy":"post_tag","embeddable":true,"href":"https:\/\/diariotribuna.com.br\/index.php?rest_route=%2Fwp%2Fv2%2Ftags&post=29826"}],"curies":[{"name":"wp","href":"https:\/\/api.w.org\/{rel}","templated":true}]}}