{"id":29829,"date":"2025-05-14T12:13:40","date_gmt":"2025-05-14T15:13:40","guid":{"rendered":"https:\/\/diariotribuna.com.br\/?p=29829"},"modified":"2025-05-14T12:13:40","modified_gmt":"2025-05-14T15:13:40","slug":"montes-claros-em-situacao-de-emergencia","status":"publish","type":"post","link":"https:\/\/diariotribuna.com.br\/?p=29829","title":{"rendered":"Montes Claros em situa\u00e7\u00e3o de emerg\u00eancia\u00a0"},"content":{"rendered":"<p><em><span>Foto: Reprodu\u00e7\u00e3o &#8211; Gazeta Norte Mineira<\/span><\/em><\/p>\n<p><strong><span>COLUNA MG<\/span><\/strong><br \/><span>Principais destaques dos jornais e portais integrantes da rede Sindijori MG <\/span><br \/><span><a href=\"http:\/\/www.sindijorimg.com.br\/\">www.sindijorimg.com.br<\/a><\/span><\/p>\n<p><strong><span>Montes Claros em situa\u00e7\u00e3o de emerg\u00eancia<\/span><\/strong><br \/><span>Atrav\u00e9s de Decreto Municipal de 12 de maio de 2025, o Munic\u00edpio de Montes Claros decretou situa\u00e7\u00e3o de emerg\u00eancia em sa\u00fade p\u00fablica para fins de preven\u00e7\u00e3o e acompanhamento das doen\u00e7as infecciosas virais e da s\u00edndrome respirat\u00f3ria aguda. A medida leva em considera\u00e7\u00e3o a declara\u00e7\u00e3o de situa\u00e7\u00e3o de emerg\u00eancia em Sa\u00fade P\u00fablica pelo Governo de Minas, atrav\u00e9s do Decreto n\u00ba 411, de 2 de maio de 2025, e que situa\u00e7\u00e3o semelhante tem sido reconhecida por diversos munic\u00edpios de Minas Gerais. Desta forma, fica declarada, por 180 dias, a situa\u00e7\u00e3o de emerg\u00eancia em Sa\u00fade P\u00fablica no \u00e2mbito do Munic\u00edpio. (Gazeta Norte Mineira \u2013 Montes Claros)<\/span><br \/><span><a href=\"https:\/\/gazetanm.com.br\/prefeitura-decreta-situacao-de-emergencia-em-saude-publica-em-montes-claros\/\">https:\/\/gazetanm.com.br\/prefeitura-decreta-situacao-de-emergencia-em-saude-publica-em-montes-claros\/<\/a><\/span><\/p>\n<p><strong><span>Uberaba atrai investimento de 1,7 bilh\u00e3o<\/span><\/strong><br \/><span>Uberaba poder\u00e1 se tornar um dos principais centros de tecnologia da informa\u00e7\u00e3o do pa\u00eds com a poss\u00edvel instala\u00e7\u00e3o de um data center de alta capacidade da empresa RT-One, especializada em intelig\u00eancia artificial, computa\u00e7\u00e3o em nuvem e seguran\u00e7a cibern\u00e9tica. O projeto, que est\u00e1 em fase inicial de tratativas com o governo de Minas Gerais, representa um investimento estimado de R$ 1,7 bilh\u00e3o apenas no primeiro ano. De acordo com fontes do setor, o empreendimento est\u00e1 sendo planejado para a Zona de Processamento de Exporta\u00e7\u00e3o (ZPE) de Uberaba \u2014 \u00e1rea que oferece incentivos fiscais, liberdade cambial e processos administrativos simplificados \u00e0s empresas instaladas. (Jornal da Manh\u00e3 \u2013 Uberaba)<\/span><br \/><span><a href=\"https:\/\/www.jmonline.com.br\/cidade\/uberaba-pode-receber-investimento-de-r-1-7-bilh-o-com-data-center-de-inteligencia-artificial-1.501872\">https:\/\/www.jmonline.com.br\/cidade\/uberaba-pode-receber-investimento-de-r-1-7-bilh-o-com-data-center-de-inteligencia-artificial-1.501872<\/a><\/span><\/p>\n<p><strong><span>Valadares sedia a Minascon<\/span><\/strong><br \/><span>Governador Valadares vai sediar pela primeira vez o maior evento de constru\u00e7\u00e3o civil de Minas Gerais, o Minascon, que acontece nesta quinta e sexta, 15 e 16, no Sest\/Senat. O evento re\u00fane os principais nomes da constru\u00e7\u00e3o civil com palestras, workshops, exposi\u00e7\u00e3o, concurso e sal\u00e3o de neg\u00f3cios. Ano passado, o Minascon recebeu cinco mil visitantes e teve R$ 3,3 milh\u00f5es em m\u00eddia de prospec\u00e7\u00e3o de neg\u00f3cios. Trata-se de um evento realizado pelo Sindicato das Ind\u00fastrias da Constru\u00e7\u00e3o Civil de Governador Valadares (Sinduscon), Senai e Fiemg. (Jornal da Cidade \u2013 Governador Valadares)<\/span><br \/><span><a href=\"https:\/\/jornaldacidadegv.com.br\/cidade\/valadares-vai-sediar-o-minascon\/\">https:\/\/jornaldacidadegv.com.br\/cidade\/valadares-vai-sediar-o-minascon\/<\/a><\/span><\/p>\n<p><strong><span>Sabar\u00e1 investe R$1,9 milh\u00e3o no social<\/span><\/strong><br \/><span>A Prefeitura de Sabar\u00e1 anunciou um investimento de R$1,9 milh\u00e3o em projetos sociais voltados para crian\u00e7as, adolescentes e idosos, por meio de dois novos editais lan\u00e7ados em 7 de maio. Ao todo, ser\u00e3o selecionados 23 projetos de entidades locais, com um total de R$1,4 milh\u00e3o destinado a 13 iniciativas voltadas para a pol\u00edtica da pessoa idosa e R$500 mil para 10 projetos focados na pol\u00edtica da crian\u00e7a e do adolescente. A a\u00e7\u00e3o visa fortalecer a rede de prote\u00e7\u00e3o social do munic\u00edpio. (Folha de Sabar\u00e1)<\/span><br \/><span><a href=\"https:\/\/folhadesabara.com.br\/noticia\/45201\/sabara-investe-r-1-9-milhao-em-projetos-sociais-para-criancas-adolescentes-e-idosos\">https:\/\/folhadesabara.com.br\/noticia\/45201\/sabara-investe-r-1-9-milhao-em-projetos-sociais-para-criancas-adolescentes-e-idosos<\/a><\/span><\/p>\n<p><strong><span>Posto de Coleta precisa de doadores<\/span><\/strong><br \/><span>O Posto Avan\u00e7ado de Coleta Externa (Pace) de Conselheiro Lafaiete est\u00e1 com os estoques de sangue baixos e faz um apelo \u00e0 popula\u00e7\u00e3o para que doe sangue e ajude a salvar vidas. As doa\u00e7\u00f5es podem ser feitas todas as quartas-feiras e na terceira sexta-feira de cada m\u00eas, na Rua Higino Sebasti\u00e3o da Cunha, n\u00ba 135, no bairro Parque dos Bandeirantes. Podem doar pessoas entre 16 e 69 anos, que pesem mais de 50 kg e estejam em boas condi\u00e7\u00f5es de sa\u00fade. N\u00e3o \u00e9 necess\u00e1rio estar em jejum, mas \u00e9 recomendado fazer uma refei\u00e7\u00e3o leve antes da doa\u00e7\u00e3o. (Corrreio da Cidade \u2013 Lafaiete)<\/span><br \/><span><a href=\"https:\/\/jornalcorreiodacidade.com.br\/noticias\/41598-posto-avancado-de-coleta-precisa-de-doadores-de-sangue-para-reabastecer-estoques-em-lafaiete\">https:\/\/jornalcorreiodacidade.com.br\/noticias\/41598-posto-avancado-de-coleta-precisa-de-doadores-de-sangue-para-reabastecer-estoques-em-lafaiete<\/a><\/span><\/p>\n<p><span><\/span><\/p>\n<p>\u00a0<\/p>","protected":false},"excerpt":{"rendered":"<p>Foto: Reprodu\u00e7\u00e3o &#8211; Gazeta Norte Mineira COLUNA MGPrincipais destaques dos jornais e portais integrantes da rede Sindijori MG www.sindijorimg.com.br Montes Claros em situa\u00e7\u00e3o de emerg\u00eanciaAtrav\u00e9s de Decreto Municipal de 12 de maio de 2025, o Munic\u00edpio de Montes Claros decretou situa\u00e7\u00e3o de emerg\u00eancia em sa\u00fade p\u00fablica para fins de preven\u00e7\u00e3o e acompanhamento das doen\u00e7as infecciosas [&hellip;]<\/p>\n","protected":false},"author":0,"featured_media":29830,"comment_status":"open","ping_status":"open","sticky":false,"template":"","format":"standard","meta":{"rop_custom_images_group":[],"rop_custom_messages_group":[],"rop_publish_now":"initial","rop_publish_now_accounts":[],"rop_publish_now_history":[],"rop_publish_now_status":"pending","footnotes":""},"categories":[6745],"tags":[],"class_list":["post-29829","post","type-post","status-publish","format-standard","has-post-thumbnail","hentry","category-coluna-sindijori"],"_links":{"self":[{"href":"https:\/\/diariotribuna.com.br\/index.php?rest_route=\/wp\/v2\/posts\/29829"}],"collection":[{"href":"https:\/\/diariotribuna.com.br\/index.php?rest_route=\/wp\/v2\/posts"}],"about":[{"href":"https:\/\/diariotribuna.com.br\/index.php?rest_route=\/wp\/v2\/types\/post"}],"replies":[{"embeddable":true,"href":"https:\/\/diariotribuna.com.br\/index.php?rest_route=%2Fwp%2Fv2%2Fcomments&post=29829"}],"version-history":[{"count":0,"href":"https:\/\/diariotribuna.com.br\/index.php?rest_route=\/wp\/v2\/posts\/29829\/revisions"}],"wp:featuredmedia":[{"embeddable":true,"href":"https:\/\/diariotribuna.com.br\/index.php?rest_route=\/wp\/v2\/media\/29830"}],"wp:attachment":[{"href":"https:\/\/diariotribuna.com.br\/index.php?rest_route=%2Fwp%2Fv2%2Fmedia&parent=29829"}],"wp:term":[{"taxonomy":"category","embeddable":true,"href":"https:\/\/diariotribuna.com.br\/index.php?rest_route=%2Fwp%2Fv2%2Fcategories&post=29829"},{"taxonomy":"post_tag","embeddable":true,"href":"https:\/\/diariotribuna.com.br\/index.php?rest_route=%2Fwp%2Fv2%2Ftags&post=29829"}],"curies":[{"name":"wp","href":"https:\/\/api.w.org\/{rel}","templated":true}]}}