{"id":29831,"date":"2025-05-14T12:26:10","date_gmt":"2025-05-14T15:26:10","guid":{"rendered":"https:\/\/diariotribuna.com.br\/?p=29831"},"modified":"2025-05-14T12:26:10","modified_gmt":"2025-05-14T15:26:10","slug":"feagro-de-santa-juliana-expande-participacao-de-empresas-na-segunda-edicao","status":"publish","type":"post","link":"https:\/\/diariotribuna.com.br\/?p=29831","title":{"rendered":"Feagro de Santa Juliana expande participa\u00e7\u00e3o de empresas na segunda edi\u00e7\u00e3o\u00a0"},"content":{"rendered":"<p class=\"MsoNormal\"><span>FAEMG SENAR | Divulga\u00e7\u00e3o<\/span><\/p>\n<p><span><\/span><span><\/span><span><\/span><\/p>\n<p>A <strong>Feira de Agroneg\u00f3cios de Santa Juliana (Feagro)<\/strong>, no Alto Parana\u00edba, ganhou ainda mais for\u00e7a em sua <strong>segunda edi\u00e7\u00e3o<\/strong>, realizada nesta ter\u00e7a e quarta-feira (<strong>13 e 14\/05<\/strong>). Com o <strong>apoio do <a href=\"https:\/\/www.sistemafaemg.org.br\/senar\">Sistema Faemg Senar<\/a><\/strong>, o evento promovido pelo <strong>Sindicato Rural de Santa Juliana<\/strong> ampliou a participa\u00e7\u00e3o de expositores e refor\u00e7ou seu papel como <strong>vitrine de inova\u00e7\u00e3o e oportunidades no setor agropecu\u00e1rio<\/strong>. Neste ano, <strong>26 empresas participaram<\/strong> \u2014 um crescimento de <strong>mais de 50%<\/strong> em rela\u00e7\u00e3o \u00e0 primeira edi\u00e7\u00e3o. A expectativa \u00e9 tamb\u00e9m <strong>superar o volume de neg\u00f3cios<\/strong>, que foi de <strong>R$ 14,5 milh\u00f5es em 2024<\/strong>.<\/p>\n<p>\u201cEstou impressionado com a feira, com o quanto ela cresceu e com sua import\u00e2ncia para os produtores rurais de Santa Juliana e regi\u00e3o. Estamos ao lado do Sindicato, trazendo informa\u00e7\u00f5es aos participantes\u201d, afirmou <strong>Ebinho Bernardes<\/strong>, vice-presidente do Sistema Faemg Senar.<\/p>\n<p>Al\u00e9m de participar da abertura e visitar os estandes, Ebinho tamb\u00e9m foi um dos <strong>palestrantes do evento<\/strong>. Ao lado do <strong>gerente regional Ricardo Tuller<\/strong>, apresentou o programa de <strong>Assist\u00eancia T\u00e9cnica e Gerencial (ATeG)<\/strong>, al\u00e9m de outros servi\u00e7os oferecidos aos produtores rurais.<\/p>\n<p>A <strong>presidente do Sindicato Rural<\/strong>, Caroline Borges Livorato, destacou o crescimento da feira e seu impacto positivo para os produtores.<\/p>\n<p>\u201cEstamos muito felizes com a parceria com o Sistema Faemg Senar, que \u00e9 o bra\u00e7o direito do produtor, trazendo desenvolvimento e conhecimento para que possamos promover melhorias no campo\u201d, afirmou.<\/p>\n<h3><strong>Lideran\u00e7a Feminina em destaque<\/strong><\/h3>\n<p>A programa\u00e7\u00e3o da Feagro tamb\u00e9m contou com uma <strong>palestra promovida pelo N\u00facleo Feminino<\/strong>, com o tema <strong>Lideran\u00e7a e Intelig\u00eancia Emocional<\/strong>, ministrada por <strong>Silvana Novais<\/strong>, gerente da Mulher, do Jovem e de Inova\u00e7\u00e3o do Sistema Faemg Senar. Esse foi o <strong>primeiro encontro das mulheres do agro de Santa Juliana<\/strong>, organizado pelo Sindicato.<\/p>\n<p>\u201cJ\u00e1 contamos com um n\u00facleo na cidade e realizamos esta primeira a\u00e7\u00e3o com as participantes da regi\u00e3o. Reunir essas mulheres para destacar sua import\u00e2ncia e mostrar como o Sistema Faemg Senar pode contribuir para seu desenvolvimento pessoal e profissional \u00e9 fundamental. Apresentamos iniciativas que v\u00eam sendo realizadas em outros n\u00facleos e que podem servir de inspira\u00e7\u00e3o e refer\u00eancia para o trabalho que elas est\u00e3o desenvolvendo aqui\u201d, explicou Silvana.<\/p>\n\n<p>A <strong>Feira de Agroneg\u00f3cios de Santa Juliana<\/strong> segue at\u00e9 esta quarta-feira (<strong>14<\/strong>), com <strong>palestras, estandes e outras atividades voltadas ao setor agropecu\u00e1rio<\/strong>. O evento antecede a <strong>ExpoJu<\/strong>, que ser\u00e1 realizada de quarta a domingo, com <strong>shows de artistas nacionais<\/strong>.<\/p>\n<p>\u00a0<\/p>","protected":false},"excerpt":{"rendered":"<p>FAEMG SENAR | Divulga\u00e7\u00e3o A Feira de Agroneg\u00f3cios de Santa Juliana (Feagro), no Alto Parana\u00edba, ganhou ainda mais for\u00e7a em sua segunda edi\u00e7\u00e3o, realizada nesta ter\u00e7a e quarta-feira (13 e 14\/05). Com o apoio do Sistema Faemg Senar, o evento promovido pelo Sindicato Rural de Santa Juliana ampliou a participa\u00e7\u00e3o de expositores e refor\u00e7ou seu [&hellip;]<\/p>\n","protected":false},"author":0,"featured_media":29832,"comment_status":"open","ping_status":"open","sticky":false,"template":"","format":"standard","meta":{"rop_custom_images_group":[],"rop_custom_messages_group":[],"rop_publish_now":"initial","rop_publish_now_accounts":[],"rop_publish_now_history":[],"rop_publish_now_status":"pending","footnotes":""},"categories":[6745],"tags":[],"class_list":["post-29831","post","type-post","status-publish","format-standard","has-post-thumbnail","hentry","category-coluna-sindijori"],"_links":{"self":[{"href":"https:\/\/diariotribuna.com.br\/index.php?rest_route=\/wp\/v2\/posts\/29831"}],"collection":[{"href":"https:\/\/diariotribuna.com.br\/index.php?rest_route=\/wp\/v2\/posts"}],"about":[{"href":"https:\/\/diariotribuna.com.br\/index.php?rest_route=\/wp\/v2\/types\/post"}],"replies":[{"embeddable":true,"href":"https:\/\/diariotribuna.com.br\/index.php?rest_route=%2Fwp%2Fv2%2Fcomments&post=29831"}],"version-history":[{"count":0,"href":"https:\/\/diariotribuna.com.br\/index.php?rest_route=\/wp\/v2\/posts\/29831\/revisions"}],"wp:featuredmedia":[{"embeddable":true,"href":"https:\/\/diariotribuna.com.br\/index.php?rest_route=\/wp\/v2\/media\/29832"}],"wp:attachment":[{"href":"https:\/\/diariotribuna.com.br\/index.php?rest_route=%2Fwp%2Fv2%2Fmedia&parent=29831"}],"wp:term":[{"taxonomy":"category","embeddable":true,"href":"https:\/\/diariotribuna.com.br\/index.php?rest_route=%2Fwp%2Fv2%2Fcategories&post=29831"},{"taxonomy":"post_tag","embeddable":true,"href":"https:\/\/diariotribuna.com.br\/index.php?rest_route=%2Fwp%2Fv2%2Ftags&post=29831"}],"curies":[{"name":"wp","href":"https:\/\/api.w.org\/{rel}","templated":true}]}}