{"id":29837,"date":"2025-05-15T08:46:58","date_gmt":"2025-05-15T11:46:58","guid":{"rendered":"https:\/\/diariotribuna.com.br\/?p=29837"},"modified":"2025-05-15T08:46:58","modified_gmt":"2025-05-15T11:46:58","slug":"produtora-mineira-e-destaque-nacional-com-geleia-artesanal-de-abacaxi-com-pimenta","status":"publish","type":"post","link":"https:\/\/diariotribuna.com.br\/?p=29837","title":{"rendered":"Produtora mineira \u00e9 destaque nacional com geleia artesanal de abacaxi com pimenta\u00a0"},"content":{"rendered":"<p class=\"MsoNormal\"><span>FAEMG SENAR | Divulga\u00e7\u00e3o<\/span><\/p>\n<p><span><\/span><span><\/span><\/p>\n<p><strong>Marca Do Rancho \u00e9 eleita a melhor do Brasil na categoria Mista do Pr\u00eamio CNA Brasil Artesanal Geleia 2025<\/strong><\/p>\n<p>A produtora Glenda Frade, de Formiga, no Centro-Oeste de Minas Gerais, conquistou o <strong>primeiro lugar na categoria Geleia Mista<\/strong> do <strong>Pr\u00eamio CNA Brasil Artesanal Geleia 2025<\/strong>, com sua receita de <strong>geleia de abacaxi com pimenta<\/strong>, da marca <strong>Do Rancho<\/strong>. Glenda foi a <strong>\u00fanica representante mineira entre os finalistas<\/strong> do concurso, promovido pela Confedera\u00e7\u00e3o da Agricultura e Pecu\u00e1ria do Brasil (CNA).<\/p>\n<p>Emocionada durante a cerim\u00f4nia de premia\u00e7\u00e3o, ela agradeceu aos que a apoiaram ao longo da jornada, com destaque para o Sistema Faemg Senar:<\/p>\n<p>\u201cA gente ensaia tanto o nosso discurso, mas, quando chega aqui, faltam palavras. Muito obrigada ao Senar, que est\u00e1 comigo desde o come\u00e7o. Comecei com os cursos h\u00e1 cinco anos e sigo contando com esse apoio. Obrigada \u00e0 organiza\u00e7\u00e3o, que foi impec\u00e1vel, \u00e0 minha fam\u00edlia, \u00e0 cidade de Formiga, que torce e apoia sempre. E obrigada a voc\u00ea, meu filho \u2014 \u00e9 voc\u00ea que me inspira\u201d, declarou.<\/p>\n<p>O Pr\u00eamio CNA Brasil Artesanal integra o <strong>Programa Nacional de Alimentos Artesanais e Tradicionais<\/strong>, iniciativa que valoriza pequenos e m\u00e9dios produtores, incentiva a profissionaliza\u00e7\u00e3o no campo e agrega valor aos produtos artesanais. Desde 2019, o pr\u00eamio j\u00e1 reconheceu itens como <strong>queijos, chocolates, cacha\u00e7as, salames, vinhos, azeites, caf\u00e9s especiais, mel<\/strong> e <strong>cervejas artesanais<\/strong>.<\/p>\n<p>A edi\u00e7\u00e3o voltada \u00e0s geleias foi realizada em parceria com a <strong>Embrapa Agroind\u00fastria de Alimentos<\/strong>, o <strong>Instituto de Tecnologia de Alimentos (ITAL\/SAA-SP)<\/strong> e o <strong>Sebrae<\/strong>, e contou com duas categorias: <strong>Geleia Simples<\/strong> (sabor \u00fanico) e <strong>Geleia Mista<\/strong> (com dois ou mais sabores). A avalia\u00e7\u00e3o ocorreu em tr\u00eas etapas: <strong>an\u00e1lise t\u00e9cnica, vota\u00e7\u00e3o popular e julgamento das hist\u00f3rias por tr\u00e1s dos produtos<\/strong>.<\/p>\n<p>Os tr\u00eas primeiros colocados de cada categoria receberam <strong>certificados, premia\u00e7\u00e3o em dinheiro<\/strong> e os <strong>Selos Ouro, Prata e Bronze<\/strong>, como reconhecimento pela excel\u00eancia.<\/p>\n<h3><strong>Da paix\u00e3o ao neg\u00f3cio<\/strong><\/h3>\n<p>A trajet\u00f3ria de Glenda come\u00e7ou h\u00e1 cerca de cinco anos, inspirada pelas receitas da m\u00e3e e da av\u00f3. A paix\u00e3o virou neg\u00f3cio: ela buscou capacita\u00e7\u00e3o, testou sabores, criou a marca <strong>Do Rancho<\/strong> e passou a divulgar suas geleias nas redes sociais. Desde o in\u00edcio, seu prop\u00f3sito foi mostrar que <strong>geleia vai muito al\u00e9m do caf\u00e9 da manh\u00e3<\/strong>, podendo harmonizar com queijos, carnes e pratos diversos.<\/p>\n<p>A receita vencedora \u2014 <strong>geleia de abacaxi com pimenta<\/strong> \u2014 ganhou notoriedade nas <strong>feiras agropecu\u00e1rias apoiadas pelo Sistema Faemg Senar<\/strong>, onde Glenda teve contato direto com o p\u00fablico. Os elogios constantes mostraram o potencial do produto, escolhido para representar seu trabalho no concurso.<\/p>\n\n<p>\u201cEsse pr\u00eamio \u00e9 o reconhecimento de muito esfor\u00e7o, dedica\u00e7\u00e3o e amor pelo que fa\u00e7o. \u00c9 uma alegria imensa representar Minas Gerais e os produtores artesanais do Brasil\u201d, comemora Glenda.<\/p>\n<p>\u00a0<\/p>","protected":false},"excerpt":{"rendered":"<p>FAEMG SENAR | Divulga\u00e7\u00e3o Marca Do Rancho \u00e9 eleita a melhor do Brasil na categoria Mista do Pr\u00eamio CNA Brasil Artesanal Geleia 2025 A produtora Glenda Frade, de Formiga, no Centro-Oeste de Minas Gerais, conquistou o primeiro lugar na categoria Geleia Mista do Pr\u00eamio CNA Brasil Artesanal Geleia 2025, com sua receita de geleia de [&hellip;]<\/p>\n","protected":false},"author":0,"featured_media":29838,"comment_status":"open","ping_status":"open","sticky":false,"template":"","format":"standard","meta":{"rop_custom_images_group":[],"rop_custom_messages_group":[],"rop_publish_now":"initial","rop_publish_now_accounts":[],"rop_publish_now_history":[],"rop_publish_now_status":"pending","footnotes":""},"categories":[6745],"tags":[],"class_list":["post-29837","post","type-post","status-publish","format-standard","has-post-thumbnail","hentry","category-coluna-sindijori"],"_links":{"self":[{"href":"https:\/\/diariotribuna.com.br\/index.php?rest_route=\/wp\/v2\/posts\/29837"}],"collection":[{"href":"https:\/\/diariotribuna.com.br\/index.php?rest_route=\/wp\/v2\/posts"}],"about":[{"href":"https:\/\/diariotribuna.com.br\/index.php?rest_route=\/wp\/v2\/types\/post"}],"replies":[{"embeddable":true,"href":"https:\/\/diariotribuna.com.br\/index.php?rest_route=%2Fwp%2Fv2%2Fcomments&post=29837"}],"version-history":[{"count":0,"href":"https:\/\/diariotribuna.com.br\/index.php?rest_route=\/wp\/v2\/posts\/29837\/revisions"}],"wp:featuredmedia":[{"embeddable":true,"href":"https:\/\/diariotribuna.com.br\/index.php?rest_route=\/wp\/v2\/media\/29838"}],"wp:attachment":[{"href":"https:\/\/diariotribuna.com.br\/index.php?rest_route=%2Fwp%2Fv2%2Fmedia&parent=29837"}],"wp:term":[{"taxonomy":"category","embeddable":true,"href":"https:\/\/diariotribuna.com.br\/index.php?rest_route=%2Fwp%2Fv2%2Fcategories&post=29837"},{"taxonomy":"post_tag","embeddable":true,"href":"https:\/\/diariotribuna.com.br\/index.php?rest_route=%2Fwp%2Fv2%2Ftags&post=29837"}],"curies":[{"name":"wp","href":"https:\/\/api.w.org\/{rel}","templated":true}]}}