{"id":29840,"date":"2025-05-15T12:05:24","date_gmt":"2025-05-15T15:05:24","guid":{"rendered":"https:\/\/diariotribuna.com.br\/?p=29840"},"modified":"2025-05-15T12:05:24","modified_gmt":"2025-05-15T15:05:24","slug":"belo-horizonte-tera-gasolina-a-r-382","status":"publish","type":"post","link":"https:\/\/diariotribuna.com.br\/?p=29840","title":{"rendered":"Belo Horizonte ter\u00e1 gasolina a R$ 3,82\u00a0"},"content":{"rendered":"<p><em><span>Foto: Reprodu\u00e7\u00e3o PDM<\/span><\/em><\/p>\n<p><strong><span>COLUNA MG<\/span><\/strong><br \/><span>Principais destaques dos jornais e portais integrantes da rede Sindijori MG <\/span><br \/><span><a href=\"http:\/\/www.sindijorimg.com.br\/\">www.sindijorimg.com.br<\/a><\/span><\/p>\n<p><strong><span>Belo Horizonte ter\u00e1 gasolina a R$ 3,82<\/span><\/strong><br \/><span>O Dia Livre de Impostos (DLI), marcado para quinta-feira (29), pretende conscientizar a popula\u00e7\u00e3o sobre a alta carga tribut\u00e1ria que incide sobre produtos e servi\u00e7os no Brasil. Uma das a\u00e7\u00f5es mais esperadas \u00e9 a venda de gasolina sem tributos onde os motoristas de Belo Horizonte poder\u00e1 abastecer com valor de R$ 3,82 e ser\u00e1 apenas no Posto Oceano, no bairro Barro Preto. O valor promocional corresponde ao pre\u00e7o do combust\u00edvel sem a incid\u00eancia dos impostos, que atualmente representam cerca de 36% do pre\u00e7o final nas bombas. Ser\u00e3o disponibilizados 5.025 litros de gasolina, com a expectativa de abastecer 115 carros e 65 motocicletas. (Por Dentro de Minas)<\/span><br \/><span><a href=\"https:\/\/pordentrodeminas.com.br\/noticias\/gerais\/2025\/05\/belo-horizonte-tera-gasolina-a-r-382-veja-dia-e-local\/?utm_source=whatsapp&amp;utm_medium=Refer%C3%AAncia&amp;utm_term=gerais\">https:\/\/pordentrodeminas.com.br\/noticias\/gerais\/2025\/05\/belo-horizonte-tera-gasolina-a-r-382-veja-dia-e-local\/?utm_source=whatsapp&amp;utm_medium=Refer%C3%AAncia&amp;utm_term=gerais<\/a><\/span><\/p>\n<p><strong><span>Hospital de Patos ganha equipamento<\/span><\/strong><br \/><span>Com o prop\u00f3sito de contribuir diretamente para a melhoria da infraestrutura hospitalar de institui\u00e7\u00f5es que atendem pacientes do Sistema \u00danico de Sa\u00fade (SUS), a Federa\u00e7\u00e3o das Ind\u00fastrias do Estado de Minas Gerais (FIEMG), por meio da Regional Alto Parana\u00edba fez a doa\u00e7\u00e3o de cinco monitores cardiorrespirat\u00f3rios \u00e0 Santa Casa de Miseric\u00f3rdia de Patos de Minas. A entrega foi feita pela presidente da FIEMG Regional, Teresinha Martins para o presidente da Santa Casa, Pastor Cl\u00e1udio Pacheco. Folha Patense \u2013 Patos de Minas)<\/span><br \/><span><a href=\"https:\/\/www.folhapatense.com.br\/fiemg-entrega-monitores-cardiacos-para-a-santa-casa-de-misericordia-de-patos-de-minas\">https:\/\/www.folhapatense.com.br\/fiemg-entrega-monitores-cardiacos-para-a-santa-casa-de-misericordia-de-patos-de-minas<\/a><\/span><\/p>\n<p><strong><span>Festa do Cavalo\u00a0 em Sabara<\/span><\/strong><br \/><span>A 25\u00aa edi\u00e7\u00e3o da Festa do Cavalo de Ravena, em Sabar\u00e1, ser\u00e1 realizada de 16 a 18 de maio de 2025, no Espa\u00e7o de Eventos Regional Ravena. O evento celebra a cultura rural e equestre com shows sertanejos, cavalgadas, palestras sobre o Mangalarga Marchador, e um tradicional concurso de marcha com mais de R$25 mil em pr\u00eamios. A festa conta ainda com atra\u00e7\u00f5es como a culin\u00e1ria mineira, espa\u00e7o kids, e produtos regionais, sendo uma oportunidade \u00fanica para viver a tradi\u00e7\u00e3o e a cultura rural de Minas Gerais. (Folha de Sabar\u00e1)<\/span><br \/><span><a href=\"https:\/\/folhadesabara.com.br\/noticia\/45148\/festa-do-cavalo-de-ravena-2025-em-sabara-confira-as-atracoes-e-como-participar\">https:\/\/folhadesabara.com.br\/noticia\/45148\/festa-do-cavalo-de-ravena-2025-em-sabara-confira-as-atracoes-e-como-participar<\/a><\/span><\/p>\n<p><strong><span>Socorro ao Hospital \u00e9 aprovado<\/span><\/strong><br \/><span>A C\u00e2mara de Ita\u00fana aprovou, na ter\u00e7a-feira, 13 de maio de 2025, um projeto de lei proposto pelo prefeito Gustavo Mitre, autorizando o repasse mensal de R$ 355 mil ao Hospital Manoel Gon\u00e7alves durante seis meses, o que totaliza mais de R$ 2,4 milh\u00f5es, somando aos R$ 2,1 milh\u00f5es j\u00e1 repassados. A medida visa socorrer o hospital em crise financeira, agravada pela amea\u00e7a de greve dos servidores. Com a aprova\u00e7\u00e3o un\u00e2nime dos vereadores, o primeiro repasse ser\u00e1 feito j\u00e1 nesta quarta-feira, 14. (Folha Povo Ita\u00fana)<\/span><br \/><span><a href=\"https:\/\/www.folhapovoitauna.com.br\/socorro-ao-hospital-e-aprovado-na-camara\">https:\/\/www.folhapovoitauna.com.br\/socorro-ao-hospital-e-aprovado-na-camara<\/a><\/span><\/p>\n<p><strong><span>Arax\u00e1 inaugura nova pra\u00e7a<\/span><\/strong><br \/><span>A Prefeitura de Arax\u00e1 inaugurou, nesta quarta-feira, 14 de maio de 2025, a Pra\u00e7a Jos\u00e9 Batista Alves, no bairro Urciano Lemos, Setor Norte, oferecendo um novo espa\u00e7o de lazer e conviv\u00eancia para a comunidade. Com 9.474 m\u00b2 de \u00e1rea interna, a pra\u00e7a conta com quadras esportivas, academia ao ar livre, playground, pista de caminhada, \u00e1reas de conviv\u00eancia, e equipamentos acess\u00edveis. A obra foi viabilizada com recursos da CBMM, totalizando R$ 2,1 milh\u00f5es, e transformou um terreno alagadi\u00e7o em um ambiente moderno e funcional. O local foi nomeado em homenagem a Jos\u00e9 Batista Alves, agricultor que contribuiu com a comunidade, e agora beneficia moradores como K\u00e1tia Fernandes Gon\u00e7alves, que celebra a nova \u00e1rea de lazer. (Clarim.Net \u2013 Arax\u00e1)<\/span><br \/><span><a href=\"https:\/\/clarim.net.br\/prefeitura-inaugura-nova-praca-no-setor-norte\/\">https:\/\/clarim.net.br\/prefeitura-inaugura-nova-praca-no-setor-norte\/<\/a><\/span><\/p>\n<p><strong><span>Pains tem Semana de Museus <\/span><\/strong><br \/><span>A Prefeitura de Pains, por meio da Secretaria Municipal de Cultura, est\u00e1 promovendo a Semana de Museus no Museu Arqueol\u00f3gico do Carste do Alto S\u00e3o Francisco (MAC), de 13 a 16 de maio de 2025. A programa\u00e7\u00e3o busca valorizar a hist\u00f3ria, o meio ambiente e o patrim\u00f4nio cultural local, oferecendo atividades educativas \u00e0 comunidade. Entre os eventos, destacam-se a Oficina de Espeleologia e Pintura Rupestre, realizada no dia 13, e uma visita ao MAC pelo N\u00facleo Vida Saud\u00e1vel, no dia 15, com atividades voltadas ao bem-estar. (Correio Centro Oeste \u2013 Arcos)<\/span><br \/><span><a href=\"https:\/\/www.jornalcco.com.br\/semana-de-museus-no-museu-arqueologico-de-pains\">https:\/\/www.jornalcco.com.br\/semana-de-museus-no-museu-arqueologico-de-pains<\/a><\/span><\/p>\n<p><strong><span>Expolivro tem leitura saud\u00e1vel em Caratinga<\/span><\/strong><br \/><span>O projeto Expolivro est\u00e1 oferecendo uma experi\u00eancia cultural, educacional e espiritual em Caratinga, com sua biblioteca e livraria itinerante instalada na Pra\u00e7a da Esta\u00e7\u00e3o desde o dia 9 de maio. Criado em 1991, o Expolivro promove a leitura de livros crist\u00e3os e mensagens edificantes sobre f\u00e9 e vida cotidiana. O projeto, que percorre diversas regi\u00f5es do Brasil e at\u00e9 outros pa\u00edses, traz obras da editora \u00c1rvore da Vida, com destaque para os escritos de Pedro Dong. Al\u00e9m de estimular o h\u00e1bito da leitura, o Expolivro tamb\u00e9m visa o cuidado com as pessoas e a forma\u00e7\u00e3o de jovens mission\u00e1rios. Em Caratinga, a unidade ficar\u00e1 at\u00e9 o dia 16 de maio, e segue para Manhua\u00e7u no dia seguinte. (Di\u00e1rio de Caratinga)<\/span><br \/><span><a href=\"https:\/\/diariodecaratinga.com.br\/expolivro-apresenta-leitura-saudavel-e-mensagens-de-fe-em-caratinga\/\">https:\/\/diariodecaratinga.com.br\/expolivro-apresenta-leitura-saudavel-e-mensagens-de-fe-em-caratinga\/<\/a><\/span><\/p>\n\n<p>\u00a0<\/p>","protected":false},"excerpt":{"rendered":"<p>Foto: Reprodu\u00e7\u00e3o PDM COLUNA MGPrincipais destaques dos jornais e portais integrantes da rede Sindijori MG www.sindijorimg.com.br Belo Horizonte ter\u00e1 gasolina a R$ 3,82O Dia Livre de Impostos (DLI), marcado para quinta-feira (29), pretende conscientizar a popula\u00e7\u00e3o sobre a alta carga tribut\u00e1ria que incide sobre produtos e servi\u00e7os no Brasil. Uma das a\u00e7\u00f5es mais esperadas \u00e9 [&hellip;]<\/p>\n","protected":false},"author":0,"featured_media":29841,"comment_status":"open","ping_status":"open","sticky":false,"template":"","format":"standard","meta":{"rop_custom_images_group":[],"rop_custom_messages_group":[],"rop_publish_now":"initial","rop_publish_now_accounts":[],"rop_publish_now_history":[],"rop_publish_now_status":"pending","footnotes":""},"categories":[6745],"tags":[],"class_list":["post-29840","post","type-post","status-publish","format-standard","has-post-thumbnail","hentry","category-coluna-sindijori"],"_links":{"self":[{"href":"https:\/\/diariotribuna.com.br\/index.php?rest_route=\/wp\/v2\/posts\/29840"}],"collection":[{"href":"https:\/\/diariotribuna.com.br\/index.php?rest_route=\/wp\/v2\/posts"}],"about":[{"href":"https:\/\/diariotribuna.com.br\/index.php?rest_route=\/wp\/v2\/types\/post"}],"replies":[{"embeddable":true,"href":"https:\/\/diariotribuna.com.br\/index.php?rest_route=%2Fwp%2Fv2%2Fcomments&post=29840"}],"version-history":[{"count":0,"href":"https:\/\/diariotribuna.com.br\/index.php?rest_route=\/wp\/v2\/posts\/29840\/revisions"}],"wp:featuredmedia":[{"embeddable":true,"href":"https:\/\/diariotribuna.com.br\/index.php?rest_route=\/wp\/v2\/media\/29841"}],"wp:attachment":[{"href":"https:\/\/diariotribuna.com.br\/index.php?rest_route=%2Fwp%2Fv2%2Fmedia&parent=29840"}],"wp:term":[{"taxonomy":"category","embeddable":true,"href":"https:\/\/diariotribuna.com.br\/index.php?rest_route=%2Fwp%2Fv2%2Fcategories&post=29840"},{"taxonomy":"post_tag","embeddable":true,"href":"https:\/\/diariotribuna.com.br\/index.php?rest_route=%2Fwp%2Fv2%2Ftags&post=29840"}],"curies":[{"name":"wp","href":"https:\/\/api.w.org\/{rel}","templated":true}]}}