{"id":29842,"date":"2025-05-15T13:12:50","date_gmt":"2025-05-15T16:12:50","guid":{"rendered":"https:\/\/diariotribuna.com.br\/?p=29842"},"modified":"2025-05-18T22:27:05","modified_gmt":"2025-05-19T01:27:05","slug":"delegado-jeferson-botelho-toma-posse-no-conselho-fiscal-da-prodemge","status":"publish","type":"post","link":"https:\/\/diariotribuna.com.br\/?p=29842","title":{"rendered":"Delegado J\u00e9ferson Botelho toma posse no Conselho Fiscal da PRODEMGE"},"content":{"rendered":"\n<figure class=\"wp-block-image size-full is-resized\"><img loading=\"lazy\" decoding=\"async\" width=\"960\" height=\"925\" src=\"https:\/\/diariotribuna.com.br\/wp-content\/uploads\/2025\/05\/Imagem-do-WhatsApp-de-2025-05-15-as-10.17.34_b2866cc0.jpg\" alt=\"\" class=\"wp-image-29843\" style=\"width:371px;height:auto\" srcset=\"https:\/\/diariotribuna.com.br\/wp-content\/uploads\/2025\/05\/Imagem-do-WhatsApp-de-2025-05-15-as-10.17.34_b2866cc0.jpg 960w, https:\/\/diariotribuna.com.br\/wp-content\/uploads\/2025\/05\/Imagem-do-WhatsApp-de-2025-05-15-as-10.17.34_b2866cc0-300x289.jpg 300w, https:\/\/diariotribuna.com.br\/wp-content\/uploads\/2025\/05\/Imagem-do-WhatsApp-de-2025-05-15-as-10.17.34_b2866cc0-768x740.jpg 768w, https:\/\/diariotribuna.com.br\/wp-content\/uploads\/2025\/05\/Imagem-do-WhatsApp-de-2025-05-15-as-10.17.34_b2866cc0-696x671.jpg 696w, https:\/\/diariotribuna.com.br\/wp-content\/uploads\/2025\/05\/Imagem-do-WhatsApp-de-2025-05-15-as-10.17.34_b2866cc0-436x420.jpg 436w\" sizes=\"(max-width: 960px) 100vw, 960px\" \/><\/figure>\n\n\n\n<p>O Delegado-Geral de Pol\u00edcia Civil, Dr. J\u00e9ferson Botelho tomou posse, nesta quinta-feira (15\/5), como conselheiro do Conselho Fiscal da Companhia de Tecnologia da Informa\u00e7\u00e3o e Comunica\u00e7\u00e3o do Governo de Minas Gerais (PRODEMGE), \u00f3rg\u00e3o previsto no artigo 56 do Estatuto Social da empresa e no artigo 163 da Lei Federal n\u00ba 6.404\/1976. De natureza consultiva e fiscalizadora, o Conselho exige de seus membros experi\u00eancia em administra\u00e7\u00e3o p\u00fablica e reputa\u00e7\u00e3o ilibada.<\/p>\n\n\n\n<p>Al\u00e9m de sua destacada carreira policial, Dr. J\u00e9ferson Botelho \u00e9 advogado, professor universit\u00e1rio, jurista com diversas cita\u00e7\u00f5es nos Tribunais Superiores do pa\u00eds, especialista em combate \u00e0 corrup\u00e7\u00e3o pela Universidade de Salamanca, na Espanha, e autor de obras jur\u00eddicas de refer\u00eancia nacional. Botelho esteve representando o Brasil na comunidade Iberoamericana na Espanha falando sobre o Desenvolvimento Social numa sociedade de risco e as novas amea\u00e7as aos direitos fundamentais no mundo.<\/p>\n\n\n\n<p>A PRODEMGE, institui\u00e7\u00e3o estrat\u00e9gica na transforma\u00e7\u00e3o digital do Estado, concretiza o direito fundamental \u00e0 boa administra\u00e7\u00e3o p\u00fablica, conforme os princ\u00edpios da Lei n\u00ba 14.129\/2021 (Lei do Governo Digital), promovendo inova\u00e7\u00e3o, efici\u00eancia e inclus\u00e3o nos servi\u00e7os p\u00fablicos.<\/p>\n\n\n\n<p>Ao assumir a fun\u00e7\u00e3o, Dr. Botelho enalteceu o papel da PRODEMGE como art\u00edfice digital da justi\u00e7a administrativa \u2014 uma companhia que conecta dados, redes e servidores, mas, sobretudo, aproxima o cidad\u00e3o do Estado, transformando burocracia em solu\u00e7\u00f5es e c\u00f3digos em esperan\u00e7a. A PRODEMGE n\u00e3o apenas opera sistemas: ela edifica um novo pacto entre Estado e sociedade, onde a t\u00e9cnica se orienta pela \u00e9tica e&nbsp;pelo&nbsp;bem&nbsp;comum.<\/p>\n","protected":false},"excerpt":{"rendered":"<p>O Delegado-Geral de Pol\u00edcia Civil, Dr. J\u00e9ferson Botelho tomou posse, nesta quinta-feira (15\/5), como conselheiro do Conselho Fiscal da Companhia de Tecnologia da Informa\u00e7\u00e3o e Comunica\u00e7\u00e3o do Governo de Minas Gerais (PRODEMGE), \u00f3rg\u00e3o previsto no artigo 56 do Estatuto Social da empresa e no artigo 163 da Lei Federal n\u00ba 6.404\/1976. De natureza consultiva e [&hellip;]<\/p>\n","protected":false},"author":1,"featured_media":29843,"comment_status":"open","ping_status":"open","sticky":false,"template":"","format":"standard","meta":{"rop_custom_images_group":[],"rop_custom_messages_group":[],"rop_publish_now":"initial","rop_publish_now_accounts":[],"rop_publish_now_history":[],"rop_publish_now_status":"pending","footnotes":""},"categories":[19],"tags":[7157,2337,371,7158],"class_list":["post-29842","post","type-post","status-publish","format-standard","has-post-thumbnail","hentry","category-gerais","tag-conselho-fiscal","tag-jeferson-botelho","tag-posse","tag-prodemge"],"_links":{"self":[{"href":"https:\/\/diariotribuna.com.br\/index.php?rest_route=\/wp\/v2\/posts\/29842"}],"collection":[{"href":"https:\/\/diariotribuna.com.br\/index.php?rest_route=\/wp\/v2\/posts"}],"about":[{"href":"https:\/\/diariotribuna.com.br\/index.php?rest_route=\/wp\/v2\/types\/post"}],"author":[{"embeddable":true,"href":"https:\/\/diariotribuna.com.br\/index.php?rest_route=\/wp\/v2\/users\/1"}],"replies":[{"embeddable":true,"href":"https:\/\/diariotribuna.com.br\/index.php?rest_route=%2Fwp%2Fv2%2Fcomments&post=29842"}],"version-history":[{"count":1,"href":"https:\/\/diariotribuna.com.br\/index.php?rest_route=\/wp\/v2\/posts\/29842\/revisions"}],"predecessor-version":[{"id":29844,"href":"https:\/\/diariotribuna.com.br\/index.php?rest_route=\/wp\/v2\/posts\/29842\/revisions\/29844"}],"wp:featuredmedia":[{"embeddable":true,"href":"https:\/\/diariotribuna.com.br\/index.php?rest_route=\/wp\/v2\/media\/29843"}],"wp:attachment":[{"href":"https:\/\/diariotribuna.com.br\/index.php?rest_route=%2Fwp%2Fv2%2Fmedia&parent=29842"}],"wp:term":[{"taxonomy":"category","embeddable":true,"href":"https:\/\/diariotribuna.com.br\/index.php?rest_route=%2Fwp%2Fv2%2Fcategories&post=29842"},{"taxonomy":"post_tag","embeddable":true,"href":"https:\/\/diariotribuna.com.br\/index.php?rest_route=%2Fwp%2Fv2%2Ftags&post=29842"}],"curies":[{"name":"wp","href":"https:\/\/api.w.org\/{rel}","templated":true}]}}