{"id":29850,"date":"2025-05-16T10:29:26","date_gmt":"2025-05-16T13:29:26","guid":{"rendered":"https:\/\/diariotribuna.com.br\/?p=29850"},"modified":"2025-05-16T10:29:26","modified_gmt":"2025-05-16T13:29:26","slug":"dia-da-industria-2025-fiemg-celebra-a-data-com-homenagens-e-reconhecimento","status":"publish","type":"post","link":"https:\/\/diariotribuna.com.br\/?p=29850","title":{"rendered":"Dia da Ind\u00fastria 2025: FIEMG celebra a data com homenagens e reconhecimento\u00a0"},"content":{"rendered":"<p class=\"MsoNormal\"><span>SISTEMA FIEMG | Divulga\u00e7\u00e3o<\/span><span><\/span><\/p>\n<p><span><\/span><span><\/span><\/p>\n<p><strong>Empres\u00e1rios, alunos e professores ser\u00e3o agraciados em evento no dia 22 de maio, em Belo Horizonte<\/strong><\/p>\n<p>A <a href=\"https:\/\/www.fiemg.com.br\/\">Federa\u00e7\u00e3o das Ind\u00fastrias do Estado de Minas Gerais (FIEMG)<\/a> celebra, no dia <strong>22 de maio<\/strong>, o <strong>Dia da Ind\u00fastria<\/strong> com uma solenidade especial no <strong>Minascentro<\/strong>, em Belo Horizonte, a partir das <strong>20h<\/strong>. O evento tem como objetivo <strong>reconhecer e valorizar aqueles que contribuem para o desenvolvimento de Minas Gerais e do Brasil<\/strong>. Com o tema <strong>\u201cA FIEMG investe em desenvolvimento. Voc\u00ea transforma Minas Gerais\u201d<\/strong>, a Federa\u00e7\u00e3o ir\u00e1 homenagear empres\u00e1rios, educadores e estudantes que se destacaram ao longo do ano.<\/p>\n<p>\u201cEm 2025, a FIEMG renova sua miss\u00e3o de ser parceira de quem constr\u00f3i, empreende e transforma. Investimos onde mais importa: nas pessoas, nas ideias e no poder da ind\u00fastria mineira de gerar impacto real. Acreditamos que cada empres\u00e1rio, cada iniciativa e cada neg\u00f3cio t\u00eam o poder de impulsionar mudan\u00e7as que v\u00e3o al\u00e9m dos muros do setor industrial\u201d, afirmou <strong>Fl\u00e1vio Roscoe<\/strong>, presidente da FIEMG.<\/p>\n<p>Entre os destaques da cerim\u00f4nia est\u00e3o os homenageados com o <strong>M\u00e9rito Industrial<\/strong> e o t\u00edtulo de <strong>Industrial do Ano<\/strong>. O empres\u00e1rio <strong>Ricardo Valadares Gontijo<\/strong>, diretor da Direcional Engenharia, receber\u00e1 o <strong>M\u00e9rito Industrial CNI<\/strong>. J\u00e1 o presidente do Sindicato da Ind\u00fastria de Latic\u00ednios de Minas Gerais (SILEMG) e diretor financeiro da FIEMG, <strong>Guilherme Abrantes<\/strong>, ser\u00e1 homenageado como <strong>Industrial do Ano<\/strong>.<\/p>\n<h3><strong>M\u00e9rito Industrial 2025<\/strong><\/h3>\n<p>A FIEMG entregar\u00e1 o <strong>M\u00e9rito Industrial<\/strong> a empres\u00e1rios que contribu\u00edram significativamente para o crescimento e fortalecimento do setor produtivo. S\u00e3o eles:<\/p>\n<p><strong>Gilmar Dias dos Santos<\/strong> \u2013 Fundador e presidente dos Grupos EPO e S&amp;D<\/p>\n<p><strong>Walker Magalh\u00e3es Lahmann<\/strong> \u2013 Diretor executivo da Eurofarma<\/p>\n<p><strong>Ant\u00f4nio Eug\u00eanio do Socorro Fernandes<\/strong> \u2013 Presidente-executivo da Premialy Ind\u00fastria e da Santonely Panificados<\/p>\n<p><strong>Sandre Faria Heringer<\/strong> \u2013 Diretor da Carrocerias Heringer Ltda<\/p>\n<p><strong>Magnaldo Geraldo Filho<\/strong> \u2013 S\u00f3cio da Super Fogos Ltda e presidente do SINDIEMG<\/p>\n<p><strong>Fausto Gabriel dos Santos<\/strong> \u2013 S\u00f3cio das empresas Fama Alimentos e \u00dcberbr\u00e4u Cervejaria<\/p>\n<p><strong>Gustavo Mendon\u00e7a dos Santos<\/strong> \u2013 Fundador da S\u00f3 Minas Ind\u00fastria e Com\u00e9rcio de Alimentos<\/p>\n<p><strong>Ant\u00f4nio Vilhena Paula Souza<\/strong> \u2013 Controlador acion\u00e1rio do Frigor\u00edfico Cambu\u00ed e conselheiro fiscal da ANICS<\/p>\n<p><strong>Jos\u00e9 Carlos Nunes Freire<\/strong> \u2013 Fundador da Primar Ind\u00fastria T\u00eaxtil Ltda<\/p>\n<p><strong>Joel Alves de Carvalho<\/strong> \u2013 Fundador da Joel Couros e da Unatex<\/p>\n<p><strong>Jo\u00e3o Vinhas de Arantes Neto<\/strong> \u2013 Propriet\u00e1rio da Vale do Sol<\/p>\n<p><strong>Gilson Almeida Vilela<\/strong> \u2013 Diretor-geral da Serquip MG Tratamento de Res\u00edduos<\/p>\n<p><strong>Geraldo Gilberto de Oliveira Pinto<\/strong> \u2013 Diretor da gr\u00e1fica Silva Lara<\/p>\n<p><strong>Wagner de Brito Barbosa<\/strong> \u2013 Vice-presidente da Bioflorestas e Minera\u00e7\u00e3o Brasil<\/p>\n<p><strong>Olavo Alves Corgosinho<\/strong> \u2013 Fundador da Data Engenharia<\/p>\n<p><strong>Shelber de Abreu<\/strong> \u2013 S\u00f3cio-fundador da Microfund Ind\u00fastria e Com\u00e9rcio e da SH Corte e Usinagem<\/p>\n<h3><strong>Inova\u00e7\u00e3o e Educa\u00e7\u00e3o em destaque<\/strong><\/h3>\n<p>O <strong>M\u00e9rito Inova\u00e7\u00e3o na Ind\u00fastria<\/strong> ser\u00e1 concedido a duas empresas que se destacaram em 2025:<\/p>\n<p><strong>Metal\u00fargica Soares Ind\u00fastria e Com\u00e9rcio Ltda<\/strong>, de Ita\u00fana<\/p>\n<p><strong>Painelbras Engenharia e Com\u00e9rcio Ltda<\/strong>, de Contagem<\/p>\n<p>A FIEMG tamb\u00e9m vai homenagear <strong>alunos, professores e instrutores do SESI e SENAI<\/strong> com o <strong>M\u00e9rito \u201cPortadores de Futuro\u201d<\/strong>, em reconhecimento ao desempenho e dedica\u00e7\u00e3o nos \u00faltimos meses.<\/p>\n<h3><strong>Sobre o Dia da Ind\u00fastria<\/strong><\/h3>\n<p>Institu\u00eddo em <strong>1957<\/strong>, pelo ent\u00e3o presidente <strong>Juscelino Kubitschek<\/strong>, por meio do <strong>Decreto n\u00ba 43.769<\/strong>, o Dia da Ind\u00fastria celebra os avan\u00e7os e conquistas do setor industrial brasileiro. No mesmo ano, a <strong>CNI (Confedera\u00e7\u00e3o Nacional da Ind\u00fastria)<\/strong> criou a <strong>Medalha do M\u00e9rito Industrial<\/strong>, cuja primeira edi\u00e7\u00e3o foi entregue ao pr\u00f3prio JK pelo industrial <strong>L\u00eddio Lunardi<\/strong>, ent\u00e3o presidente da CNI e da FIEMG.<\/p>\n<p>Em Minas Gerais, a data come\u00e7ou a ser celebrada oficialmente em <strong>1960<\/strong>, na gest\u00e3o de <strong>F\u00e1bio de Ara\u00fajo Motta<\/strong>. Desde <strong>1965<\/strong>, os homenageados s\u00e3o indicados pelos sindicatos empresariais e avaliados por uma comiss\u00e3o, que leva em conta o <strong>pioneirismo e os relevantes servi\u00e7os prestados \u00e0 comunidade<\/strong>. Em <strong>1976<\/strong>, foi criado o t\u00edtulo de <strong>Industrial do Ano<\/strong>.<\/p>\n<p><a href=\"https:\/\/www.fiemg.com.br\/wp-content\/uploads\/2025\/05\/GA000125F-Book-Dia-da-Industria-Digital_060525.pdf\"><strong>Clique aqui e confira o book completo com os homenageados.<\/strong><\/a><\/p>\n\n<p><strong>Rafael Passos<\/strong><br \/><em>Imprensa FIEMG<\/em><\/p>\n<p>\u00a0<\/p>","protected":false},"excerpt":{"rendered":"<p>SISTEMA FIEMG | Divulga\u00e7\u00e3o Empres\u00e1rios, alunos e professores ser\u00e3o agraciados em evento no dia 22 de maio, em Belo Horizonte A Federa\u00e7\u00e3o das Ind\u00fastrias do Estado de Minas Gerais (FIEMG) celebra, no dia 22 de maio, o Dia da Ind\u00fastria com uma solenidade especial no Minascentro, em Belo Horizonte, a partir das 20h. O evento [&hellip;]<\/p>\n","protected":false},"author":0,"featured_media":29851,"comment_status":"open","ping_status":"open","sticky":false,"template":"","format":"standard","meta":{"rop_custom_images_group":[],"rop_custom_messages_group":[],"rop_publish_now":"initial","rop_publish_now_accounts":[],"rop_publish_now_history":[],"rop_publish_now_status":"pending","footnotes":""},"categories":[6745],"tags":[],"class_list":["post-29850","post","type-post","status-publish","format-standard","has-post-thumbnail","hentry","category-coluna-sindijori"],"_links":{"self":[{"href":"https:\/\/diariotribuna.com.br\/index.php?rest_route=\/wp\/v2\/posts\/29850"}],"collection":[{"href":"https:\/\/diariotribuna.com.br\/index.php?rest_route=\/wp\/v2\/posts"}],"about":[{"href":"https:\/\/diariotribuna.com.br\/index.php?rest_route=\/wp\/v2\/types\/post"}],"replies":[{"embeddable":true,"href":"https:\/\/diariotribuna.com.br\/index.php?rest_route=%2Fwp%2Fv2%2Fcomments&post=29850"}],"version-history":[{"count":0,"href":"https:\/\/diariotribuna.com.br\/index.php?rest_route=\/wp\/v2\/posts\/29850\/revisions"}],"wp:featuredmedia":[{"embeddable":true,"href":"https:\/\/diariotribuna.com.br\/index.php?rest_route=\/wp\/v2\/media\/29851"}],"wp:attachment":[{"href":"https:\/\/diariotribuna.com.br\/index.php?rest_route=%2Fwp%2Fv2%2Fmedia&parent=29850"}],"wp:term":[{"taxonomy":"category","embeddable":true,"href":"https:\/\/diariotribuna.com.br\/index.php?rest_route=%2Fwp%2Fv2%2Fcategories&post=29850"},{"taxonomy":"post_tag","embeddable":true,"href":"https:\/\/diariotribuna.com.br\/index.php?rest_route=%2Fwp%2Fv2%2Ftags&post=29850"}],"curies":[{"name":"wp","href":"https:\/\/api.w.org\/{rel}","templated":true}]}}