{"id":29856,"date":"2025-05-16T13:14:26","date_gmt":"2025-05-16T16:14:26","guid":{"rendered":"https:\/\/diariotribuna.com.br\/?p=29856"},"modified":"2025-05-16T13:14:27","modified_gmt":"2025-05-16T16:14:27","slug":"investigacao-da-policia-civil-apura-tentativa-de-exposicao-de-imagem-intima","status":"publish","type":"post","link":"https:\/\/diariotribuna.com.br\/?p=29856","title":{"rendered":"Investiga\u00e7\u00e3o da Pol\u00edcia Civil apura tentativa de exposi\u00e7\u00e3o de imagem \u00edntima"},"content":{"rendered":"\n<figure class=\"wp-block-image size-full is-resized\"><img loading=\"lazy\" decoding=\"async\" width=\"700\" height=\"551\" src=\"https:\/\/diariotribuna.com.br\/wp-content\/uploads\/2025\/05\/7-1.jpg\" alt=\"\" class=\"wp-image-29857\" style=\"width:384px;height:auto\" srcset=\"https:\/\/diariotribuna.com.br\/wp-content\/uploads\/2025\/05\/7-1.jpg 700w, https:\/\/diariotribuna.com.br\/wp-content\/uploads\/2025\/05\/7-1-300x236.jpg 300w, https:\/\/diariotribuna.com.br\/wp-content\/uploads\/2025\/05\/7-1-696x548.jpg 696w, https:\/\/diariotribuna.com.br\/wp-content\/uploads\/2025\/05\/7-1-534x420.jpg 534w\" sizes=\"(max-width: 700px) 100vw, 700px\" \/><\/figure>\n\n\n\n<p><strong>NANUQUE &#8211;<\/strong> A Pol\u00edcia Civil de Minas Gerais cumpriu mandado de pris\u00e3o, na quarta-feira (14\/5), expedido contra um homem investigado por viol\u00eancia psicol\u00f3gica e tentativa de divulga\u00e7\u00e3o de fotos \u00edntimas de uma mulher com quem manteve um relacionamento.<\/p>\n\n\n\n<p>O caso foi denunciado pela v\u00edtima \u00e0 Delegacia Especializada de Atendimento \u00e0 Mulher (Deam) em Taiobeiras, no Norte do estado, sendo a ordem judicial cumprida no munic\u00edpio de Nanuque, no Vale do Mucuri, onde reside o suspeito. Durante a a\u00e7\u00e3o, os policiais apreenderam o celular e o notebook do investigado, os quais foram encaminhados \u00e0 per\u00edcia da PCMG. O material recolhido ser\u00e1 analisado visando refor\u00e7ar as investiga\u00e7\u00f5es em andamento.<\/p>\n\n\n\n<p><strong>A\u00e7\u00e3o policial &#8211;<\/strong> A apura\u00e7\u00e3o dos fatos teve in\u00edcio ap\u00f3s a v\u00edtima, moradora de Taiobeiras, procurar a Deam para relatar as amea\u00e7as e a tentativa de exposi\u00e7\u00e3o de imagens \u00edntimas sem consentimento, condutas que configuram viol\u00eancia psicol\u00f3gica, crime previsto na legisla\u00e7\u00e3o penal.<\/p>\n\n\n\n<p>Segundo a delegada Mayra Coutinho, ap\u00f3s a emiss\u00e3o da medida cautelar, a ordem judicial foi cumprida na resid\u00eancia do investigado, localizada a mais de 300 quil\u00f4metros do local da den\u00fancia. \u201cA a\u00e7\u00e3o foi viabilizada gra\u00e7as \u00e0 coopera\u00e7\u00e3o entre as Deams em Taiobeiras e Nanuque, com apoio da Pol\u00edcia Militar local\u201d, destacou a policial. A investiga\u00e7\u00e3o est\u00e1 a cargo da Deam em Taiobeiras. (Informa\u00e7\u00f5es\/Fotos: assessoria de comunica\u00e7\u00e3o\/ PCMG).<\/p>\n","protected":false},"excerpt":{"rendered":"<p>NANUQUE &#8211; A Pol\u00edcia Civil de Minas Gerais cumpriu mandado de pris\u00e3o, na quarta-feira (14\/5), expedido contra um homem investigado por viol\u00eancia psicol\u00f3gica e tentativa de divulga\u00e7\u00e3o de fotos \u00edntimas de uma mulher com quem manteve um relacionamento. O caso foi denunciado pela v\u00edtima \u00e0 Delegacia Especializada de Atendimento \u00e0 Mulher (Deam) em Taiobeiras, no [&hellip;]<\/p>\n","protected":false},"author":1,"featured_media":29857,"comment_status":"open","ping_status":"open","sticky":false,"template":"","format":"standard","meta":{"rop_custom_images_group":[],"rop_custom_messages_group":[],"rop_publish_now":"initial","rop_publish_now_accounts":[],"rop_publish_now_history":[],"rop_publish_now_status":"pending","footnotes":""},"categories":[25,20],"tags":[122,292,7162,7161,2484],"class_list":["post-29856","post","type-post","status-publish","format-standard","has-post-thumbnail","hentry","category-destaque","category-policia","tag-nanuque","tag-policia-civil","tag-taiobeiras","tag-tentativa-exposicao-imagem-intima","tag-um-preso"],"_links":{"self":[{"href":"https:\/\/diariotribuna.com.br\/index.php?rest_route=\/wp\/v2\/posts\/29856"}],"collection":[{"href":"https:\/\/diariotribuna.com.br\/index.php?rest_route=\/wp\/v2\/posts"}],"about":[{"href":"https:\/\/diariotribuna.com.br\/index.php?rest_route=\/wp\/v2\/types\/post"}],"author":[{"embeddable":true,"href":"https:\/\/diariotribuna.com.br\/index.php?rest_route=\/wp\/v2\/users\/1"}],"replies":[{"embeddable":true,"href":"https:\/\/diariotribuna.com.br\/index.php?rest_route=%2Fwp%2Fv2%2Fcomments&post=29856"}],"version-history":[{"count":1,"href":"https:\/\/diariotribuna.com.br\/index.php?rest_route=\/wp\/v2\/posts\/29856\/revisions"}],"predecessor-version":[{"id":29858,"href":"https:\/\/diariotribuna.com.br\/index.php?rest_route=\/wp\/v2\/posts\/29856\/revisions\/29858"}],"wp:featuredmedia":[{"embeddable":true,"href":"https:\/\/diariotribuna.com.br\/index.php?rest_route=\/wp\/v2\/media\/29857"}],"wp:attachment":[{"href":"https:\/\/diariotribuna.com.br\/index.php?rest_route=%2Fwp%2Fv2%2Fmedia&parent=29856"}],"wp:term":[{"taxonomy":"category","embeddable":true,"href":"https:\/\/diariotribuna.com.br\/index.php?rest_route=%2Fwp%2Fv2%2Fcategories&post=29856"},{"taxonomy":"post_tag","embeddable":true,"href":"https:\/\/diariotribuna.com.br\/index.php?rest_route=%2Fwp%2Fv2%2Ftags&post=29856"}],"curies":[{"name":"wp","href":"https:\/\/api.w.org\/{rel}","templated":true}]}}