{"id":29859,"date":"2025-05-16T12:34:20","date_gmt":"2025-05-16T15:34:20","guid":{"rendered":"https:\/\/diariotribuna.com.br\/?p=29859"},"modified":"2025-05-16T12:34:20","modified_gmt":"2025-05-16T15:34:20","slug":"valadares-cria-patrulha-da-dignidade","status":"publish","type":"post","link":"https:\/\/diariotribuna.com.br\/?p=29859","title":{"rendered":"Valadares cria \u2018Patrulha da Dignidade\u2019\u00a0"},"content":{"rendered":"<p><!-- [if gte mso 9]&gt;--><\/p>\n<p><!-- [if gte mso 9]&gt;--><\/p>\n<p>  Normal<br \/>\n  0<\/p>\n<p>  21<\/p>\n<p>  false<br \/>\n  false<br \/>\n  false<\/p>\n<p>  PT-BR<br \/>\n  X-NONE<br \/>\n  X-NONE<\/p>\n<p><!-- [if gte mso 9]&gt;--><\/p>\n<p><!-- [if gte mso 10]&gt;--><\/p>\n<p> \/* Style Definitions *\/<br \/>\n table.MsoNormalTable<br \/>\n\t{mso-style-name:&#8221;Tabela normal&#8221;;<br \/>\n\tmso-tstyle-rowband-size:0;<br \/>\n\tmso-tstyle-colband-size:0;<br \/>\n\tmso-style-noshow:yes;<br \/>\n\tmso-style-priority:99;<br \/>\n\tmso-style-parent:&#8221;&#8221;;<br \/>\n\tmso-padding-alt:0cm 5.4pt 0cm 5.4pt;<br \/>\n\tmso-para-margin-top:0cm;<br \/>\n\tmso-para-margin-right:0cm;<br \/>\n\tmso-para-margin-bottom:8.0pt;<br \/>\n\tmso-para-margin-left:0cm;<br \/>\n\tline-height:107%;<br \/>\n\tmso-pagination:widow-orphan;<br \/>\n\tfont-size:11.0pt;<br \/>\n\tfont-family:&#8221;Aptos&#8221;,sans-serif;<br \/>\n\tmso-ascii-font-family:Aptos;<br \/>\n\tmso-ascii-theme-font:minor-latin;<br \/>\n\tmso-hansi-font-family:Aptos;<br \/>\n\tmso-hansi-theme-font:minor-latin;<br \/>\n\tmso-font-kerning:1.0pt;<br \/>\n\tmso-ligatures:standardcontextual;<br \/>\n\tmso-fareast-language:EN-US;}<\/p>\n<p class=\"MsoNormal\"><em><span>Foto: Divulga\u00e7\u00e3o PMGV<\/span><\/em><\/p>\n<p class=\"MsoNormal\"><span>\u00a0<\/span><\/p>\n<p class=\"MsoNormal\"><span>\u00a0<\/span><\/p>\n<p class=\"MsoNormal\"><strong><span>COLUNA MG<\/span><\/strong><\/p>\n<p class=\"MsoNormal\"><span>Principais destaques dos jornais e portais integrantes da rede Sindijori MG <\/span><\/p>\n<p class=\"MsoNormal\"><span><a href=\"http:\/\/www.sindijorimg.com.br\/\">www.sindijorimg.com.br<\/a><\/span><\/p>\n<p class=\"MsoNormal\"><span>\u00a0<\/span><\/p>\n<p class=\"MsoNormal\"><strong><span>Valadares cria \u2018Patrulha da Dignidade\u2019<\/span><\/strong><\/p>\n<p class=\"MsoNormal\"><span>A Prefeitura de Valadares instituiu na quinta-feira, 15, a pol\u00edtica municipal \u201cRua N\u00e3o \u00c9 Lar\u201d, voltada para a popula\u00e7\u00e3o em situa\u00e7\u00e3o de rua. A medida foi oficializada com a assinatura de Decreto do prefeito Coronel Sandro (PL). A nova pol\u00edtica estabelece diretrizes para a atua\u00e7\u00e3o integrada de diferentes secretarias e servi\u00e7os p\u00fablicos municipais. O objetivo \u00e9 organizar o atendimento \u00e0 popula\u00e7\u00e3o em situa\u00e7\u00e3o de rua com base em planejamento, monitoramento e escuta qualificada. Entre as medidas previstas est\u00e1 a cria\u00e7\u00e3o da Patrulha da Dignidade, que ter\u00e1 atua\u00e7\u00e3o ostensiva e intersetorial, com apoio de servi\u00e7os especializados em abordagem social, acolhimento e sa\u00fade. (Di\u00e1rio do A\u00e7o \u2013 Governador Valadares)<\/span><\/p>\n<p class=\"MsoNormal\"><span><a href=\"https:\/\/drd.com.br\/valadares-institui-politica-rua-nao-e-lar-e-cria-patrulha-da-dignidade-para-atender-pessoas-em-situacao-de-rua\/\">https:\/\/drd.com.br\/valadares-institui-politica-rua-nao-e-lar-e-cria-patrulha-da-dignidade-para-atender-pessoas-em-situacao-de-rua\/<\/a><\/span><\/p>\n<p class=\"MsoNormal\"><strong><span><\/span><\/strong><\/p>\n<p class=\"MsoNormal\"><strong><span>\u00a0<\/span><\/strong><\/p>\n<p class=\"MsoNormal\"><strong><span>LMG-719 em processo de deteriora\u00e7\u00e3o<\/span><\/strong><\/p>\n<p class=\"MsoNormal\"><span>A LMG-719, rodovia que liga o munic\u00edpio de Nanuque \u00e0s cidades da regi\u00e3o norte do Esp\u00edrito Santo teve seu leito carro\u00e7\u00e1vel restaurado a menos de um ano pelo Governo de Minas Gerais. Entretanto, a estrada j\u00e1 se encontra em pleno processo de deteriora\u00e7\u00e3o. O DER, \u00f3rg\u00e3o competente pela fiscaliza\u00e7\u00e3o e manuten\u00e7\u00e3o n\u00e3o tem dado a devida aten\u00e7\u00e3o ao desgaste que sofre a pavimenta\u00e7\u00e3o. A parte que compete ao Esp\u00edrito Santo, recebe o tratamento adequado, mas somente at\u00e9 a fronteira. (Jornal Em Tempo <span>\u00a0<\/span>&#8211; Nanuque)<\/span><\/p>\n<p class=\"MsoNormal\"><span><a href=\"https:\/\/jornalemtempo.com\/lmg-719-entra-em-processo-de-deterioracao\">https:\/\/jornalemtempo.com\/lmg-719-entra-em-processo-de-deterioracao<\/a><\/span><\/p>\n<p class=\"MsoNormal\"><span>\u00a0<\/span><\/p>\n<p class=\"MsoNormal\"><strong><span>Projeto combate cerol em Para\u00edso<\/span><\/strong><\/p>\n<p class=\"MsoNormal\"><span>A C\u00e2mara Municipal de S\u00e3o Sebasti\u00e3o do Para\u00edso come\u00e7ou a analisar, na segunda feira (12), o Projeto de Lei n\u00ba 57152025, de autoria do vereador Juliano Reis (Biju), que aperfei\u00e7oa e torna mais severa a legisla\u00e7\u00e3o municipal contra o uso de cerol. A proposta atualiza a Lei 4.1572014, inclui a linha chilena e demais artefatos cortantes, e eleva as penalidades para quem fabricar, vender, transportar ou usar esse tipo de material na cidade (Jornal do Sudoeste \u2013 SS Para\u00edso)<\/span><\/p>\n<p class=\"MsoNormal\"><span><a href=\"https:\/\/jornaldosudoeste.com.br\/noticia_detalhe.php?id=219142\">https:\/\/jornaldosudoeste.com.br\/noticia_detalhe.php?id=219142<\/a><\/span><\/p>\n<p class=\"MsoNormal\"><span>\u00a0<\/span><\/p>\n<p class=\"MsoNormal\"><strong><span>Festa do Queijo vai ter 35 expositores<\/span><\/strong><\/p>\n<p class=\"MsoNormal\"><span>O evento, que vai ser realizado no Poliesportivo, vai contar com 35 produtores de queijo e produtos que harmonizam com a iguaria. Na sexta-feira, dia 23, na parte interna do Poliesportivo de Caet\u00e9, o evento vai come\u00e7ar com show do cantor Robertinho \u00e0s 17h. No s\u00e1bado, 24, dentro do Poliesportivo, a exposi\u00e7\u00e3o come\u00e7a \u00e0s 9h; \u00e0s 10h Cozinha Show; 14h show de viola e sanfona; 15h30, Cozinha Show; 17h m\u00fasica com o projeto Clube da Esquina; 18h30, o \u00faltimo Cozinha Show, e o fechamento dos estandes na \u00e1rea interna acontece \u00e0s 22h. (Jornal Opini\u00e3o \u2013 Caet\u00e9)<\/span><\/p>\n<p class=\"MsoNormal\"><span><a href=\"https:\/\/www.opiniaocaete.com.br\/festa-do-queijo-vai-ter-35-expositores-e-shows-sertanejos\/\">https:\/\/www.opiniaocaete.com.br\/festa-do-queijo-vai-ter-35-expositores-e-shows-sertanejos\/<\/a><\/span><\/p>\n<p class=\"MsoNormal\"><span>\u00a0<\/span><\/p>\n<p class=\"MsoNormal\"><strong><span>Biblioteca faz campanha de doa\u00e7\u00e3o<\/span><\/strong><\/p>\n<p class=\"MsoNormal\"><span>A Biblioteca P\u00fablica Municipal Jos\u00e9 Donizete Ribeiro de Souza, em Carmo do Cajuru, est\u00e1 lana\u00e7andoa campanha \u201cDoe livros. Transforme vidas!\u201d, que ser\u00e1 realizada at\u00e9 3 de junho. O objetivo da campanha \u00e9 fortalecer o acervo da biblioteca, incentivar o reaproveitamento de obras esquecidas nas estantes e promover o acesso democr\u00e1tico \u00e0 leitura, fortalecendo os v\u00ednculos comunit\u00e1rios por meio da cultura. As doa\u00e7\u00f5es devem ser feitas diretamente na sede da biblioteca. (Jornal Agora \u2013 Divin\u00f3polis)<\/span><\/p>\n<p class=\"MsoNormal\"><span><a href=\"https:\/\/www.agoracomvoce.com.br\/2025\/05\/16\/biblioteca-publica-de-cajuru-lanca-a-campanha-doe-livros-transforme-vidas\/\">https:\/\/www.agoracomvoce.com.br\/2025\/05\/16\/biblioteca-publica-de-cajuru-lanca-a-campanha-doe-livros-transforme-vidas\/<\/a><\/span><\/p>\n<p class=\"MsoNormal\"><span>\u00a0<\/span><\/p>\n<p class=\"MsoNormal\"><strong><span>Bretas fecha filial de Po\u00e7os<\/span><\/strong><\/p>\n<p class=\"MsoNormal\"><span>O Bretas anunciou nesta semana o fim de suas atividades em Po\u00e7os de Caldas no pr\u00f3ximo dia 21. A rede foi comprada recentemente pela empresa concorrente no estado Supermercados BH. Em um comunicado simples e direto enviado aos clientes, a empresa disse que encerra as atividades nas duas lojas de Po\u00e7os de Caldas neste dia 21 de maio e ainda orienta que seus clientes poder\u00e3o realizar a troca de pontos e usar seus benef\u00edcios at\u00e9 dia 20. A rede Supermercados BH adquiriram todas as lojas da rede Bretas em Minas Gerais. (Po\u00e7os J\u00e1)<\/span><\/p>\n<p class=\"MsoNormal\"><span><a href=\"https:\/\/pocosja.com.br\/2025\/05\/16\/bretas-anuncia-para-a-proxima-semana-o-fim-das-atividades-em-pocos\/\">https:\/\/pocosja.com.br\/2025\/05\/16\/bretas-anuncia-para-a-proxima-semana-o-fim-das-atividades-em-pocos\/<\/a><\/span><\/p>\n<p class=\"MsoNormal\"><span><\/span><\/p>\n<p class=\"MsoNormal\"><span>\u00a0<\/span><\/p>\n<p class=\"MsoNormal\"><strong><span>Apelido gera indeniza\u00e7\u00e3o<\/span><\/strong><\/p>\n<p class=\"MsoNormal\"><span>A Justi\u00e7a do Trabalho determinou indeniza\u00e7\u00e3o de R$ 8 mil por danos morais ao ex-funcion\u00e1rio de uma empresa de telecomunica\u00e7\u00f5es de Muria\u00e9. Segundo o processo, ele sofreu abusos na cobran\u00e7a de metas e foi submetido a tratamento humilhante no ambiente de trabalho. Segundo o trabalhador, a empresa criou um grupo no WhatsApp onde eram feitas cobran\u00e7as consideradas desrespeitosas. Al\u00e9m disso, testemunhas relataram que funcion\u00e1rios eram expostos a constrangimentos p\u00fablicos em redes sociais. &#8220;Havia o chamado &#8216;Ranking da Vergonha&#8217;, no qual o coordenador cobrava metas que se alteravam frequentemente, apontando entre os participantes a posi\u00e7\u00e3o no ranking de vendas. Conforme relatos, eram comuns as piadas de p\u00e9ssimo gosto e os apelidos inc\u00f4modos, como &#8216;cabritos'&#8221;, explicou o TRT. (Gazeta de Muria\u00e9)<\/span><\/p>\n<p class=\"MsoNormal\"><span><a href=\"https:\/\/gazetademuriae.com.br\/noticia\/detalhe\/16024\/trabalhador-apelidado-de-cabrito-indenizado-por-insultos-e-cobranca-de-metas-abusivas-\">https:\/\/gazetademuriae.com.br\/noticia\/detalhe\/16024\/trabalhador-apelidado-de-cabrito-indenizado-por-insultos-e-cobranca-de-metas-abusivas-<\/a><\/span><\/p>\n<p class=\"MsoNormal\"><span><\/span><\/p>\n\n<p>\u00a0<\/p>","protected":false},"excerpt":{"rendered":"<p>Normal 0 21 false false false PT-BR X-NONE X-NONE \/* Style Definitions *\/ table.MsoNormalTable {mso-style-name:&#8221;Tabela normal&#8221;; mso-tstyle-rowband-size:0; mso-tstyle-colband-size:0; mso-style-noshow:yes; mso-style-priority:99; mso-style-parent:&#8221;&#8221;; mso-padding-alt:0cm 5.4pt 0cm 5.4pt; mso-para-margin-top:0cm; mso-para-margin-right:0cm; mso-para-margin-bottom:8.0pt; mso-para-margin-left:0cm; line-height:107%; mso-pagination:widow-orphan; font-size:11.0pt; font-family:&#8221;Aptos&#8221;,sans-serif; mso-ascii-font-family:Aptos; mso-ascii-theme-font:minor-latin; mso-hansi-font-family:Aptos; mso-hansi-theme-font:minor-latin; mso-font-kerning:1.0pt; mso-ligatures:standardcontextual; mso-fareast-language:EN-US;} Foto: Divulga\u00e7\u00e3o PMGV \u00a0 \u00a0 COLUNA MG Principais destaques dos jornais e portais integrantes da [&hellip;]<\/p>\n","protected":false},"author":0,"featured_media":29860,"comment_status":"open","ping_status":"open","sticky":false,"template":"","format":"standard","meta":{"rop_custom_images_group":[],"rop_custom_messages_group":[],"rop_publish_now":"initial","rop_publish_now_accounts":[],"rop_publish_now_history":[],"rop_publish_now_status":"pending","footnotes":""},"categories":[6745],"tags":[],"class_list":["post-29859","post","type-post","status-publish","format-standard","has-post-thumbnail","hentry","category-coluna-sindijori"],"_links":{"self":[{"href":"https:\/\/diariotribuna.com.br\/index.php?rest_route=\/wp\/v2\/posts\/29859"}],"collection":[{"href":"https:\/\/diariotribuna.com.br\/index.php?rest_route=\/wp\/v2\/posts"}],"about":[{"href":"https:\/\/diariotribuna.com.br\/index.php?rest_route=\/wp\/v2\/types\/post"}],"replies":[{"embeddable":true,"href":"https:\/\/diariotribuna.com.br\/index.php?rest_route=%2Fwp%2Fv2%2Fcomments&post=29859"}],"version-history":[{"count":0,"href":"https:\/\/diariotribuna.com.br\/index.php?rest_route=\/wp\/v2\/posts\/29859\/revisions"}],"wp:featuredmedia":[{"embeddable":true,"href":"https:\/\/diariotribuna.com.br\/index.php?rest_route=\/wp\/v2\/media\/29860"}],"wp:attachment":[{"href":"https:\/\/diariotribuna.com.br\/index.php?rest_route=%2Fwp%2Fv2%2Fmedia&parent=29859"}],"wp:term":[{"taxonomy":"category","embeddable":true,"href":"https:\/\/diariotribuna.com.br\/index.php?rest_route=%2Fwp%2Fv2%2Fcategories&post=29859"},{"taxonomy":"post_tag","embeddable":true,"href":"https:\/\/diariotribuna.com.br\/index.php?rest_route=%2Fwp%2Fv2%2Ftags&post=29859"}],"curies":[{"name":"wp","href":"https:\/\/api.w.org\/{rel}","templated":true}]}}