{"id":29862,"date":"2025-05-17T12:01:34","date_gmt":"2025-05-17T15:01:34","guid":{"rendered":"https:\/\/diariotribuna.com.br\/?p=29862"},"modified":"2025-05-17T12:01:34","modified_gmt":"2025-05-17T15:01:34","slug":"condominio-recebera-aportes-de-r-1-bi","status":"publish","type":"post","link":"https:\/\/diariotribuna.com.br\/?p=29862","title":{"rendered":"Condom\u00ednio receber\u00e1 aportes de R$ 1 bi\u00a0"},"content":{"rendered":"<p><em><span>Foto: Reprodu\u00e7\u00e3o PAF<\/span><\/em><\/p>\n<p><strong><span>COLUNA MG<\/span><\/strong><br \/><span>Principais destaques dos jornais e portais integrantes da rede Sindijori MG <\/span><br \/><span><a href=\"http:\/\/www.sindijorimg.com.br\/\">www.sindijorimg.com.br<\/a><\/span><\/p>\n<p><strong><span>Condom\u00ednio receber\u00e1 aportes de R$ 1 bi<\/span><\/strong><br \/><span>Na quinta-feira, 15, foi anunciado no audit\u00f3rio do SESI de Pouso Alegre\/MG, o lan\u00e7amento de um dos maiores empreendimentos log\u00edsticos da regi\u00e3o. A cidade ir\u00e1 receber um moderno condom\u00ednio voltado \u00e0 \u00e1rea de log\u00edstica, com investimentos que podem atingir at\u00e9 R$ 1 bilh\u00e3o ao final do projeto. O empreendimento ser\u00e1 instalado no Distrito Industrial do munic\u00edpio, em uma \u00e1rea de 1,2 milh\u00e3o de metros quadrados \u00e0s margens da Rodovia Fern\u00e3o Dias (BR-381). A primeira etapa do projeto deve ser finalizada at\u00e9 o final deste ano. No primeiro momento, est\u00e3o previstos aportes de R$ 500 milh\u00f5es, fomentando cerca de 1000 empregos diretos locais. (Pouso Alegre em Foco)<\/span><br \/><span><a href=\"https:\/\/pousoalegreemfoco.com.br\/noticia\/1965\/novo-condominio-logistico-pouso-alegre-receber-aportes\">https:\/\/pousoalegreemfoco.com.br\/noticia\/1965\/novo-condominio-logistico-pouso-alegre-receber-aportes<\/a><\/span><\/p>\n<p><strong><span>Mundo pet ganha feira exclusiva em BH<\/span><\/strong><br \/><span>A 10\u00aa edi\u00e7\u00e3o da Expovet Minas, uma feira dedicada ao setor pet est\u00e1 sendo realizada at\u00e9 domingo, 18, em Belo Horizonte, com 160 expositores e uma expectativa de 13 mil visitantes. O evento, que acontece no Centerminas, \u00e9 voltado exclusivamente para profissionais como lojistas, donos de petshops, m\u00e9dicos veterin\u00e1rios, estudantes de veterin\u00e1ria e ONGs, com entrada gratuita mediante credenciamento online. A feira promete ser a mais completa do estado, apresentando novidades, lan\u00e7amentos e oportunidades de neg\u00f3cios, al\u00e9m de contar com um espa\u00e7o exclusivo para groomers e palestras de atualiza\u00e7\u00e3o.. (Cidade Conecta \u2013 Nova Lima)<\/span><br \/><span><a href=\"https:\/\/www.cidadeconecta.com\/noticias\/mundo-pet-ganha-feira-exclusiva-em-bh-veja-onde-e-quando\/\">https:\/\/www.cidadeconecta.com\/noticias\/mundo-pet-ganha-feira-exclusiva-em-bh-veja-onde-e-quando\/<\/a><\/span><\/p>\n<p><strong><span>Araguari faz vacina\u00e7\u00e3o nas escolas<\/span><\/strong><br \/><span>A Prefeitura de Araguari lan\u00e7ar\u00e1, a partir de junho, uma campanha de vacina\u00e7\u00e3o nas escolas municipais para refor\u00e7ar a prote\u00e7\u00e3o dos estudantes e garantir que o calend\u00e1rio vacinal seja cumprido. A a\u00e7\u00e3o, que contar\u00e1 com a participa\u00e7\u00e3o das secretarias de Sa\u00fade e Educa\u00e7\u00e3o, visa atualizar as cadernetas de vacina\u00e7\u00e3o de mais de 5.200 crian\u00e7as e adolescentes. As principais vacinas a serem aplicadas ser\u00e3o contra o HPV e a meningite do tipo ACWY, al\u00e9m de uma confer\u00eancia geral das cadernetas, conforme o Plano Nacional de Imuniza\u00e7\u00f5es (PNI). (Gazeta do Tri\u00e2ngulo \u2013 Araguari)<\/span><br \/><span><a href=\"https:\/\/gazetadotriangulo.com.br\/vacinacao-nas-escolas-prefeitura-lanca-campanha-a-partir-de-junho\/\">https:\/\/gazetadotriangulo.com.br\/vacinacao-nas-escolas-prefeitura-lanca-campanha-a-partir-de-junho\/<\/a><\/span><\/p>\n<p><strong><span>Festival Arteiros movimenta Caratinga<\/span><\/strong><br \/><span>Caratinga receber\u00e1 o Festival Arteiros de Caratinga de 28 a 31 de maio de 2025, uma celebra\u00e7\u00e3o cultural gratuita que reunir\u00e1 mais de 100 artistas locais em diversas atividades, como m\u00fasica, teatro, literatura, cinema e artes pl\u00e1sticas. O evento ocupar\u00e1 espa\u00e7os culturais da cidade, como o Coreto Ronaldinho Calazans, Casa Ziraldo de Cultura e Instituto H\u00e9lio Amaral, com destaque para exposi\u00e7\u00f5es, festivais liter\u00e1rios, pe\u00e7as teatrais, oficinas art\u00edsticas e shows, incluindo um festival de rock. A programa\u00e7\u00e3o visa envolver toda a comunidade e promover a cultura local, oferecendo experi\u00eancias \u00fanicas para todas as idades. (Di\u00e1rio de Caratinga)<\/span><br \/><span><a href=\"https:\/\/diariodecaratinga.com.br\/festival-arteiros-movimenta-cena-cultural-de-caratinga-no-fim-de-maio\/\">https:\/\/diariodecaratinga.com.br\/festival-arteiros-movimenta-cena-cultural-de-caratinga-no-fim-de-maio\/<\/a><\/span><\/p>\n<p><strong><span>Produtora de Formiga \u00e9 destaque <\/span><\/strong><br \/><span>A marca Do Rancho \u00e9 eleita a melhor do Brasil na categoria Mista do Pr\u00eamio CNA Brasil Artesanal Geleia 2025. A produtora Glenda Frade, de Formiga, no Centro-Oeste de Minas Gerais, conquistou o primeiro lugar na categoria Geleia Mista do Pr\u00eamio CNA Brasil Artesanal Geleia 2025, com sua receita de geleia de abacaxi com pimenta, da marca Do Rancho. Glenda foi a \u00fanica representante mineira entre os finalistas do concurso, promovido pela Confedera\u00e7\u00e3o da Agricultura e Pecu\u00e1ria do Brasil (CNA). Emocionada durante a cerim\u00f4nia de premia\u00e7\u00e3o, ela agradeceu aos que a apoiaram ao longo da jornada, com destaque para o Sistema Faemg Senar. (O Pergaminho \u2013 Formiga)<\/span><br \/><span><a href=\"https:\/\/www.opergaminho.com.br\/produtora-mineira-e-destaque-nacional-com-geleia-artesanal-de-abacaxi-com-pimenta\">https:\/\/www.opergaminho.com.br\/produtora-mineira-e-destaque-nacional-com-geleia-artesanal-de-abacaxi-com-pimenta<\/a><\/span><\/p>\n<p><strong><span>Secretaria auxilia cafeicultores<\/span><\/strong><br \/><span>A Secretaria Municipal de Agricultura e Pecu\u00e1ria est\u00e1 oferecendo um servi\u00e7o subsidiado de limpeza de terreiros para secagem de caf\u00e9, com o objetivo de apoiar os agricultores familiares na prepara\u00e7\u00e3o para a safra de 2025. Duas motoniveladoras est\u00e3o sendo utilizadas para atender diferentes regi\u00f5es do munic\u00edpio, como Divisa, Assentamento Nova Alian\u00e7a, Maca\u00fabas de Cima, C\u00f3rrego da Mata, Brejo do Silvano, entre outras. (Jornal de Patroc\u00ednio)<\/span><br \/><span><a href=\"https:\/\/www.jornaldepatrocinio.com\/secretaria-municipal-de-agricultura-e-pecuaria-disponibiliza-limpeza-de-terreiros-para-a-safra-de-cafe\">https:\/\/www.jornaldepatrocinio.com\/secretaria-municipal-de-agricultura-e-pecuaria-disponibiliza-limpeza-de-terreiros-para-a-safra-de-cafe<\/a><\/span><\/p>\n<p><span><\/span><\/p>\n<p>\u00a0<\/p>","protected":false},"excerpt":{"rendered":"<p>Foto: Reprodu\u00e7\u00e3o PAF COLUNA MGPrincipais destaques dos jornais e portais integrantes da rede Sindijori MG www.sindijorimg.com.br Condom\u00ednio receber\u00e1 aportes de R$ 1 biNa quinta-feira, 15, foi anunciado no audit\u00f3rio do SESI de Pouso Alegre\/MG, o lan\u00e7amento de um dos maiores empreendimentos log\u00edsticos da regi\u00e3o. A cidade ir\u00e1 receber um moderno condom\u00ednio voltado \u00e0 \u00e1rea de [&hellip;]<\/p>\n","protected":false},"author":0,"featured_media":29863,"comment_status":"open","ping_status":"open","sticky":false,"template":"","format":"standard","meta":{"rop_custom_images_group":[],"rop_custom_messages_group":[],"rop_publish_now":"initial","rop_publish_now_accounts":[],"rop_publish_now_history":[],"rop_publish_now_status":"pending","footnotes":""},"categories":[6745],"tags":[],"class_list":["post-29862","post","type-post","status-publish","format-standard","has-post-thumbnail","hentry","category-coluna-sindijori"],"_links":{"self":[{"href":"https:\/\/diariotribuna.com.br\/index.php?rest_route=\/wp\/v2\/posts\/29862"}],"collection":[{"href":"https:\/\/diariotribuna.com.br\/index.php?rest_route=\/wp\/v2\/posts"}],"about":[{"href":"https:\/\/diariotribuna.com.br\/index.php?rest_route=\/wp\/v2\/types\/post"}],"replies":[{"embeddable":true,"href":"https:\/\/diariotribuna.com.br\/index.php?rest_route=%2Fwp%2Fv2%2Fcomments&post=29862"}],"version-history":[{"count":0,"href":"https:\/\/diariotribuna.com.br\/index.php?rest_route=\/wp\/v2\/posts\/29862\/revisions"}],"wp:featuredmedia":[{"embeddable":true,"href":"https:\/\/diariotribuna.com.br\/index.php?rest_route=\/wp\/v2\/media\/29863"}],"wp:attachment":[{"href":"https:\/\/diariotribuna.com.br\/index.php?rest_route=%2Fwp%2Fv2%2Fmedia&parent=29862"}],"wp:term":[{"taxonomy":"category","embeddable":true,"href":"https:\/\/diariotribuna.com.br\/index.php?rest_route=%2Fwp%2Fv2%2Fcategories&post=29862"},{"taxonomy":"post_tag","embeddable":true,"href":"https:\/\/diariotribuna.com.br\/index.php?rest_route=%2Fwp%2Fv2%2Ftags&post=29862"}],"curies":[{"name":"wp","href":"https:\/\/api.w.org\/{rel}","templated":true}]}}