{"id":29864,"date":"2025-05-18T22:27:17","date_gmt":"2025-05-19T01:27:17","guid":{"rendered":"https:\/\/diariotribuna.com.br\/?p=29864"},"modified":"2025-05-19T22:56:38","modified_gmt":"2025-05-20T01:56:38","slug":"policia-civil-recupera-dois-veiculos-furtados-em-teofilo-otoni","status":"publish","type":"post","link":"https:\/\/diariotribuna.com.br\/?p=29864","title":{"rendered":"Pol\u00edcia Civil recupera dois ve\u00edculos furtados em Te\u00f3filo Otoni"},"content":{"rendered":"\n<figure class=\"wp-block-image size-full is-resized\"><img loading=\"lazy\" decoding=\"async\" width=\"700\" height=\"404\" src=\"https:\/\/diariotribuna.com.br\/wp-content\/uploads\/2025\/05\/1-3.jpg\" alt=\"\" class=\"wp-image-29867\" style=\"width:468px;height:auto\" srcset=\"https:\/\/diariotribuna.com.br\/wp-content\/uploads\/2025\/05\/1-3.jpg 700w, https:\/\/diariotribuna.com.br\/wp-content\/uploads\/2025\/05\/1-3-300x173.jpg 300w, https:\/\/diariotribuna.com.br\/wp-content\/uploads\/2025\/05\/1-3-696x402.jpg 696w\" sizes=\"(max-width: 700px) 100vw, 700px\" \/><\/figure>\n\n\n\n<p>A Pol\u00edcia Civil de Minas Gerais, por meio da Delegacia Especializada em Repress\u00e3o a Furtos e Roubos de Te\u00f3filo Otoni, ap\u00f3s dilig\u00eancias e monitoramento, conseguiu localizar e recuperar um autom\u00f3vel GM \u00d4nix, ano 2023 e uma motocicleta Honda XRE 300, ano 2020, ve\u00edculos que haviam sido furtados em Te\u00f3filo Otoni.<\/p>\n\n\n\n<p>A Delegacia Especializada monitorou um im\u00f3vel e conseguiu identificar que dois ve\u00edculos adquiridos de forma fraudulenta estavam sendo escondidos para n\u00e3o serem descobertos, pois estariam relacionados a crimes patrimoniais. No im\u00f3vel onde foram encontrados e apreendidos os ve\u00edculos, os policiais verificaram os dados identificadores e desvendaram que estavam adulterados.<\/p>\n\n\n\n<figure class=\"wp-block-image size-full is-resized\"><img loading=\"lazy\" decoding=\"async\" width=\"700\" height=\"490\" src=\"https:\/\/diariotribuna.com.br\/wp-content\/uploads\/2025\/05\/2-4.jpg\" alt=\"\" class=\"wp-image-29868\" style=\"width:398px;height:auto\" srcset=\"https:\/\/diariotribuna.com.br\/wp-content\/uploads\/2025\/05\/2-4.jpg 700w, https:\/\/diariotribuna.com.br\/wp-content\/uploads\/2025\/05\/2-4-300x210.jpg 300w, https:\/\/diariotribuna.com.br\/wp-content\/uploads\/2025\/05\/2-4-100x70.jpg 100w, https:\/\/diariotribuna.com.br\/wp-content\/uploads\/2025\/05\/2-4-696x487.jpg 696w, https:\/\/diariotribuna.com.br\/wp-content\/uploads\/2025\/05\/2-4-600x420.jpg 600w\" sizes=\"(max-width: 700px) 100vw, 700px\" \/><\/figure>\n\n\n\n<p>Os propriet\u00e1rios leg\u00edtimos dos ve\u00edculos recuperados ser\u00e3o notificados para terem restitu\u00eddos os seus bens perdidos e prestarem esclarecimentos sobre os fatos. Os envolvidos na pr\u00e1tica do crime permanecem sob investiga\u00e7\u00e3o policial. Equipe Policial: Delegado Eduardo Gil. Investigadores Anderson Schultz, Cl\u00e1udio Borges, Erick Mateus e Igor Ganem. Escriv\u00e3es Anselmo e Lucas. (Informa\u00e7\u00f5es\/Fotos: dr. Eduardo Gil\/ PCMG\/ Te\u00f3filo Otoni).<\/p>\n","protected":false},"excerpt":{"rendered":"<p>A Pol\u00edcia Civil de Minas Gerais, por meio da Delegacia Especializada em Repress\u00e3o a Furtos e Roubos de Te\u00f3filo Otoni, ap\u00f3s dilig\u00eancias e monitoramento, conseguiu localizar e recuperar um autom\u00f3vel GM \u00d4nix, ano 2023 e uma motocicleta Honda XRE 300, ano 2020, ve\u00edculos que haviam sido furtados em Te\u00f3filo Otoni. A Delegacia Especializada monitorou um [&hellip;]<\/p>\n","protected":false},"author":1,"featured_media":29867,"comment_status":"open","ping_status":"open","sticky":false,"template":"","format":"standard","meta":{"rop_custom_images_group":[],"rop_custom_messages_group":[],"rop_publish_now":"initial","rop_publish_now_accounts":[],"rop_publish_now_history":[],"rop_publish_now_status":"pending","footnotes":""},"categories":[20],"tags":[7163,986,292,75],"class_list":["post-29864","post","type-post","status-publish","format-standard","has-post-thumbnail","hentry","category-policia","tag-2-veiculos-recuperados","tag-furto","tag-policia-civil","tag-teofilo-otoni"],"_links":{"self":[{"href":"https:\/\/diariotribuna.com.br\/index.php?rest_route=\/wp\/v2\/posts\/29864"}],"collection":[{"href":"https:\/\/diariotribuna.com.br\/index.php?rest_route=\/wp\/v2\/posts"}],"about":[{"href":"https:\/\/diariotribuna.com.br\/index.php?rest_route=\/wp\/v2\/types\/post"}],"author":[{"embeddable":true,"href":"https:\/\/diariotribuna.com.br\/index.php?rest_route=\/wp\/v2\/users\/1"}],"replies":[{"embeddable":true,"href":"https:\/\/diariotribuna.com.br\/index.php?rest_route=%2Fwp%2Fv2%2Fcomments&post=29864"}],"version-history":[{"count":1,"href":"https:\/\/diariotribuna.com.br\/index.php?rest_route=\/wp\/v2\/posts\/29864\/revisions"}],"predecessor-version":[{"id":29869,"href":"https:\/\/diariotribuna.com.br\/index.php?rest_route=\/wp\/v2\/posts\/29864\/revisions\/29869"}],"wp:featuredmedia":[{"embeddable":true,"href":"https:\/\/diariotribuna.com.br\/index.php?rest_route=\/wp\/v2\/media\/29867"}],"wp:attachment":[{"href":"https:\/\/diariotribuna.com.br\/index.php?rest_route=%2Fwp%2Fv2%2Fmedia&parent=29864"}],"wp:term":[{"taxonomy":"category","embeddable":true,"href":"https:\/\/diariotribuna.com.br\/index.php?rest_route=%2Fwp%2Fv2%2Fcategories&post=29864"},{"taxonomy":"post_tag","embeddable":true,"href":"https:\/\/diariotribuna.com.br\/index.php?rest_route=%2Fwp%2Fv2%2Ftags&post=29864"}],"curies":[{"name":"wp","href":"https:\/\/api.w.org\/{rel}","templated":true}]}}