{"id":29870,"date":"2025-05-19T12:09:15","date_gmt":"2025-05-19T15:09:15","guid":{"rendered":"https:\/\/diariotribuna.com.br\/?p=29870"},"modified":"2025-05-19T12:09:15","modified_gmt":"2025-05-19T15:09:15","slug":"r-230-milhoes-para-o-terminal-em-lafaiete","status":"publish","type":"post","link":"https:\/\/diariotribuna.com.br\/?p=29870","title":{"rendered":"R$ 230 milh\u00f5es para o terminal em Lafaiete\u00a0"},"content":{"rendered":"<p><em><span>Foto: Adobe Stock\/Reprodu\u00e7\u00e3oDC<\/span><\/em><\/p>\n<p><strong><span>COLUNA MG<\/span><\/strong><br \/><span>Principais destaques dos jornais e portais integrantes da rede Sindijori MG <\/span><br \/><span><a href=\"http:\/\/www.sindijorimg.com.br\/\">www.sindijorimg.com.br<\/a><\/span><\/p>\n<p><strong><span>R$ 230 mi no terminal em Lafaiete<\/span><\/strong><br \/><span>Ap\u00f3s aportar R$ 100 milh\u00f5es na moderniza\u00e7\u00e3o de sua unidade industrial em Congonhas, na regi\u00e3o Central de Minas Gerais, a LGA Minera\u00e7\u00e3o construir\u00e1 um terminal ferrovi\u00e1rio em Conselheiro Lafaiete, com investimento estimado em R$ 230 milh\u00f5es. A expectativa \u00e9 que as atividades na instala\u00e7\u00e3o, que ter\u00e1 capacidade para 8 milh\u00f5es de toneladas, entre recebimento de produtos e expedi\u00e7\u00e3o, tenham in\u00edcio no primeiro semestre de 2028. A conceitua\u00e7\u00e3o do projeto j\u00e1 foi realizada, bem como a aquisi\u00e7\u00e3o dos im\u00f3veis necess\u00e1rios para a implanta\u00e7\u00e3o. (Di\u00e1rio do Com\u00e9rcio \u2013 Belo Horizonte)<\/span><br \/><span><a href=\"https:\/\/diariodocomercio.com.br\/economia\/lga-mineracao-investira-r-230-milhoes-em-conselheiro-lafaiete\/\">https:\/\/diariodocomercio.com.br\/economia\/lga-mineracao-investira-r-230-milhoes-em-conselheiro-lafaiete\/<\/a><\/span><\/p>\n<p><strong><span>Arax\u00e1 ter\u00e1 unidade de quimioterapia<\/span><\/strong><br \/><span>A Prefeitura de Arax\u00e1 est\u00e1 articulando com o Hospital H\u00e9lio Angotti, de Uberaba, a cria\u00e7\u00e3o de uma unidade pr\u00f3pria de quimioterapia no munic\u00edpio, com objetivo de oferecer tratamento mais pr\u00f3ximo e humanizado aos pacientes da cidade e regi\u00e3o. O espa\u00e7o, localizado no bairro Urciano Lemos, j\u00e1 foi aprovado tecnicamente e passar\u00e1 por reformas com apoio da administra\u00e7\u00e3o municipal e recursos dos deputados M\u00e1rio Heringer e Bosco. A previs\u00e3o \u00e9 que a unidade comece a funcionar no segundo semestre, oferecendo estrutura completa. (Clarim.Net \u2013 Arax\u00e1)<\/span><br \/><span><a href=\"https:\/\/clarim.net.br\/araxa-avanca-para-ter-unidade-propria-de-quimioterapia\/\">https:\/\/clarim.net.br\/araxa-avanca-para-ter-unidade-propria-de-quimioterapia\/<\/a><\/span><\/p>\n<p><strong><span>11\u00aa Noite Mineira de Museus abre inscri\u00e7\u00f5es<\/span><\/strong><br \/><span>Est\u00e3o abertas at\u00e9 25 de maio as inscri\u00e7\u00f5es para a 11\u00aa Noite Mineira de Museus e Bibliotecas, que ser\u00e1 realizada em 12 de junho em comemora\u00e7\u00e3o ao Dia dos Namorados. A iniciativa, promovida pela Secretaria de Estado de Cultura e Turismo de Minas Gerais (Secult-MG) dentro do programa AMA \u2013 Ano Mineiro das Artes, prop\u00f5e uma programa\u00e7\u00e3o cultural gratuita e noturna em diversas cidades mineiras, com exposi\u00e7\u00f5es, oficinas, saraus, exibi\u00e7\u00f5es audiovisuais, apresenta\u00e7\u00f5es art\u00edsticas e shows. O objetivo \u00e9 valorizar museus e bibliotecas como espa\u00e7os de mem\u00f3ria, identidade e cidadania, promovendo o acesso \u00e0 cultura de forma descentralizada e democr\u00e1tica. (Balc\u00e3o News \u2013 Belo Horizonte)<\/span><br \/><span><a href=\"https:\/\/balcaonews.com.br\/2025\/05\/18\/inscricoes-para-a-11a-noite-mineira-de-museus-e-bibliotecas-vao-ate-25-de-maio\/\">https:\/\/balcaonews.com.br\/2025\/05\/18\/inscricoes-para-a-11a-noite-mineira-de-museus-e-bibliotecas-vao-ate-25-de-maio\/<\/a><\/span><\/p>\n<p><strong><span>Brumadinho renova frota de \u00f4nibus <\/span><\/strong><br \/><span>Oito novos \u00f4nibus metropolitanos, adquiridos com recursos provenientes do acordo de repara\u00e7\u00e3o pelo rompimento da barragem em 2019, foram entregues pelo Governo de Minas e j\u00e1 est\u00e3o em opera\u00e7\u00e3o no munic\u00edpio. A entrega simb\u00f3lica dos ve\u00edculos ocorreu no Centro Administrativo e, em um gesto de valoriza\u00e7\u00e3o da igualdade de g\u00eanero, as chaves dos novos coletivos foram entregues a duas motoristas mulheres. A cerim\u00f4nia contou com a presen\u00e7a do governador Romeu Zema, do prefeito de Brumadinho, Gabriel Parreiras, da vice-prefeita Aline Braga, al\u00e9m de outras autoridades municipais. (MG News \u2013 Brumadinho)<\/span><br \/><span><a href=\"https:\/\/www.portalmgnews.com\/brumadinho-renova-frota-de-onibus-metropolitanos-com-recursos-de-reparacao-da-vale\">https:\/\/www.portalmgnews.com\/brumadinho-renova-frota-de-onibus-metropolitanos-com-recursos-de-reparacao-da-vale<\/a><\/span><\/p>\n<p><strong><span>Divin\u00f3polis tem 205 foragidos<\/span><\/strong><br \/><span>Divin\u00f3polis conta com 205 pessoas foragidas da Justi\u00e7a, segundo dados do Banco Nacional de Mandados de Pris\u00e3o (BNMP). O site re\u00fane ordens expedidas de todos os tribunais do Brasil. Dentre os procurados, 37 deles (18%) est\u00e3o com um mandado de pris\u00e3o em aberto h\u00e1 mais de cinco anos e ainda n\u00e3o foram capturados. Destes, nove est\u00e3o foragidos h\u00e1 mais de dez anos.Ainda conforme o site, mantido pelo Conselho Nacional de Justi\u00e7a (CNJ), 150 dos 205 do total de mandados em vigor at\u00e9 o dia 18 de maio de 2025, 73% s\u00e3o de natureza penal. Em rela\u00e7\u00e3o ao g\u00eanero, 193 dos foragidos s\u00e3o homens, enquanto 12 s\u00e3o mulheres. (Portal MPA\u00a0 &#8211; Divin\u00f3polis)<\/span><br \/><span><a href=\"https:\/\/www.sistemampa.com.br\/noticias\/policial\/divinopolis-tem-205-foragidos-da-justica-9-deles-estao-ha-mais-de-dez-anos\/\">https:\/\/www.sistemampa.com.br\/noticias\/policial\/divinopolis-tem-205-foragidos-da-justica-9-deles-estao-ha-mais-de-dez-anos\/<\/a><\/span><\/p>\n<p><strong><span>Gol suspender\u00e1 voos em Uberaba <\/span><\/strong><br \/><span>A Gol Linhas A\u00e9reas informou a suspens\u00e3o da opera\u00e7\u00e3o em Uberaba. A companhia a\u00e9rea justificou a medida como \u201cajuste de malha a\u00e9rea\u201d e n\u00e3o confirmou data para a retomada dos voos operados no Aeroporto M\u00e1rio de Almeida Franco. No site de vendas de passagens a\u00e9reas da Gol e mesmo nos meses anteriores, como mar\u00e7o e abril, j\u00e1 n\u00e3o \u00e9 mais poss\u00edvel encontrar nenhum voo partindo de Uberaba. A Associa\u00e7\u00e3o Comercial, Industrial e de Servi\u00e7os de Uberaba\u00a0 publicou Nota de Rep\u00fadio \u00e0 decis\u00e3o da Gol Linhas A\u00e9reas pela suspens\u00e3o dos voos em Uberaba. A presidente da Aciu, L\u00eddia Prata, destaca que a descontinuidade do servi\u00e7o traz preju\u00edzos \u00e0 cidade, especialmente para o setor corporativo e o turismo, que dependem da agilidade no transporte a\u00e9reo.(Jornal de Uberaba)<\/span><br \/><span><a href=\"https:\/\/www.jornaldeuberaba.com.br\/noticia\/109277\/gol-suspendera-voos-em-uberaba-a-partir-de-junho-e-aciu-publica-nota-de-repudio\">https:\/\/www.jornaldeuberaba.com.br\/noticia\/109277\/gol-suspendera-voos-em-uberaba-a-partir-de-junho-e-aciu-publica-nota-de-repudio<\/a><\/span><\/p>\n<p><span><\/span><\/p>\n<p>\u00a0<\/p>","protected":false},"excerpt":{"rendered":"<p>Foto: Adobe Stock\/Reprodu\u00e7\u00e3oDC COLUNA MGPrincipais destaques dos jornais e portais integrantes da rede Sindijori MG www.sindijorimg.com.br R$ 230 mi no terminal em LafaieteAp\u00f3s aportar R$ 100 milh\u00f5es na moderniza\u00e7\u00e3o de sua unidade industrial em Congonhas, na regi\u00e3o Central de Minas Gerais, a LGA Minera\u00e7\u00e3o construir\u00e1 um terminal ferrovi\u00e1rio em Conselheiro Lafaiete, com investimento estimado em [&hellip;]<\/p>\n","protected":false},"author":0,"featured_media":29871,"comment_status":"open","ping_status":"open","sticky":false,"template":"","format":"standard","meta":{"rop_custom_images_group":[],"rop_custom_messages_group":[],"rop_publish_now":"initial","rop_publish_now_accounts":[],"rop_publish_now_history":[],"rop_publish_now_status":"pending","footnotes":""},"categories":[6745],"tags":[],"class_list":["post-29870","post","type-post","status-publish","format-standard","has-post-thumbnail","hentry","category-coluna-sindijori"],"_links":{"self":[{"href":"https:\/\/diariotribuna.com.br\/index.php?rest_route=\/wp\/v2\/posts\/29870"}],"collection":[{"href":"https:\/\/diariotribuna.com.br\/index.php?rest_route=\/wp\/v2\/posts"}],"about":[{"href":"https:\/\/diariotribuna.com.br\/index.php?rest_route=\/wp\/v2\/types\/post"}],"replies":[{"embeddable":true,"href":"https:\/\/diariotribuna.com.br\/index.php?rest_route=%2Fwp%2Fv2%2Fcomments&post=29870"}],"version-history":[{"count":0,"href":"https:\/\/diariotribuna.com.br\/index.php?rest_route=\/wp\/v2\/posts\/29870\/revisions"}],"wp:featuredmedia":[{"embeddable":true,"href":"https:\/\/diariotribuna.com.br\/index.php?rest_route=\/wp\/v2\/media\/29871"}],"wp:attachment":[{"href":"https:\/\/diariotribuna.com.br\/index.php?rest_route=%2Fwp%2Fv2%2Fmedia&parent=29870"}],"wp:term":[{"taxonomy":"category","embeddable":true,"href":"https:\/\/diariotribuna.com.br\/index.php?rest_route=%2Fwp%2Fv2%2Fcategories&post=29870"},{"taxonomy":"post_tag","embeddable":true,"href":"https:\/\/diariotribuna.com.br\/index.php?rest_route=%2Fwp%2Fv2%2Ftags&post=29870"}],"curies":[{"name":"wp","href":"https:\/\/api.w.org\/{rel}","templated":true}]}}