{"id":29872,"date":"2025-05-19T14:17:26","date_gmt":"2025-05-19T17:17:26","guid":{"rendered":"https:\/\/diariotribuna.com.br\/?p=29872"},"modified":"2025-05-19T14:17:26","modified_gmt":"2025-05-19T17:17:26","slug":"corra-e-movimentese-unica-competicao-100-indoor-da-advocacia-no-brasil-chega-ao-fim-com-mais-de-1-800-inscritos-e-30-premiados-em-minas","status":"publish","type":"post","link":"https:\/\/diariotribuna.com.br\/?p=29872","title":{"rendered":"Corra e Movimente&amp;se: \u00fanica competi\u00e7\u00e3o 100% indoor da advocacia no Brasil chega ao fim com mais de 1.800 inscritos e 30 premiados em Minas\u00a0"},"content":{"rendered":"<p><span><\/span><span>CAAMG | Divulga\u00e7\u00e3o<\/span><\/p>\n<p><\/p>\n<p><span>A 4\u00aa edi\u00e7\u00e3o do Corra e Movimente-se, projeto idealizado pela CAAMG e conduzido desde sua cria\u00e7\u00e3o pelo diretor Primeiro Secret\u00e1rio da entidade, Giuliano Almada, chegou ao fim nesta quinta-feira (15), com a grande final presencial realizada na Academia +Fit CAAMG, em Belo Horizonte.<\/span><\/p>\n<p><span><\/span><\/p>\n<p><span>At\u00e9 o momento, esta \u00e9 a \u00fanica competi\u00e7\u00e3o 100% indoor (em esteiras) voltada exclusivamente \u00e0 advocacia no Brasil. Se a tradicional Corrida de S\u00e3o Silvestre movimenta as ruas de S\u00e3o Paulo no fim do ano, o Corra e Movimente-se \u00e9 o evento que acelera os batimentos da advocacia mineira no primeiro semestre, com foco em sa\u00fade e bem-estar.<\/span><\/p>\n<p><span><\/span><\/p>\n<p><span>A competi\u00e7\u00e3o contou com 1.850 participantes \u2014 entre advogados, advogadas, estagi\u00e1rios e estagi\u00e1rias \u2014 de 219 cidades de Minas Gerais. As duas primeiras etapas foram realizadas de forma remota, com os atletas correndo em esteiras, conectados via Zoom e sob a supervis\u00e3o da equipe do setor de Projetos da CAAMG. Um modelo log\u00edstico inovador, que permite a participa\u00e7\u00e3o simult\u00e2nea da advocacia em diferentes regi\u00f5es do estado, e que vem se destacando por democratizar o acesso \u00e0 pr\u00e1tica esportiva organizada.<\/span><\/p>\n<p><span><\/span><\/p>\n<p><span>Corridas 100% indoor, ou seja, realizadas exclusivamente em esteiras, s\u00e3o raras no Brasil, geralmente promovidas por academias, clubes ou marcas esportivas em a\u00e7\u00f5es promocionais, desafios corporativos ou eventos beneficentes. O Corra e Movimente-se \u00e9, at\u00e9 o momento, a \u00fanica competi\u00e7\u00e3o do g\u00eanero voltada exclusivamente \u00e0 advocacia no pa\u00eds.<\/span><\/p>\n<p><span><\/span><\/p>\n<p><span><\/span><\/p>\n<p><span><\/span><\/p>\n<p><span><\/span><\/p>\n<p><span>Grande Final<\/span><\/p>\n<p><span><\/span><\/p>\n<p><span><\/span><\/p>\n<p><span>Na final presencial, realizada na unidade da Academia +Fit CAAMG, no bairro Barro Preto, em BH, os 30 finalistas \u2014 classificados ap\u00f3s duas etapas eliminat\u00f3rias \u2014 disputaram a \u00faltima corrida em busca dos melhores tempos.<\/span><\/p>\n<p><span><\/span><\/p>\n<p><span>Os vencedores subiram ao p\u00f3dio e foram reconhecidos nas categorias de 5 km e 10 km, com premia\u00e7\u00e3o dividida por faixa et\u00e1ria: 20 a 40 anos, 41 a 50 anos e 51+, tanto no feminino quanto no masculino.<\/span><\/p>\n<p><span><br \/>\u00a0O 1\u00ba lugar de cada categoria recebeu um voucher de R$ 1.000,00 em produtos da Nike, como s\u00edmbolo de esfor\u00e7o e supera\u00e7\u00e3o.<\/span><br \/><span><\/span><\/p>\n<p><span>\u00a0Os 2\u00ba e 3\u00ba colocados ganharam brindes oferecidos pela CAAMG.<\/span><\/p>\n<p><span><\/span><\/p>\n<p><span>\u201cNosso prop\u00f3sito \u00e9 ver a advocacia mineira se cuidando. Queremos incentivar quem j\u00e1 corre a continuar se superando, e estimular aqueles que ainda n\u00e3o praticam atividades f\u00edsicas a darem o primeiro passo \u2014 ou melhor, a primeira corrida\u201d, destacou Giuliano Almada. \u201cA CAAMG quer estar ao lado da advocacia tamb\u00e9m nesse cuidado com o corpo e a mente.\u201d<\/span><\/p>\n<p><span><\/span><\/p>\n<p><span>Al\u00e9m dos premiados da grande final, todos os participantes que conclu\u00edram a primeira etapa receberam um kit exclusivo, com camiseta regata, medalha e suplemento alimentar \u2014 um incentivo concreto \u00e0 continuidade da pr\u00e1tica esportiva.<\/span><\/p>\n<p><span><\/span><\/p>\n<p><span><\/span><\/p>\n<p><span><\/span><\/p>\n<p><span><\/span><\/p>\n<p><span>Muito mais que uma corrida<\/span><\/p>\n<p><span><\/span><\/p>\n<p><span><\/span><\/p>\n<p><span>O Corra e Movimente-se \u00e9 mais do que uma competi\u00e7\u00e3o. \u00c9 um convite \u00e0 autoconsci\u00eancia, \u00e0 disciplina e ao cuidado integral. Ao transformar a esteira em ponto de encontro da advocacia mineira, o projeto reafirma o compromisso da CAAMG com uma advocacia ativa, saud\u00e1vel e cada vez mais conectada com o presente \u2014 e com o corpo e a mente.\u00a0<\/span><\/p>\n<p><span><\/span><\/p>\n<p><span><\/span><\/p>\n<p><span><\/span><\/p>\n<p><a href=\"https:\/\/drive.google.com\/drive\/u\/0\/mobile\/folders\/1WKkREKnsmccqG0R19vjXFQHwrjlNEps4\"><span>Clique aqui para conferir as fotos da final<\/span><\/a><\/p>\n<p><span>\u00a0<\/span><\/p>\n<p>\u00a0<\/p>","protected":false},"excerpt":{"rendered":"<p>CAAMG | Divulga\u00e7\u00e3o A 4\u00aa edi\u00e7\u00e3o do Corra e Movimente-se, projeto idealizado pela CAAMG e conduzido desde sua cria\u00e7\u00e3o pelo diretor Primeiro Secret\u00e1rio da entidade, Giuliano Almada, chegou ao fim nesta quinta-feira (15), com a grande final presencial realizada na Academia +Fit CAAMG, em Belo Horizonte. At\u00e9 o momento, esta \u00e9 a \u00fanica competi\u00e7\u00e3o 100% [&hellip;]<\/p>\n","protected":false},"author":0,"featured_media":29873,"comment_status":"open","ping_status":"open","sticky":false,"template":"","format":"standard","meta":{"rop_custom_images_group":[],"rop_custom_messages_group":[],"rop_publish_now":"initial","rop_publish_now_accounts":[],"rop_publish_now_history":[],"rop_publish_now_status":"pending","footnotes":""},"categories":[6745],"tags":[],"class_list":["post-29872","post","type-post","status-publish","format-standard","has-post-thumbnail","hentry","category-coluna-sindijori"],"_links":{"self":[{"href":"https:\/\/diariotribuna.com.br\/index.php?rest_route=\/wp\/v2\/posts\/29872"}],"collection":[{"href":"https:\/\/diariotribuna.com.br\/index.php?rest_route=\/wp\/v2\/posts"}],"about":[{"href":"https:\/\/diariotribuna.com.br\/index.php?rest_route=\/wp\/v2\/types\/post"}],"replies":[{"embeddable":true,"href":"https:\/\/diariotribuna.com.br\/index.php?rest_route=%2Fwp%2Fv2%2Fcomments&post=29872"}],"version-history":[{"count":0,"href":"https:\/\/diariotribuna.com.br\/index.php?rest_route=\/wp\/v2\/posts\/29872\/revisions"}],"wp:featuredmedia":[{"embeddable":true,"href":"https:\/\/diariotribuna.com.br\/index.php?rest_route=\/wp\/v2\/media\/29873"}],"wp:attachment":[{"href":"https:\/\/diariotribuna.com.br\/index.php?rest_route=%2Fwp%2Fv2%2Fmedia&parent=29872"}],"wp:term":[{"taxonomy":"category","embeddable":true,"href":"https:\/\/diariotribuna.com.br\/index.php?rest_route=%2Fwp%2Fv2%2Fcategories&post=29872"},{"taxonomy":"post_tag","embeddable":true,"href":"https:\/\/diariotribuna.com.br\/index.php?rest_route=%2Fwp%2Fv2%2Ftags&post=29872"}],"curies":[{"name":"wp","href":"https:\/\/api.w.org\/{rel}","templated":true}]}}