{"id":29880,"date":"2025-05-19T22:56:23","date_gmt":"2025-05-20T01:56:23","guid":{"rendered":"https:\/\/diariotribuna.com.br\/?p=29880"},"modified":"2025-05-23T16:01:35","modified_gmt":"2025-05-23T19:01:35","slug":"policia-civil-recupera-tv-furtada-de-hotel-em-teofilo-otoni","status":"publish","type":"post","link":"https:\/\/diariotribuna.com.br\/?p=29880","title":{"rendered":"Pol\u00edcia Civil recupera TV furtada de hotel em Te\u00f3filo Otoni"},"content":{"rendered":"\n<figure class=\"wp-block-image size-full is-resized\"><img loading=\"lazy\" decoding=\"async\" width=\"700\" height=\"493\" src=\"https:\/\/diariotribuna.com.br\/wp-content\/uploads\/2025\/05\/Imagem-do-WhatsApp-de-2025-05-19-as-12.36.45_7a0af897.jpg\" alt=\"\" class=\"wp-image-29881\" style=\"width:414px;height:auto\" srcset=\"https:\/\/diariotribuna.com.br\/wp-content\/uploads\/2025\/05\/Imagem-do-WhatsApp-de-2025-05-19-as-12.36.45_7a0af897.jpg 700w, https:\/\/diariotribuna.com.br\/wp-content\/uploads\/2025\/05\/Imagem-do-WhatsApp-de-2025-05-19-as-12.36.45_7a0af897-300x211.jpg 300w, https:\/\/diariotribuna.com.br\/wp-content\/uploads\/2025\/05\/Imagem-do-WhatsApp-de-2025-05-19-as-12.36.45_7a0af897-100x70.jpg 100w, https:\/\/diariotribuna.com.br\/wp-content\/uploads\/2025\/05\/Imagem-do-WhatsApp-de-2025-05-19-as-12.36.45_7a0af897-696x490.jpg 696w, https:\/\/diariotribuna.com.br\/wp-content\/uploads\/2025\/05\/Imagem-do-WhatsApp-de-2025-05-19-as-12.36.45_7a0af897-596x420.jpg 596w\" sizes=\"(max-width: 700px) 100vw, 700px\" \/><\/figure>\n\n\n\n<p>A Pol\u00edcia Civil de Minas Gerais, por meio da Delegacia Especializada em Repress\u00e3o a Furtos e Roubos de Te\u00f3filo Otoni, ap\u00f3s semanas de dilig\u00eancias, localizou um aparelho de TV furtado por foragido da justi\u00e7a que praticava furtos e fraudes em hot\u00e9is nesta cidade de Te\u00f3filo Otoni. Durante a apura\u00e7\u00e3o de um dos furtos praticados por F.G.F., de 31 anos, a Delegacia Especializada fez dilig\u00eancias em um im\u00f3vel no bairro Te\u00f3filo Rocha (Alto do Cemit\u00e9rio), onde foi encontrada a TV furtada.<\/p>\n\n\n\n<p><strong>Relembrando o caso &#8211;<\/strong> A Delegacia de Furtos e Roubos fez a identifica\u00e7\u00e3o criminal do autor, que se identificava com o pseud\u00f4nimo de Jos\u00e9 Leandro Santos Goes, e se registrava nos hot\u00e9is com tais dados para n\u00e3o ser descoberto. Na verdade, ele era F.G.F., que possu\u00eda 2 mandados de pris\u00e3o em aberto, expedidos pela Justi\u00e7a P\u00fablica do Estado do Goi\u00e1s. Na \u00e9poca da pris\u00e3o, os policiais civis acompanharam o autor, que j\u00e1 se hospedava num hotel na zona norte de Te\u00f3filo Otoni, local onde foi identificado e preso.<\/p>\n\n\n\n<p>Com o foragido foram apreendidos cart\u00f5es banc\u00e1rios em nome de terceiros, evidenciando que outras pessoas j\u00e1 teriam sido v\u00edtimas dele. Na Delegacia ele teria citado o nome de uma pessoa desconhecida, residente nas proximidades do cemit\u00e9rio municipal, para quem teria vendido o aparelho de TV. Ap\u00f3s dias de levantamentos foi poss\u00edvel identificar o receptador e recuperar a TV para restitui\u00e7\u00e3o ao hotel. Equipe PCMG: delegado Eduardo Gil. Investigadores Anderson Schultz, Cl\u00e1udio Borges, Erick Mateus e Igor Ganem. Escriv\u00e3es Anselmo e Lucas. (Informa\u00e7\u00f5es\/Foto: Dr. Eduardo Gil).<\/p>\n","protected":false},"excerpt":{"rendered":"<p>A Pol\u00edcia Civil de Minas Gerais, por meio da Delegacia Especializada em Repress\u00e3o a Furtos e Roubos de Te\u00f3filo Otoni, ap\u00f3s semanas de dilig\u00eancias, localizou um aparelho de TV furtado por foragido da justi\u00e7a que praticava furtos e fraudes em hot\u00e9is nesta cidade de Te\u00f3filo Otoni. Durante a apura\u00e7\u00e3o de um dos furtos praticados por [&hellip;]<\/p>\n","protected":false},"author":1,"featured_media":29881,"comment_status":"open","ping_status":"open","sticky":false,"template":"","format":"standard","meta":{"rop_custom_images_group":[],"rop_custom_messages_group":[],"rop_publish_now":"initial","rop_publish_now_accounts":[],"rop_publish_now_history":[],"rop_publish_now_status":"pending","footnotes":""},"categories":[20],"tags":[292,1294,75,7165],"class_list":["post-29880","post","type-post","status-publish","format-standard","has-post-thumbnail","hentry","category-policia","tag-policia-civil","tag-recuperada","tag-teofilo-otoni","tag-tv-furtada-em-hotel"],"_links":{"self":[{"href":"https:\/\/diariotribuna.com.br\/index.php?rest_route=\/wp\/v2\/posts\/29880"}],"collection":[{"href":"https:\/\/diariotribuna.com.br\/index.php?rest_route=\/wp\/v2\/posts"}],"about":[{"href":"https:\/\/diariotribuna.com.br\/index.php?rest_route=\/wp\/v2\/types\/post"}],"author":[{"embeddable":true,"href":"https:\/\/diariotribuna.com.br\/index.php?rest_route=\/wp\/v2\/users\/1"}],"replies":[{"embeddable":true,"href":"https:\/\/diariotribuna.com.br\/index.php?rest_route=%2Fwp%2Fv2%2Fcomments&post=29880"}],"version-history":[{"count":1,"href":"https:\/\/diariotribuna.com.br\/index.php?rest_route=\/wp\/v2\/posts\/29880\/revisions"}],"predecessor-version":[{"id":29882,"href":"https:\/\/diariotribuna.com.br\/index.php?rest_route=\/wp\/v2\/posts\/29880\/revisions\/29882"}],"wp:featuredmedia":[{"embeddable":true,"href":"https:\/\/diariotribuna.com.br\/index.php?rest_route=\/wp\/v2\/media\/29881"}],"wp:attachment":[{"href":"https:\/\/diariotribuna.com.br\/index.php?rest_route=%2Fwp%2Fv2%2Fmedia&parent=29880"}],"wp:term":[{"taxonomy":"category","embeddable":true,"href":"https:\/\/diariotribuna.com.br\/index.php?rest_route=%2Fwp%2Fv2%2Fcategories&post=29880"},{"taxonomy":"post_tag","embeddable":true,"href":"https:\/\/diariotribuna.com.br\/index.php?rest_route=%2Fwp%2Fv2%2Ftags&post=29880"}],"curies":[{"name":"wp","href":"https:\/\/api.w.org\/{rel}","templated":true}]}}