{"id":29883,"date":"2025-05-19T23:08:08","date_gmt":"2025-05-20T02:08:08","guid":{"rendered":"https:\/\/diariotribuna.com.br\/?p=29883"},"modified":"2025-05-19T23:08:12","modified_gmt":"2025-05-20T02:08:12","slug":"escola-estadual-pastor-hollerbach-e-contemplada-com-o-progea","status":"publish","type":"post","link":"https:\/\/diariotribuna.com.br\/?p=29883","title":{"rendered":"Escola Estadual Pastor Hollerbach \u00e9 contemplada com o PROGEA"},"content":{"rendered":"\n<figure class=\"wp-block-image size-full is-resized\"><img loading=\"lazy\" decoding=\"async\" width=\"700\" height=\"420\" src=\"https:\/\/diariotribuna.com.br\/wp-content\/uploads\/2025\/05\/Imagem-do-WhatsApp-de-2025-05-13-as-17.37.14_b9c8c441.jpg\" alt=\"\" class=\"wp-image-29884\" style=\"width:511px;height:auto\" srcset=\"https:\/\/diariotribuna.com.br\/wp-content\/uploads\/2025\/05\/Imagem-do-WhatsApp-de-2025-05-13-as-17.37.14_b9c8c441.jpg 700w, https:\/\/diariotribuna.com.br\/wp-content\/uploads\/2025\/05\/Imagem-do-WhatsApp-de-2025-05-13-as-17.37.14_b9c8c441-300x180.jpg 300w, https:\/\/diariotribuna.com.br\/wp-content\/uploads\/2025\/05\/Imagem-do-WhatsApp-de-2025-05-13-as-17.37.14_b9c8c441-696x418.jpg 696w\" sizes=\"(max-width: 700px) 100vw, 700px\" \/><\/figure>\n\n\n\n<p><strong>TE\u00d3FILO OTONI &#8211; <\/strong>A Pol\u00edcia Militar de Minas Gerais criou o Programa de Educa\u00e7\u00e3o Ambiental \u2013 PROGEA com o intuito de estimular estudantes do 4\u00ba e 5\u00ba anos do ensino fundamental das escolas das redes p\u00fablicas a serem competentes e h\u00e1beis para a ado\u00e7\u00e3o de comportamentos socioambientais que visem contribuir com a preven\u00e7\u00e3o ambiental, a sustentabilidade e melhoria da qualidade de vida, conhecendo e reconhecendo o meio ambiente onde se encontram inseridos.<\/p>\n\n\n\n<figure class=\"wp-block-gallery has-nested-images columns-default is-cropped wp-block-gallery-1 is-layout-flex wp-block-gallery-is-layout-flex\">\n<figure class=\"wp-block-image size-large\"><img loading=\"lazy\" decoding=\"async\" width=\"600\" height=\"388\" data-id=\"29886\" src=\"https:\/\/diariotribuna.com.br\/wp-content\/uploads\/2025\/05\/Chapa-10.jpg\" alt=\"\" class=\"wp-image-29886\" srcset=\"https:\/\/diariotribuna.com.br\/wp-content\/uploads\/2025\/05\/Chapa-10.jpg 600w, https:\/\/diariotribuna.com.br\/wp-content\/uploads\/2025\/05\/Chapa-10-300x194.jpg 300w\" sizes=\"(max-width: 600px) 100vw, 600px\" \/><figcaption class=\"wp-element-caption\"><strong>Chapa 10<\/strong><\/figcaption><\/figure>\n\n\n\n<figure class=\"wp-block-image size-large\"><img loading=\"lazy\" decoding=\"async\" width=\"600\" height=\"382\" data-id=\"29885\" src=\"https:\/\/diariotribuna.com.br\/wp-content\/uploads\/2025\/05\/Chapa-15.jpg\" alt=\"\" class=\"wp-image-29885\" srcset=\"https:\/\/diariotribuna.com.br\/wp-content\/uploads\/2025\/05\/Chapa-15.jpg 600w, https:\/\/diariotribuna.com.br\/wp-content\/uploads\/2025\/05\/Chapa-15-300x191.jpg 300w\" sizes=\"(max-width: 600px) 100vw, 600px\" \/><figcaption class=\"wp-element-caption\"><strong>Chapa 15<\/strong><\/figcaption><\/figure>\n<\/figure>\n\n\n\n<p>Em Te\u00f3filo Otoni, este trabalho \u00e9 realizado pela 3\u00aa Companhia de Pol\u00edcia Militar de Meio Ambiente. S\u00e3o ministradas 10 aulas, e ao final desse per\u00edodo \u00e9 realizada uma cerim\u00f4nia de formatura para essas crian\u00e7as e adolescentes, sendo que, no 1\u00ba semestre do corrente ano a Escola Estadual Pastor Hollerbach foi contemplada com o PROGEA. O diretor do educand\u00e1rio, Erasbe Barcellos Sreeldin, recebeu o Programa na escola com muito entusiasmo e comprometimento, apoiando incondicionalmente todas as atividades que s\u00e3o desenvolvidas durante a aplica\u00e7\u00e3o das aulas.<\/p>\n\n\n\n<figure class=\"wp-block-gallery has-nested-images columns-default is-cropped wp-block-gallery-2 is-layout-flex wp-block-gallery-is-layout-flex\">\n<figure class=\"wp-block-image size-large\"><img loading=\"lazy\" decoding=\"async\" width=\"600\" height=\"407\" data-id=\"29887\" src=\"https:\/\/diariotribuna.com.br\/wp-content\/uploads\/2025\/05\/Imagem-do-WhatsApp-de-2025-05-13-as-17.37.14_8ad1e129.jpg\" alt=\"\" class=\"wp-image-29887\" srcset=\"https:\/\/diariotribuna.com.br\/wp-content\/uploads\/2025\/05\/Imagem-do-WhatsApp-de-2025-05-13-as-17.37.14_8ad1e129.jpg 600w, https:\/\/diariotribuna.com.br\/wp-content\/uploads\/2025\/05\/Imagem-do-WhatsApp-de-2025-05-13-as-17.37.14_8ad1e129-300x204.jpg 300w\" sizes=\"(max-width: 600px) 100vw, 600px\" \/><\/figure>\n\n\n\n<figure class=\"wp-block-image size-large\"><img loading=\"lazy\" decoding=\"async\" width=\"600\" height=\"356\" data-id=\"29890\" src=\"https:\/\/diariotribuna.com.br\/wp-content\/uploads\/2025\/05\/Imagem-do-WhatsApp-de-2025-05-13-as-17.37.15_9cdfa8d4.jpg\" alt=\"\" class=\"wp-image-29890\" srcset=\"https:\/\/diariotribuna.com.br\/wp-content\/uploads\/2025\/05\/Imagem-do-WhatsApp-de-2025-05-13-as-17.37.15_9cdfa8d4.jpg 600w, https:\/\/diariotribuna.com.br\/wp-content\/uploads\/2025\/05\/Imagem-do-WhatsApp-de-2025-05-13-as-17.37.15_9cdfa8d4-300x178.jpg 300w\" sizes=\"(max-width: 600px) 100vw, 600px\" \/><\/figure>\n\n\n\n<figure class=\"wp-block-image size-large\"><img loading=\"lazy\" decoding=\"async\" width=\"600\" height=\"375\" data-id=\"29888\" src=\"https:\/\/diariotribuna.com.br\/wp-content\/uploads\/2025\/05\/Imagem-do-WhatsApp-de-2025-05-13-as-17.37.12_39d1262d.jpg\" alt=\"\" class=\"wp-image-29888\" srcset=\"https:\/\/diariotribuna.com.br\/wp-content\/uploads\/2025\/05\/Imagem-do-WhatsApp-de-2025-05-13-as-17.37.12_39d1262d.jpg 600w, https:\/\/diariotribuna.com.br\/wp-content\/uploads\/2025\/05\/Imagem-do-WhatsApp-de-2025-05-13-as-17.37.12_39d1262d-300x188.jpg 300w\" sizes=\"(max-width: 600px) 100vw, 600px\" \/><\/figure>\n<\/figure>\n\n\n\n<p>Ressalta-se, que al\u00e9m da tem\u00e1tica ambiental discutida em sala de aula, tamb\u00e9m \u00e9 explanado para os discentes a import\u00e2ncia da cidadania, principalmente trazendo a conscientiza\u00e7\u00e3o a respeito de elei\u00e7\u00f5es sustent\u00e1veis, sem polui\u00e7\u00e3o sonora e visual. Para tanto, foi montada duas chapas (10 e 15) com os discentes, que realizaram a campanha e participaram da elei\u00e7\u00e3o do clubinho&nbsp;ambiental. (Informa\u00e7\u00f5es\/Fotos: PM Meio Ambiente, Te\u00f3filo Otoni, sargento Ladeira).<\/p>\n","protected":false},"excerpt":{"rendered":"<p>TE\u00d3FILO OTONI &#8211; A Pol\u00edcia Militar de Minas Gerais criou o Programa de Educa\u00e7\u00e3o Ambiental \u2013 PROGEA com o intuito de estimular estudantes do 4\u00ba e 5\u00ba anos do ensino fundamental das escolas das redes p\u00fablicas a serem competentes e h\u00e1beis para a ado\u00e7\u00e3o de comportamentos socioambientais que visem contribuir com a preven\u00e7\u00e3o ambiental, a [&hellip;]<\/p>\n","protected":false},"author":1,"featured_media":29884,"comment_status":"open","ping_status":"open","sticky":false,"template":"","format":"standard","meta":{"rop_custom_images_group":[],"rop_custom_messages_group":[],"rop_publish_now":"initial","rop_publish_now_accounts":[],"rop_publish_now_history":[],"rop_publish_now_status":"pending","footnotes":""},"categories":[25,19],"tags":[7167,7166,76,75],"class_list":["post-29883","post","type-post","status-publish","format-standard","has-post-thumbnail","hentry","category-destaque","category-gerais","tag-e-e-pastor-hollerbach","tag-progea","tag-policia-militar","tag-teofilo-otoni"],"_links":{"self":[{"href":"https:\/\/diariotribuna.com.br\/index.php?rest_route=\/wp\/v2\/posts\/29883"}],"collection":[{"href":"https:\/\/diariotribuna.com.br\/index.php?rest_route=\/wp\/v2\/posts"}],"about":[{"href":"https:\/\/diariotribuna.com.br\/index.php?rest_route=\/wp\/v2\/types\/post"}],"author":[{"embeddable":true,"href":"https:\/\/diariotribuna.com.br\/index.php?rest_route=\/wp\/v2\/users\/1"}],"replies":[{"embeddable":true,"href":"https:\/\/diariotribuna.com.br\/index.php?rest_route=%2Fwp%2Fv2%2Fcomments&post=29883"}],"version-history":[{"count":1,"href":"https:\/\/diariotribuna.com.br\/index.php?rest_route=\/wp\/v2\/posts\/29883\/revisions"}],"predecessor-version":[{"id":29891,"href":"https:\/\/diariotribuna.com.br\/index.php?rest_route=\/wp\/v2\/posts\/29883\/revisions\/29891"}],"wp:featuredmedia":[{"embeddable":true,"href":"https:\/\/diariotribuna.com.br\/index.php?rest_route=\/wp\/v2\/media\/29884"}],"wp:attachment":[{"href":"https:\/\/diariotribuna.com.br\/index.php?rest_route=%2Fwp%2Fv2%2Fmedia&parent=29883"}],"wp:term":[{"taxonomy":"category","embeddable":true,"href":"https:\/\/diariotribuna.com.br\/index.php?rest_route=%2Fwp%2Fv2%2Fcategories&post=29883"},{"taxonomy":"post_tag","embeddable":true,"href":"https:\/\/diariotribuna.com.br\/index.php?rest_route=%2Fwp%2Fv2%2Ftags&post=29883"}],"curies":[{"name":"wp","href":"https:\/\/api.w.org\/{rel}","templated":true}]}}