{"id":29892,"date":"2025-05-20T12:07:57","date_gmt":"2025-05-20T15:07:57","guid":{"rendered":"https:\/\/diariotribuna.com.br\/?p=29892"},"modified":"2025-05-20T12:07:57","modified_gmt":"2025-05-20T15:07:57","slug":"distrito-de-jf-sera-revitalizado","status":"publish","type":"post","link":"https:\/\/diariotribuna.com.br\/?p=29892","title":{"rendered":"Distrito de JF ser\u00e1 revitalizado\u00a0"},"content":{"rendered":"<p><em><span>Foto: Felipe Couri\/TM<\/span><\/em><\/p>\n<p><strong><span>Distrito de JF ser\u00e1 revitalizado<\/span><\/strong><br \/><span>As iniciativas p\u00fablica e privada de Minas Gerais t\u00eam reunido seus esfor\u00e7os e mirado seus olhares para o Distrito Industrial, localizado na Zona Norte de Juiz de Fora. Mais uma vez, a regi\u00e3o, que abriga mais de 170 empresas e ind\u00fastrias e mant\u00e9m entre sete a nove mil empregos diretos e indiretos, volta ao debate sobre desenvolvimento econ\u00f4mico regional, com a proposta de receber obras de revitaliza\u00e7\u00e3o para melhorar a infraestrutura e, por consequ\u00eancia, a atratividade e a capacidade de captar investimentos. (Tribuna de Minas \u2013 Juiz de Fora)<\/span><br \/><span><a href=\"https:\/\/tribunademinas.com.br\/noticias\/cidade\/18-05-2025\/revitalizacao-distrito-industrial-jf.html\">https:\/\/tribunademinas.com.br\/noticias\/cidade\/18-05-2025\/revitalizacao-distrito-industrial-jf.html<\/a><\/span><\/p>\n<p><strong><span>F\u00f3rum de Caf\u00e9 movimenta Varginha<\/span><\/strong><br \/><span>Nos dias 22 e 23 de maio, Varginha ser\u00e1 palco do Caf\u00e9 com Tudo \u2013 F\u00f3rum Regional de Cultura Cafeeira da Microrregi\u00e3o de Varginha, que acontecer\u00e1 no Centro de Excel\u00eancia em Cafeicultura do Senar. A participa\u00e7\u00e3o \u00e9 gratuita e as inscri\u00e7\u00f5es podem ser feitas online. Na sexta-feira (23), a programa\u00e7\u00e3o come\u00e7a com a palestra do turism\u00f3logo e mestre em sustentabilidade do Senar, Gustavo Toledo. Com duas d\u00e9cadas de experi\u00eancia em turismo rural, Gustavo trar\u00e1 reflex\u00f5es sobre o tema \u201cTurismo Rural\u201d, com foco na integra\u00e7\u00e3o entre preserva\u00e7\u00e3o ambiental e desenvolvimento sustent\u00e1vel, destacando pr\u00e1ticas voltadas ao ecoturismo e agroturismo em Minas Gerais. (Gazeta de Varginha)<\/span><br \/><span><a href=\"https:\/\/www.gazetadevarginha.com.br\/post\/caf%C3%A9-turismo-sa%C3%BAde-e-gastronomia-f%C3%B3rum-regional-movimenta-varginha-nesta-semana\">https:\/\/www.gazetadevarginha.com.br\/post\/caf%C3%A9-turismo-sa%C3%BAde-e-gastronomia-f%C3%B3rum-regional-movimenta-varginha-nesta-semana<\/a><\/span><\/p>\n<p><strong><span>Hospital faz opera\u00e7\u00e3o de feminiza\u00e7\u00e3o vocal<\/span><\/strong><br \/><span>A Santa Casa de Miseric\u00f3rdia de Passos realizou, pela primeira vez em sua hist\u00f3ria, dois procedimentos cir\u00fargicos voltados \u00e0 feminiza\u00e7\u00e3o da voz e da est\u00e9tica lar\u00edngea de uma paciente trans. As cirurgias, uma condroplastia lar\u00edngea e uma glotoplastia, marcam um avan\u00e7o significativo no cuidado \u00e0 sa\u00fade de pessoas trans na regi\u00e3o, reafirmando o compromisso da institui\u00e7\u00e3o com a promo\u00e7\u00e3o da diversidade e da inclus\u00e3o. (Observo \u2013 Passos)<\/span><br \/><span><a href=\"https:\/\/www.observo.com.br\/santa-casa-de-passos-realiza-primeira-cirurgia-de-feminizacao-vocal-em-paciente-trans\">https:\/\/www.observo.com.br\/santa-casa-de-passos-realiza-primeira-cirurgia-de-feminizacao-vocal-em-paciente-trans<\/a><\/span><\/p>\n<p><strong><span>MG lan\u00e7a primeiro arroz doce industrializado<\/span><\/strong><br \/><span>A Fiemg, em parceria com a Condimentos Portuense, de Juiz de Fora, e a Agroind\u00fastria Mineira, lan\u00e7ou o primeiro arroz doce industrializado do Brasil, marcando um avan\u00e7o significativo na inova\u00e7\u00e3o aliment\u00edcia. O produto, desenvolvido com o apoio do Senai, atende \u00e0 crescente demanda por conveni\u00eancia e qualidade no mercado de sobremesas. O arroz doce, pronto para consumo, preserva o sabor tradicional enquanto se adapta \u00e0s exig\u00eancias modernas de seguran\u00e7a alimentar e sustentabilidade. (Portal Estrada Nacional)<\/span><br \/><span><a href=\"https:\/\/www.estradanacional.info\/post\/tradi%C3%A7%C3%A3o-de-minas-para-o-mundo-primeiro-arroz-doce-industrializado\">https:\/\/www.estradanacional.info\/post\/tradi%C3%A7%C3%A3o-de-minas-para-o-mundo-primeiro-arroz-doce-industrializado<\/a><\/span><\/p>\n<p><strong><span>HMC celebra 60 anos<\/span><\/strong><br \/><span>Com uma hist\u00f3ria marcada por excel\u00eancia, inova\u00e7\u00e3o e compromisso com a vida, o Hospital M\u00e1rcio Cunha (HMC) celebrou, na semana passada, seus 60 anos de atua\u00e7\u00e3o com uma solenidade especial no Centro Cultural Usiminas, em Ipatinga. O evento reuniu autoridades, profissionais da sa\u00fade, parceiros institucionais, membros do conselho curador da FSFX e convidados para homenagear a trajet\u00f3ria da Institui\u00e7\u00e3o, considerada um marco no desenvolvimento da sa\u00fade no Vale do A\u00e7o e refer\u00eancia nacional em atendimento de alta complexidade e seguran\u00e7a assistencial. (Jornal dos Vales) <a href=\"https:\/\/www.jornaldosvales.com.br\/noticia\/54726\/hospital-marcio-cunha-celebra-60-anos-com-solenidade-que-destaca-legado-inovacao-e-compromisso-com-a-saude\">https:\/\/www.jornaldosvales.com.br\/noticia\/54726\/hospital-marcio-cunha-celebra-60-anos-com-solenidade-que-destaca-legado-inovacao-e-compromisso-com-a-saude<\/a><\/span><\/p>\n<p><strong><span>Montes Claros refor\u00e7a coleta seletiva<\/span><\/strong><br \/><span>No dia 17 de maio \u00e9 celebrado o Dia Internacional da Reciclagem, uma data que convida \u00e0 reflex\u00e3o sobre a import\u00e2ncia do reaproveitamento de materiais e seu papel fundamental na constru\u00e7\u00e3o de um futuro mais sustent\u00e1vel. Em Montes Claros, a Prefeitura tem desempenhado um papel de destaque nesse cen\u00e1rio, promovendo a\u00e7\u00f5es que incentivam a coleta seletiva e valorizam o trabalho dos catadores. O Programa Recicla aos Montes \u00e9 um exemplo dessa iniciativa bem-sucedida, fomentando cinco associa\u00e7\u00f5es de catadores, quatro na zona urbana e uma na zona rural. (Gazeta Norte Mineira \u2013 Montes Claros)<\/span><br \/><span><a href=\"https:\/\/gazetanm.com.br\/montes-claros-reforca-compromisso-com-a-reciclagem-e-a-sustentabilidade\/\">https:\/\/gazetanm.com.br\/montes-claros-reforca-compromisso-com-a-reciclagem-e-a-sustentabilidade\/<\/a><\/span><\/p>\n<p><strong><span>S\u00edndrome faz cidade suspender aulas<\/span><\/strong><br \/><span>Um surto da S\u00edndrome M\u00e3o-p\u00e9-boca, infec\u00e7\u00e3o viral comum, geralmente benigna, fez com que a Prefeitura de Araponga cancelasse, por um per\u00edodo de sete dias, as aulas das escolas municipais Ledir Pedrosa Dias Miranda e Jos\u00e9 Rodrigues Milagres. De acordo com a prefeitura, a medida preventiva visa proteger a sa\u00fade das crian\u00e7as, professores e colaboradores, al\u00e9m de ter o objetivo de conter a dissemina\u00e7\u00e3o do v\u00edrus. \u201cPedimos a compreens\u00e3o e colabora\u00e7\u00e3o de todos os pais e respons\u00e1veis neste momento.\u201d, declarou. (Folha da Mata \u2013 Vi\u00e7osa)<\/span><br \/><span><a href=\"https:\/\/www.folhadamata.com.br\/surto-de-infeccao-viral-cancela-aulas-de-duas-escolas-em-araponga\">https:\/\/www.folhadamata.com.br\/surto-de-infeccao-viral-cancela-aulas-de-duas-escolas-em-araponga<\/a><\/span><\/p>\n<p><span><\/span><\/p>\n<p>\u00a0<\/p>","protected":false},"excerpt":{"rendered":"<p>Foto: Felipe Couri\/TM Distrito de JF ser\u00e1 revitalizadoAs iniciativas p\u00fablica e privada de Minas Gerais t\u00eam reunido seus esfor\u00e7os e mirado seus olhares para o Distrito Industrial, localizado na Zona Norte de Juiz de Fora. Mais uma vez, a regi\u00e3o, que abriga mais de 170 empresas e ind\u00fastrias e mant\u00e9m entre sete a nove mil [&hellip;]<\/p>\n","protected":false},"author":0,"featured_media":29893,"comment_status":"open","ping_status":"open","sticky":false,"template":"","format":"standard","meta":{"rop_custom_images_group":[],"rop_custom_messages_group":[],"rop_publish_now":"initial","rop_publish_now_accounts":[],"rop_publish_now_history":[],"rop_publish_now_status":"pending","footnotes":""},"categories":[6745],"tags":[],"class_list":["post-29892","post","type-post","status-publish","format-standard","has-post-thumbnail","hentry","category-coluna-sindijori"],"_links":{"self":[{"href":"https:\/\/diariotribuna.com.br\/index.php?rest_route=\/wp\/v2\/posts\/29892"}],"collection":[{"href":"https:\/\/diariotribuna.com.br\/index.php?rest_route=\/wp\/v2\/posts"}],"about":[{"href":"https:\/\/diariotribuna.com.br\/index.php?rest_route=\/wp\/v2\/types\/post"}],"replies":[{"embeddable":true,"href":"https:\/\/diariotribuna.com.br\/index.php?rest_route=%2Fwp%2Fv2%2Fcomments&post=29892"}],"version-history":[{"count":0,"href":"https:\/\/diariotribuna.com.br\/index.php?rest_route=\/wp\/v2\/posts\/29892\/revisions"}],"wp:featuredmedia":[{"embeddable":true,"href":"https:\/\/diariotribuna.com.br\/index.php?rest_route=\/wp\/v2\/media\/29893"}],"wp:attachment":[{"href":"https:\/\/diariotribuna.com.br\/index.php?rest_route=%2Fwp%2Fv2%2Fmedia&parent=29892"}],"wp:term":[{"taxonomy":"category","embeddable":true,"href":"https:\/\/diariotribuna.com.br\/index.php?rest_route=%2Fwp%2Fv2%2Fcategories&post=29892"},{"taxonomy":"post_tag","embeddable":true,"href":"https:\/\/diariotribuna.com.br\/index.php?rest_route=%2Fwp%2Fv2%2Ftags&post=29892"}],"curies":[{"name":"wp","href":"https:\/\/api.w.org\/{rel}","templated":true}]}}