{"id":29894,"date":"2025-05-20T18:34:10","date_gmt":"2025-05-20T21:34:10","guid":{"rendered":"https:\/\/diariotribuna.com.br\/?p=29894"},"modified":"2025-05-20T18:34:10","modified_gmt":"2025-05-20T21:34:10","slug":"senar-abre-100-vagas-para-cursos-tecnicos-em-vicosa-alvinopolis-e-manhuacu","status":"publish","type":"post","link":"https:\/\/diariotribuna.com.br\/?p=29894","title":{"rendered":"Senar abre 100 vagas para cursos t\u00e9cnicos em Vi\u00e7osa, Alvin\u00f3polis e Manhua\u00e7u\u00a0"},"content":{"rendered":"<p class=\"MsoNormal\"><span>FAEMG SENAR | Divulga\u00e7\u00e3o<\/span><\/p>\n<p><span><\/span><span><\/span><span><\/span><\/p>\n<p>A Rede e-Tec do <a href=\"https:\/\/www.sistemafaemg.org.br\/senar\"><strong>Servi\u00e7o Nacional de Aprendizagem Rural (Senar)<\/strong><\/a> est\u00e1 com <strong>inscri\u00e7\u00f5es abertas<\/strong> para cursos t\u00e9cnicos de n\u00edvel m\u00e9dio nos Polos de Ensino de <strong>Vi\u00e7osa<\/strong>, <strong>Alvin\u00f3polis<\/strong> e <strong>Manhua\u00e7u<\/strong>. As <strong>inscri\u00e7\u00f5es s\u00e3o gratuitas<\/strong> e podem ser realizadas online at\u00e9 <strong>23 de junho<\/strong>.<\/p>\n<p>Ao todo, s\u00e3o <strong>100 vagas<\/strong> para capacita\u00e7\u00f5es ofertadas na <strong>modalidade a dist\u00e2ncia<\/strong>, com parte das atividades realizadas <strong>presencialmente<\/strong>, em modelo <strong>h\u00edbrido<\/strong>. As aulas presenciais representam, no m\u00ednimo, <strong>20% da carga hor\u00e1ria total<\/strong> e incluem palestras, atividades de campo e avalia\u00e7\u00f5es na sede dos Polos da Rede e-Tec de cada munic\u00edpio.<\/p>\n<p>Confira a distribui\u00e7\u00e3o das vagas:<\/p>\n<p><strong>Manhua\u00e7u<\/strong>: 25 vagas para o curso t\u00e9cnico em <strong>Agropecu\u00e1ria<\/strong>.<\/p>\n<p><strong>Vi\u00e7osa<\/strong>: 25 vagas para o curso t\u00e9cnico em <strong>Floresta<\/strong> e 25 para <strong>Zootecnia<\/strong>.<\/p>\n<p><strong>Alvin\u00f3polis<\/strong>: 25 vagas para o curso t\u00e9cnico em <strong>Floresta<\/strong>.<\/p>\n<p>Os Polos de Ensino s\u00e3o fruto de uma parceria com os <strong>Sindicatos de Produtores Rurais<\/strong> dos respectivos munic\u00edpios.<\/p>\n<p>O <strong>processo seletivo<\/strong> \u00e9 voltado para o ingresso no <strong>segundo semestre letivo de 2025<\/strong>. A <strong>lista de aprovados ser\u00e1 divulgada em 16 de julho<\/strong>, no site oficial da Rede e-Tec. Os selecionados dever\u00e3o realizar a <strong>matr\u00edcula presencialmente entre 17 e 21 de julho de 2025<\/strong>, diretamente no polo de ensino escolhido no momento da inscri\u00e7\u00e3o.<\/p>\n<p>Os interessados podem acessar o <strong>edital completo<\/strong> e realizar a inscri\u00e7\u00e3o no site:<br \/><a class=\"\" target=\"_new\" href=\"https:\/\/etec.senar.org.br\/\" rel=\"noopener\">https:\/\/etec.senar.org.br\/<\/a><\/p>\n<p>Tamb\u00e9m \u00e9 poss\u00edvel buscar mais informa\u00e7\u00f5es nos <strong>Sindicatos de Produtores Rurais<\/strong> de Vi\u00e7osa, Alvin\u00f3polis e Manhua\u00e7u.<\/p>\n<p>\u00a0<\/p>","protected":false},"excerpt":{"rendered":"<p>FAEMG SENAR | Divulga\u00e7\u00e3o A Rede e-Tec do Servi\u00e7o Nacional de Aprendizagem Rural (Senar) est\u00e1 com inscri\u00e7\u00f5es abertas para cursos t\u00e9cnicos de n\u00edvel m\u00e9dio nos Polos de Ensino de Vi\u00e7osa, Alvin\u00f3polis e Manhua\u00e7u. As inscri\u00e7\u00f5es s\u00e3o gratuitas e podem ser realizadas online at\u00e9 23 de junho. Ao todo, s\u00e3o 100 vagas para capacita\u00e7\u00f5es ofertadas na [&hellip;]<\/p>\n","protected":false},"author":0,"featured_media":29895,"comment_status":"open","ping_status":"open","sticky":false,"template":"","format":"standard","meta":{"rop_custom_images_group":[],"rop_custom_messages_group":[],"rop_publish_now":"initial","rop_publish_now_accounts":[],"rop_publish_now_history":[],"rop_publish_now_status":"pending","footnotes":""},"categories":[6745],"tags":[],"class_list":["post-29894","post","type-post","status-publish","format-standard","has-post-thumbnail","hentry","category-coluna-sindijori"],"_links":{"self":[{"href":"https:\/\/diariotribuna.com.br\/index.php?rest_route=\/wp\/v2\/posts\/29894"}],"collection":[{"href":"https:\/\/diariotribuna.com.br\/index.php?rest_route=\/wp\/v2\/posts"}],"about":[{"href":"https:\/\/diariotribuna.com.br\/index.php?rest_route=\/wp\/v2\/types\/post"}],"replies":[{"embeddable":true,"href":"https:\/\/diariotribuna.com.br\/index.php?rest_route=%2Fwp%2Fv2%2Fcomments&post=29894"}],"version-history":[{"count":0,"href":"https:\/\/diariotribuna.com.br\/index.php?rest_route=\/wp\/v2\/posts\/29894\/revisions"}],"wp:featuredmedia":[{"embeddable":true,"href":"https:\/\/diariotribuna.com.br\/index.php?rest_route=\/wp\/v2\/media\/29895"}],"wp:attachment":[{"href":"https:\/\/diariotribuna.com.br\/index.php?rest_route=%2Fwp%2Fv2%2Fmedia&parent=29894"}],"wp:term":[{"taxonomy":"category","embeddable":true,"href":"https:\/\/diariotribuna.com.br\/index.php?rest_route=%2Fwp%2Fv2%2Fcategories&post=29894"},{"taxonomy":"post_tag","embeddable":true,"href":"https:\/\/diariotribuna.com.br\/index.php?rest_route=%2Fwp%2Fv2%2Ftags&post=29894"}],"curies":[{"name":"wp","href":"https:\/\/api.w.org\/{rel}","templated":true}]}}