{"id":29900,"date":"2025-05-20T21:30:25","date_gmt":"2025-05-21T00:30:25","guid":{"rendered":"https:\/\/diariotribuna.com.br\/?p=29900"},"modified":"2025-05-20T21:54:22","modified_gmt":"2025-05-21T00:54:22","slug":"diretoria-do-sindcomercio-de-teofilo-otoni-participa-da-semana-s-em-belo-horizonte","status":"publish","type":"post","link":"https:\/\/diariotribuna.com.br\/?p=29900","title":{"rendered":"Diretoria do Sindcom\u00e9rcio de Te\u00f3filo Otoni participa da Semana S em Belo Horizonte"},"content":{"rendered":"\n<h3 class=\"wp-block-heading\"><em><strong>Evento reuniu lideran\u00e7as empresariais e especialistas em inova\u00e7\u00e3o, empregabilidade e desenvolvimento do setor de com\u00e9rcio<\/strong><\/em><\/h3>\n\n\n\n<figure class=\"wp-block-image size-full is-resized\"><img loading=\"lazy\" decoding=\"async\" width=\"700\" height=\"446\" src=\"https:\/\/diariotribuna.com.br\/wp-content\/uploads\/2025\/05\/1-4.jpg\" alt=\"\" class=\"wp-image-29901\" style=\"width:548px;height:auto\" srcset=\"https:\/\/diariotribuna.com.br\/wp-content\/uploads\/2025\/05\/1-4.jpg 700w, https:\/\/diariotribuna.com.br\/wp-content\/uploads\/2025\/05\/1-4-300x191.jpg 300w, https:\/\/diariotribuna.com.br\/wp-content\/uploads\/2025\/05\/1-4-696x443.jpg 696w, https:\/\/diariotribuna.com.br\/wp-content\/uploads\/2025\/05\/1-4-659x420.jpg 659w\" sizes=\"(max-width: 700px) 100vw, 700px\" \/><\/figure>\n\n\n\n<div style=\"height:5px\" aria-hidden=\"true\" class=\"wp-block-spacer\"><\/div>\n\n\n\n<p>A diretoria do Sindcom\u00e9rcio de Te\u00f3filo Otoni esteve em Belo Horizonte entre os dias 14 e 17 de maio para participar da <strong>Semana S<\/strong>, evento promovido pelo <strong>Sistema Fecom\u00e9rcio MG, Sesc e Senac<\/strong>. Realizada no Expominas, a programa\u00e7\u00e3o incluiu atividades voltadas para a gera\u00e7\u00e3o de empregos, sa\u00fade, bem-estar, inova\u00e7\u00e3o, qualifica\u00e7\u00e3o e cultura, com foco no fortalecimento do setor de com\u00e9rcio de bens, servi\u00e7os e turismo.<\/p>\n\n\n\n<p>Entre os destaques da programa\u00e7\u00e3o, os representantes do sindicato participaram do Innovation Day, no dia 16, que contou com a presen\u00e7a de especialistas de renome nacional debatendo temas como reforma administrativa, governan\u00e7a corporativa, transforma\u00e7\u00e3o digital e tend\u00eancias de consumo. A iniciativa atraiu empres\u00e1rios de todo o estado em busca de estrat\u00e9gias para o futuro do setor.<\/p>\n\n\n\n<figure class=\"wp-block-gallery has-nested-images columns-default is-cropped wp-block-gallery-1 is-layout-flex wp-block-gallery-is-layout-flex\">\n<figure class=\"wp-block-image size-large\"><img loading=\"lazy\" decoding=\"async\" width=\"700\" height=\"415\" data-id=\"29903\" src=\"https:\/\/diariotribuna.com.br\/wp-content\/uploads\/2025\/05\/7.jpg\" alt=\"\" class=\"wp-image-29903\" srcset=\"https:\/\/diariotribuna.com.br\/wp-content\/uploads\/2025\/05\/7.jpg 700w, https:\/\/diariotribuna.com.br\/wp-content\/uploads\/2025\/05\/7-300x178.jpg 300w, https:\/\/diariotribuna.com.br\/wp-content\/uploads\/2025\/05\/7-696x413.jpg 696w\" sizes=\"(max-width: 700px) 100vw, 700px\" \/><\/figure>\n\n\n\n<figure class=\"wp-block-image size-large\"><img loading=\"lazy\" decoding=\"async\" width=\"700\" height=\"504\" data-id=\"29905\" src=\"https:\/\/diariotribuna.com.br\/wp-content\/uploads\/2025\/05\/2-5.jpg\" alt=\"\" class=\"wp-image-29905\" srcset=\"https:\/\/diariotribuna.com.br\/wp-content\/uploads\/2025\/05\/2-5.jpg 700w, https:\/\/diariotribuna.com.br\/wp-content\/uploads\/2025\/05\/2-5-300x216.jpg 300w, https:\/\/diariotribuna.com.br\/wp-content\/uploads\/2025\/05\/2-5-696x501.jpg 696w, https:\/\/diariotribuna.com.br\/wp-content\/uploads\/2025\/05\/2-5-583x420.jpg 583w\" sizes=\"(max-width: 700px) 100vw, 700px\" \/><\/figure>\n\n\n\n<figure class=\"wp-block-image size-large\"><img loading=\"lazy\" decoding=\"async\" width=\"700\" height=\"427\" data-id=\"29907\" src=\"https:\/\/diariotribuna.com.br\/wp-content\/uploads\/2025\/05\/4-2.jpg\" alt=\"\" class=\"wp-image-29907\" srcset=\"https:\/\/diariotribuna.com.br\/wp-content\/uploads\/2025\/05\/4-2.jpg 700w, https:\/\/diariotribuna.com.br\/wp-content\/uploads\/2025\/05\/4-2-300x183.jpg 300w, https:\/\/diariotribuna.com.br\/wp-content\/uploads\/2025\/05\/4-2-696x425.jpg 696w, https:\/\/diariotribuna.com.br\/wp-content\/uploads\/2025\/05\/4-2-689x420.jpg 689w\" sizes=\"(max-width: 700px) 100vw, 700px\" \/><\/figure>\n\n\n\n<figure class=\"wp-block-image size-large\"><img loading=\"lazy\" decoding=\"async\" width=\"700\" height=\"408\" data-id=\"29904\" src=\"https:\/\/diariotribuna.com.br\/wp-content\/uploads\/2025\/05\/5.jpg\" alt=\"\" class=\"wp-image-29904\" srcset=\"https:\/\/diariotribuna.com.br\/wp-content\/uploads\/2025\/05\/5.jpg 700w, https:\/\/diariotribuna.com.br\/wp-content\/uploads\/2025\/05\/5-300x175.jpg 300w, https:\/\/diariotribuna.com.br\/wp-content\/uploads\/2025\/05\/5-696x406.jpg 696w\" sizes=\"(max-width: 700px) 100vw, 700px\" \/><\/figure>\n\n\n\n<figure class=\"wp-block-image size-large\"><img loading=\"lazy\" decoding=\"async\" width=\"700\" height=\"417\" data-id=\"29902\" src=\"https:\/\/diariotribuna.com.br\/wp-content\/uploads\/2025\/05\/6.jpg\" alt=\"\" class=\"wp-image-29902\" srcset=\"https:\/\/diariotribuna.com.br\/wp-content\/uploads\/2025\/05\/6.jpg 700w, https:\/\/diariotribuna.com.br\/wp-content\/uploads\/2025\/05\/6-300x179.jpg 300w, https:\/\/diariotribuna.com.br\/wp-content\/uploads\/2025\/05\/6-696x415.jpg 696w\" sizes=\"(max-width: 700px) 100vw, 700px\" \/><\/figure>\n\n\n\n<figure class=\"wp-block-image size-large\"><img loading=\"lazy\" decoding=\"async\" width=\"700\" height=\"422\" data-id=\"29906\" src=\"https:\/\/diariotribuna.com.br\/wp-content\/uploads\/2025\/05\/3-2.jpg\" alt=\"\" class=\"wp-image-29906\" srcset=\"https:\/\/diariotribuna.com.br\/wp-content\/uploads\/2025\/05\/3-2.jpg 700w, https:\/\/diariotribuna.com.br\/wp-content\/uploads\/2025\/05\/3-2-300x181.jpg 300w, https:\/\/diariotribuna.com.br\/wp-content\/uploads\/2025\/05\/3-2-696x420.jpg 696w, https:\/\/diariotribuna.com.br\/wp-content\/uploads\/2025\/05\/3-2-697x420.jpg 697w\" sizes=\"(max-width: 700px) 100vw, 700px\" \/><\/figure>\n<\/figure>\n\n\n\n<div style=\"height:5px\" aria-hidden=\"true\" class=\"wp-block-spacer\"><\/div>\n\n\n\n<pre class=\"wp-block-verse\"><strong>\u201cA Semana S \u00e9 uma oportunidade \u00edmpar para conectar nosso com\u00e9rcio local \u00e0s pr\u00e1ticas mais inovadoras do mercado. Voltamos para Te\u00f3filo Otoni com novos conhecimentos, ideias e parcerias que poder\u00e3o contribuir significativamente com o desenvolvimento do nosso com\u00e9rcio\u201d, afirmou a diretoria.<\/strong><\/pre>\n\n\n\n<p>A convite do Sindcom\u00e9rcio, o prefeito de Te\u00f3filo Otoni, F\u00e1bio Marinho, tamb\u00e9m participou da programa\u00e7\u00e3o, acompanhando a diretoria do sindicato nas principais atividades e refor\u00e7ando o compromisso conjunto entre o poder p\u00fablico e o setor empresarial pelo desenvolvimento econ\u00f4mico do munic\u00edpio.<\/p>\n\n\n\n<figure class=\"wp-block-gallery has-nested-images columns-default is-cropped wp-block-gallery-2 is-layout-flex wp-block-gallery-is-layout-flex\">\n<figure class=\"wp-block-image size-large\"><img loading=\"lazy\" decoding=\"async\" width=\"700\" height=\"404\" data-id=\"29914\" src=\"https:\/\/diariotribuna.com.br\/wp-content\/uploads\/2025\/05\/8.jpg\" alt=\"\" class=\"wp-image-29914\" srcset=\"https:\/\/diariotribuna.com.br\/wp-content\/uploads\/2025\/05\/8.jpg 700w, https:\/\/diariotribuna.com.br\/wp-content\/uploads\/2025\/05\/8-300x173.jpg 300w, https:\/\/diariotribuna.com.br\/wp-content\/uploads\/2025\/05\/8-696x402.jpg 696w\" sizes=\"(max-width: 700px) 100vw, 700px\" \/><\/figure>\n\n\n\n<figure class=\"wp-block-image size-large\"><img loading=\"lazy\" decoding=\"async\" width=\"700\" height=\"480\" data-id=\"29908\" src=\"https:\/\/diariotribuna.com.br\/wp-content\/uploads\/2025\/05\/13.jpg\" alt=\"\" class=\"wp-image-29908\" srcset=\"https:\/\/diariotribuna.com.br\/wp-content\/uploads\/2025\/05\/13.jpg 700w, https:\/\/diariotribuna.com.br\/wp-content\/uploads\/2025\/05\/13-300x206.jpg 300w, https:\/\/diariotribuna.com.br\/wp-content\/uploads\/2025\/05\/13-100x70.jpg 100w, https:\/\/diariotribuna.com.br\/wp-content\/uploads\/2025\/05\/13-218x150.jpg 218w, https:\/\/diariotribuna.com.br\/wp-content\/uploads\/2025\/05\/13-696x477.jpg 696w, https:\/\/diariotribuna.com.br\/wp-content\/uploads\/2025\/05\/13-613x420.jpg 613w\" sizes=\"(max-width: 700px) 100vw, 700px\" \/><\/figure>\n\n\n\n<figure class=\"wp-block-image size-large\"><img loading=\"lazy\" decoding=\"async\" width=\"700\" height=\"430\" data-id=\"29909\" src=\"https:\/\/diariotribuna.com.br\/wp-content\/uploads\/2025\/05\/14.jpg\" alt=\"\" class=\"wp-image-29909\" srcset=\"https:\/\/diariotribuna.com.br\/wp-content\/uploads\/2025\/05\/14.jpg 700w, https:\/\/diariotribuna.com.br\/wp-content\/uploads\/2025\/05\/14-300x184.jpg 300w, https:\/\/diariotribuna.com.br\/wp-content\/uploads\/2025\/05\/14-356x220.jpg 356w, https:\/\/diariotribuna.com.br\/wp-content\/uploads\/2025\/05\/14-696x428.jpg 696w, https:\/\/diariotribuna.com.br\/wp-content\/uploads\/2025\/05\/14-684x420.jpg 684w\" sizes=\"(max-width: 700px) 100vw, 700px\" \/><\/figure>\n\n\n\n<figure class=\"wp-block-image size-large\"><img loading=\"lazy\" decoding=\"async\" width=\"700\" height=\"385\" data-id=\"29911\" src=\"https:\/\/diariotribuna.com.br\/wp-content\/uploads\/2025\/05\/11.jpg\" alt=\"\" class=\"wp-image-29911\" srcset=\"https:\/\/diariotribuna.com.br\/wp-content\/uploads\/2025\/05\/11.jpg 700w, https:\/\/diariotribuna.com.br\/wp-content\/uploads\/2025\/05\/11-300x165.jpg 300w, https:\/\/diariotribuna.com.br\/wp-content\/uploads\/2025\/05\/11-696x383.jpg 696w\" sizes=\"(max-width: 700px) 100vw, 700px\" \/><\/figure>\n\n\n\n<figure class=\"wp-block-image size-large\"><img loading=\"lazy\" decoding=\"async\" width=\"700\" height=\"405\" data-id=\"29912\" src=\"https:\/\/diariotribuna.com.br\/wp-content\/uploads\/2025\/05\/9.jpg\" alt=\"\" class=\"wp-image-29912\" srcset=\"https:\/\/diariotribuna.com.br\/wp-content\/uploads\/2025\/05\/9.jpg 700w, https:\/\/diariotribuna.com.br\/wp-content\/uploads\/2025\/05\/9-300x174.jpg 300w, https:\/\/diariotribuna.com.br\/wp-content\/uploads\/2025\/05\/9-696x403.jpg 696w\" sizes=\"(max-width: 700px) 100vw, 700px\" \/><\/figure>\n\n\n\n<figure class=\"wp-block-image size-large\"><img loading=\"lazy\" decoding=\"async\" width=\"700\" height=\"431\" data-id=\"29913\" src=\"https:\/\/diariotribuna.com.br\/wp-content\/uploads\/2025\/05\/10.jpg\" alt=\"\" class=\"wp-image-29913\" srcset=\"https:\/\/diariotribuna.com.br\/wp-content\/uploads\/2025\/05\/10.jpg 700w, https:\/\/diariotribuna.com.br\/wp-content\/uploads\/2025\/05\/10-300x185.jpg 300w, https:\/\/diariotribuna.com.br\/wp-content\/uploads\/2025\/05\/10-356x220.jpg 356w, https:\/\/diariotribuna.com.br\/wp-content\/uploads\/2025\/05\/10-696x429.jpg 696w, https:\/\/diariotribuna.com.br\/wp-content\/uploads\/2025\/05\/10-682x420.jpg 682w\" sizes=\"(max-width: 700px) 100vw, 700px\" \/><\/figure>\n<\/figure>\n\n\n\n<div style=\"height:6px\" aria-hidden=\"true\" class=\"wp-block-spacer\"><\/div>\n\n\n\n<p>Al\u00e9m dos debates e pain\u00e9is, o evento promoveu um Feir\u00e3o de Empregos com mais de 10 mil vagas, atendimentos gratuitos em sa\u00fade e beleza, oficinas de qualifica\u00e7\u00e3o profissional, atra\u00e7\u00f5es culturais e shows. A renda das apresenta\u00e7\u00f5es musicais foi revertida em doa\u00e7\u00f5es para o programa Sesc Mesa Brasil, maior banco privado de alimentos da Am\u00e9rica Latina.<\/p>\n\n\n\n<p><strong>&#8220;O Sindcom\u00e9rcio est\u00e1 aqui em Belo Horizonte participando da Semana S, buscando o que tem de mais tecnol\u00f3gico para a gente solicitar e levar para Te\u00f3filo Otoni&#8221;, afirmou o presidente Leonardo Ramos durante entrevista. Com a participa\u00e7\u00e3o na Semana S, o Sindcom\u00e9rcio reafirma seu compromisso com a inova\u00e7\u00e3o, o desenvolvimento e a valoriza\u00e7\u00e3o do empresariado de\u00a0Te\u00f3filo\u00a0Otoni.<\/strong><\/p>\n\n\n\n<figure class=\"wp-block-image size-full is-resized\"><img loading=\"lazy\" decoding=\"async\" width=\"700\" height=\"933\" src=\"https:\/\/diariotribuna.com.br\/wp-content\/uploads\/2025\/05\/12-1.jpg\" alt=\"\" class=\"wp-image-29915\" style=\"width:390px;height:auto\" srcset=\"https:\/\/diariotribuna.com.br\/wp-content\/uploads\/2025\/05\/12-1.jpg 700w, https:\/\/diariotribuna.com.br\/wp-content\/uploads\/2025\/05\/12-1-225x300.jpg 225w, https:\/\/diariotribuna.com.br\/wp-content\/uploads\/2025\/05\/12-1-696x928.jpg 696w, https:\/\/diariotribuna.com.br\/wp-content\/uploads\/2025\/05\/12-1-315x420.jpg 315w\" sizes=\"(max-width: 700px) 100vw, 700px\" \/><\/figure>\n\n\n\n<div style=\"height:6px\" aria-hidden=\"true\" class=\"wp-block-spacer\"><\/div>\n\n\n\n<p><strong>(Informa\u00e7\u00f5es\/Fotos: assessoria de comunica\u00e7\u00e3o\/ Sindcom\u00e9rcio Te\u00f3filo Otoni).<\/strong><\/p>\n","protected":false},"excerpt":{"rendered":"<p>Evento reuniu lideran\u00e7as empresariais e especialistas em inova\u00e7\u00e3o, empregabilidade e desenvolvimento do setor de com\u00e9rcio A diretoria do Sindcom\u00e9rcio de Te\u00f3filo Otoni esteve em Belo Horizonte entre os dias 14 e 17 de maio para participar da Semana S, evento promovido pelo Sistema Fecom\u00e9rcio MG, Sesc e Senac. Realizada no Expominas, a programa\u00e7\u00e3o incluiu atividades [&hellip;]<\/p>\n","protected":false},"author":1,"featured_media":29901,"comment_status":"open","ping_status":"open","sticky":false,"template":"","format":"standard","meta":{"rop_custom_images_group":[],"rop_custom_messages_group":[],"rop_publish_now":"initial","rop_publish_now_accounts":[],"rop_publish_now_history":[],"rop_publish_now_status":"pending","footnotes":""},"categories":[25,19],"tags":[344,7169,2879,221,75],"class_list":["post-29900","post","type-post","status-publish","format-standard","has-post-thumbnail","hentry","category-destaque","category-gerais","tag-belo-horizonte","tag-semana-s","tag-sesc","tag-sindcomercio","tag-teofilo-otoni"],"_links":{"self":[{"href":"https:\/\/diariotribuna.com.br\/index.php?rest_route=\/wp\/v2\/posts\/29900"}],"collection":[{"href":"https:\/\/diariotribuna.com.br\/index.php?rest_route=\/wp\/v2\/posts"}],"about":[{"href":"https:\/\/diariotribuna.com.br\/index.php?rest_route=\/wp\/v2\/types\/post"}],"author":[{"embeddable":true,"href":"https:\/\/diariotribuna.com.br\/index.php?rest_route=\/wp\/v2\/users\/1"}],"replies":[{"embeddable":true,"href":"https:\/\/diariotribuna.com.br\/index.php?rest_route=%2Fwp%2Fv2%2Fcomments&post=29900"}],"version-history":[{"count":7,"href":"https:\/\/diariotribuna.com.br\/index.php?rest_route=\/wp\/v2\/posts\/29900\/revisions"}],"predecessor-version":[{"id":29924,"href":"https:\/\/diariotribuna.com.br\/index.php?rest_route=\/wp\/v2\/posts\/29900\/revisions\/29924"}],"wp:featuredmedia":[{"embeddable":true,"href":"https:\/\/diariotribuna.com.br\/index.php?rest_route=\/wp\/v2\/media\/29901"}],"wp:attachment":[{"href":"https:\/\/diariotribuna.com.br\/index.php?rest_route=%2Fwp%2Fv2%2Fmedia&parent=29900"}],"wp:term":[{"taxonomy":"category","embeddable":true,"href":"https:\/\/diariotribuna.com.br\/index.php?rest_route=%2Fwp%2Fv2%2Fcategories&post=29900"},{"taxonomy":"post_tag","embeddable":true,"href":"https:\/\/diariotribuna.com.br\/index.php?rest_route=%2Fwp%2Fv2%2Ftags&post=29900"}],"curies":[{"name":"wp","href":"https:\/\/api.w.org\/{rel}","templated":true}]}}