{"id":29926,"date":"2025-05-21T11:53:47","date_gmt":"2025-05-21T14:53:47","guid":{"rendered":"https:\/\/diariotribuna.com.br\/?p=29926"},"modified":"2025-05-21T11:53:47","modified_gmt":"2025-05-21T14:53:47","slug":"feiraco-consolida-ipatinga-como-referencia","status":"publish","type":"post","link":"https:\/\/diariotribuna.com.br\/?p=29926","title":{"rendered":"Feira\u00e7o consolida Ipatinga como refer\u00eancia\u00a0"},"content":{"rendered":"<p><em><span>Foto: Divulga\u00e7\u00e3o<\/span><\/em><\/p>\n<p><strong><span>COLUNA MG<\/span><\/strong><br \/><span>Principais destaques dos jornais e portais integrantes da rede Sindijori MG <\/span><br \/><span><a href=\"http:\/\/www.sindijorimg.com.br\/\">www.sindijorimg.com.br<\/a><\/span><\/p>\n<p><strong><span>Feira\u00e7o consolida Ipatinga como refer\u00eancia <\/span><\/strong><br \/><span>Ipatinga realiza a quinta edi\u00e7\u00e3o da Feira Comercial de Produtos e Servi\u00e7os (Feira\u00e7o), que promete agitar a economia local at\u00e9 24 de maio. A administra\u00e7\u00e3o municipal aposta na iniciativa para posicionar a cidade como um polo de atra\u00e7\u00e3o de investimentos, oferecendo infraestrutura robusta e um ambiente de neg\u00f3cios din\u00e2mico. Organizada pela Associa\u00e7\u00e3o Comercial, Industrial, Agropecu\u00e1ria e de Presta\u00e7\u00e3o de Servi\u00e7os de Ipatinga, pela C\u00e2mara de Dirigentes Lojistas e pelo Sebrae, a Feira\u00e7o combina oportunidades comerciais com entretenimento. (Portal Silmara Freitas \u2013 Ipatinga)<\/span><br \/><span><a href=\"https:\/\/www.silmaradefreitas.com.br\/feiraco-2025-consolida-ipatinga-como-referencia-em-negocios-e-inovacao\/\">https:\/\/www.silmaradefreitas.com.br\/feiraco-2025-consolida-ipatinga-como-referencia-em-negocios-e-inovacao\/<\/a><\/span><\/p>\n<p><span><strong>Arax\u00e1 faz leil\u00e3o de Hotel<\/strong> <\/span><br \/><span>A Prefeitura de Arax\u00e1 est\u00e1 realizando o leil\u00e3o eletr\u00f4nico do hist\u00f3rico Hotel Colombo, situado no Barreiro, com o objetivo de revitalizar o espa\u00e7o e impulsionar o turismo e a economia local. O leil\u00e3o tem lance inicial de R$ 2.665.250,00 e o im\u00f3vel, com 7.615 m\u00b2, inclui dois pr\u00e9dios, uma capela e uma piscina. Constru\u00eddo em 1929, o hotel \u00e9 um patrim\u00f4nio cultural da cidade, que abrigou figuras como Get\u00falio Vargas e Juscelino Kubitschek. O valor arrecadado ser\u00e1 destinado a projetos de infraestrutura, como recapeamento de ruas. (Jornal Intera\u00e7\u00e3o \u2013 Arax\u00e1)<\/span><br \/><span><a href=\"https:\/\/www.jornalinteracao.com.br\/leilao-do-hotel-colombo-segue-aberto-ate-21-de-maio\">https:\/\/www.jornalinteracao.com.br\/leilao-do-hotel-colombo-segue-aberto-ate-21-de-maio<\/a><\/span><\/p>\n<p><strong><span>Barragens t\u00eam semin\u00e1rio em Arcos<\/span><\/strong><br \/><span>Em 16 de maio foi realizado em Arcos um semin\u00e1rio sobre seguran\u00e7a das barragens B2 e B3 da Companhia Sider\u00fargica Nacional (CSN), com a participa\u00e7\u00e3o do Corpo de Bombeiros Militar de Minas Gerais e outras autoridades. O evento, promovido pela CSN, reuniu representantes de \u00f3rg\u00e3os p\u00fablicos, Defesa Civil, for\u00e7as de seguran\u00e7a e moradores das \u00e1reas de risco. O semin\u00e1rio focou em estrat\u00e9gias de preven\u00e7\u00e3o e resposta a emerg\u00eancias, abordando planos de a\u00e7\u00e3o, rotas de evacua\u00e7\u00e3o, monitoramento das barragens e protocolos de atua\u00e7\u00e3o em caso de incidentes. (Correio Centro Oeste \u2013 Arcos)<\/span><br \/><span><a href=\"https:\/\/www.jornalcco.com.br\/barragens-b2-e-b3-da-csn-sao-tema-de-seminario-sobre-seguranca-com-participacao-do-corpo-de-bombeiros-em-arcos\">https:\/\/www.jornalcco.com.br\/barragens-b2-e-b3-da-csn-sao-tema-de-seminario-sobre-seguranca-com-participacao-do-corpo-de-bombeiros-em-arcos<\/a><\/span><\/p>\n<p><strong><span>BH tem lei de preven\u00e7\u00e3o ao bullying<\/span><\/strong><br \/><span>A cidade de Belo Horizonte sancionou a Lei Municipal 11.852, que institui a Semana de Preven\u00e7\u00e3o e Combate ao Bullying e Cyberbullying, integrando o calend\u00e1rio oficial da cidade. A medida visa promover a\u00e7\u00f5es educativas sobre os impactos do bullying e cyberbullying nas escolas, com atividades como palestras, debates e encontros organizados por escolas, entidades e \u00f3rg\u00e3os p\u00fablicos. A semana ser\u00e1 celebrada anualmente, coincidindo com o Dia Nacional de Combate ao Bullying, em 7 de abril. (Jornal Esplanada \u2013 Belo Horizonte)<\/span><br \/><span><a href=\"https:\/\/www.jornalesplanada.com.br\/belo-horizonte-sanciona-lei-que-institui-semana-de-prevencao-ao-bullying-e-ao-cyberbullying-nas-escolas\">https:\/\/www.jornalesplanada.com.br\/belo-horizonte-sanciona-lei-que-institui-semana-de-prevencao-ao-bullying-e-ao-cyberbullying-nas-escolas<\/a><\/span><\/p>\n<p><strong><span>Descartada suspeita de avi\u00e1ria em Sabar\u00e1<\/span><\/strong><br \/><span>O Minist\u00e9rio da Agricultura, Pecu\u00e1ria e Abastecimento (Mapa) descartou a suspeita de gripe avi\u00e1ria em uma granja localizada em Sabar\u00e1. A an\u00e1lise laboratorial confirmou resultado negativo para Influenza Avi\u00e1ria, mantendo Minas Gerais como um dos estados livres da doen\u00e7a em produ\u00e7\u00f5es comerciais. O caso em Sabar\u00e1 estava sob investiga\u00e7\u00e3o junto com ocorr\u00eancias suspeitas nos munic\u00edpios de Salitre (CE) e Aguiarn\u00f3polis (TO). Com a confirma\u00e7\u00e3o negativa, o foco permanece em outras regi\u00f5es, como o Rio Grande do Sul, onde foi identificado, recentemente, o primeiro caso de gripe avi\u00e1ria de alta patogenicidade (IAAP) em uma granja comercial no pa\u00eds. (Folha de Sabar\u00e1)<\/span><br \/><span><a href=\"https:\/\/folhadesabara.com.br\/noticia\/45556\/gripe-aviaria-ministerio-descarta-caso-suspeito-em-granja-de-sabara\">https:\/\/folhadesabara.com.br\/noticia\/45556\/gripe-aviaria-ministerio-descarta-caso-suspeito-em-granja-de-sabara<\/a><\/span><\/p>\n<p><strong><span>Po\u00e7os se consolida no turismo<\/span><\/strong><br \/><span>Minas Gerais vive um momento de crescimento econ\u00f4mico impulsionado pela for\u00e7a do turismo, da hospitalidade e da cultura. Segundo dados do Instituto Brasileiro de Geografia e Estat\u00edstica (IBGE) e do Observat\u00f3rio do Turismo de Minas Gerais, o estado superou a marca de 32 milh\u00f5es de turistas em 2024, registrando um crescimento de 11,8% na atividade tur\u00edstica, n\u00famero que representa mais que o dobro da m\u00e9dia nacional. Entre os destinos que t\u00eam contribu\u00eddo diretamente para essa lideran\u00e7a mineira no turismo, Po\u00e7os de Caldas se destaca como uma refer\u00eancia. Em 2024, a cidade registrou um aumento de 24% nas buscas por hospedagem, consolidando-se como o terceiro destino mais procurado de Minas Gerais, atr\u00e1s somente de Belo Horizonte e Monte Verde. (Jornal Mantiqueira \u2013 Po\u00e7os de Caldas)<\/span><br \/><span><a href=\"https:\/\/www.jornalmantiqueira.com.br\/2025\/05\/21\/pocos-se-destaca-no-crescimento-turistico-de-minas-gerais-e-reforca-papel-no-cenario-nacional\/\">https:\/\/www.jornalmantiqueira.com.br\/2025\/05\/21\/pocos-se-destaca-no-crescimento-turistico-de-minas-gerais-e-reforca-papel-no-cenario-nacional\/<\/a><\/span><\/p>\n<p><span><\/span><\/p>\n<p>\u00a0<\/p>","protected":false},"excerpt":{"rendered":"<p>Foto: Divulga\u00e7\u00e3o COLUNA MGPrincipais destaques dos jornais e portais integrantes da rede Sindijori MG www.sindijorimg.com.br Feira\u00e7o consolida Ipatinga como refer\u00eancia Ipatinga realiza a quinta edi\u00e7\u00e3o da Feira Comercial de Produtos e Servi\u00e7os (Feira\u00e7o), que promete agitar a economia local at\u00e9 24 de maio. A administra\u00e7\u00e3o municipal aposta na iniciativa para posicionar a cidade como um [&hellip;]<\/p>\n","protected":false},"author":0,"featured_media":29927,"comment_status":"open","ping_status":"open","sticky":false,"template":"","format":"standard","meta":{"rop_custom_images_group":[],"rop_custom_messages_group":[],"rop_publish_now":"initial","rop_publish_now_accounts":[],"rop_publish_now_history":[],"rop_publish_now_status":"pending","footnotes":""},"categories":[6745],"tags":[],"class_list":["post-29926","post","type-post","status-publish","format-standard","has-post-thumbnail","hentry","category-coluna-sindijori"],"_links":{"self":[{"href":"https:\/\/diariotribuna.com.br\/index.php?rest_route=\/wp\/v2\/posts\/29926"}],"collection":[{"href":"https:\/\/diariotribuna.com.br\/index.php?rest_route=\/wp\/v2\/posts"}],"about":[{"href":"https:\/\/diariotribuna.com.br\/index.php?rest_route=\/wp\/v2\/types\/post"}],"replies":[{"embeddable":true,"href":"https:\/\/diariotribuna.com.br\/index.php?rest_route=%2Fwp%2Fv2%2Fcomments&post=29926"}],"version-history":[{"count":0,"href":"https:\/\/diariotribuna.com.br\/index.php?rest_route=\/wp\/v2\/posts\/29926\/revisions"}],"wp:featuredmedia":[{"embeddable":true,"href":"https:\/\/diariotribuna.com.br\/index.php?rest_route=\/wp\/v2\/media\/29927"}],"wp:attachment":[{"href":"https:\/\/diariotribuna.com.br\/index.php?rest_route=%2Fwp%2Fv2%2Fmedia&parent=29926"}],"wp:term":[{"taxonomy":"category","embeddable":true,"href":"https:\/\/diariotribuna.com.br\/index.php?rest_route=%2Fwp%2Fv2%2Fcategories&post=29926"},{"taxonomy":"post_tag","embeddable":true,"href":"https:\/\/diariotribuna.com.br\/index.php?rest_route=%2Fwp%2Fv2%2Ftags&post=29926"}],"curies":[{"name":"wp","href":"https:\/\/api.w.org\/{rel}","templated":true}]}}