{"id":29939,"date":"2025-05-22T12:39:20","date_gmt":"2025-05-22T15:39:20","guid":{"rendered":"https:\/\/diariotribuna.com.br\/?p=29939"},"modified":"2025-05-22T12:39:20","modified_gmt":"2025-05-22T15:39:20","slug":"leste-tem-a-sua-maior-feira-a-expoleste","status":"publish","type":"post","link":"https:\/\/diariotribuna.com.br\/?p=29939","title":{"rendered":"Leste tem a sua maior feira: a Expoleste\u00a0"},"content":{"rendered":"<p><span>Foto: Leonardo Morais \/ Reprodu\u00e7\u00e3o<\/span><\/p>\n<p><strong><span>COLUNA MG<\/span><\/strong><br \/><span>Principais destaques dos jornais e portais integrantes da rede Sindijori MG <\/span><br \/><span><a href=\"http:\/\/www.sindijorimg.com.br\/\">www.sindijorimg.com.br<\/a><\/span><\/p>\n<p><strong><span>Leste tem a sua maior feira: a Expoleste<\/span><\/strong><br \/><span>At\u00e9 o dia 25 de maio, o Centro de Feiras e Eventos da Univale (Unicentro) ser\u00e1 palco da 21\u00aa edi\u00e7\u00e3o da Expoleste, a maior feira de neg\u00f3cios do Leste de Minas Gerais. Promovida pela Associa\u00e7\u00e3o Comercial e Empresarial de Governador Valadares (ACE-GV), o evento conta com mais de 150 empresas confirmadas. Anualmente, a feira busca refor\u00e7ar car\u00e1ter multissetorial e abrangente e chega \u00e0 sua 21\u00aa edi\u00e7\u00e3o consolidada como o maior evento multissetorial do Leste de Minas. Muito mais que uma feira, ela \u00e9 uma plataforma de desenvolvimento, gera\u00e7\u00e3o de renda e visibilidade para os neg\u00f3cios da nossa regi\u00e3o. Governador Valadares ganha em movimenta\u00e7\u00e3o econ\u00f4mica, em troca de conhecimento e em fortalecimento do empreendedorismo. (Di\u00e1rio do Rio Doce \u2013 Governador Valadares)<\/span><br \/><span><a href=\"https:\/\/drd.com.br\/expoturismo-leva-experiencias-imersivas-a-expoleste-2025-e-destaca-potencial-turistico-do-leste-de-minas\/\">https:\/\/drd.com.br\/expoturismo-leva-experiencias-imersivas-a-expoleste-2025-e-destaca-potencial-turistico-do-leste-de-minas\/<\/a><\/span><\/p>\n<p><strong><span>Novo posto beneficia Canelas<\/span><\/strong><br \/><span>A constru\u00e7\u00e3o da Unidade B\u00e1sica de Sa\u00fade (UBS) Alecrim\/Canelas, no bairro Canelas, em Montes Claros, est\u00e1 em fase avan\u00e7ada e promete beneficiar a popula\u00e7\u00e3o local com diversos servi\u00e7os de sa\u00fade. Or\u00e7ada em R$ 2,4 milh\u00f5es, a UBS ocupar\u00e1 1.225,58 m\u00b2 e contar\u00e1 com consult\u00f3rios m\u00e9dicos, farm\u00e1cia, consult\u00f3rio odontol\u00f3gico e sala de vacina. A obra visa ampliar o acesso \u00e0 sa\u00fade na regi\u00e3o, oferecendo servi\u00e7os como consultas, aferi\u00e7\u00e3o de press\u00e3o, testes de glicemia e vacina\u00e7\u00e3o. (Rede Gazeta \u2013 Montes Claros)<\/span><br \/><span><a href=\"https:\/\/gazetanm.com.br\/novo-posto-de-saude-vai-beneficiar-moradores-do-canelas\/\">https:\/\/gazetanm.com.br\/novo-posto-de-saude-vai-beneficiar-moradores-do-canelas\/<\/a><\/span><\/p>\n<p><strong><span>Corte de rem\u00e9dio gera cr\u00edticas<\/span><\/strong><br \/><span>A retirada do medicamento Alogliptina (Nesina) da rede p\u00fablica de sa\u00fade de Divin\u00f3polis, utilizada no tratamento do diabetes tipo 2, gerou cr\u00edticas da vereadora Kell Silva (PV). A Secretaria Municipal de Sa\u00fade justificou a medida alegando o alto custo e a baixa rela\u00e7\u00e3o de custo-benef\u00edcio, afirmando que o medicamento consumia 20% do or\u00e7amento da farm\u00e1cia municipal. No entanto, a vereadora destacou que a decis\u00e3o afeta diretamente cerca de 14 mil diab\u00e9ticos da cidade, que j\u00e1 estavam adaptados ao uso do rem\u00e9dio. (Portal Gerais \u2013 Divin\u00f3polis)<\/span><br \/><span><a href=\"https:\/\/portalgerais.com\/corte-de-remedio-para-diabetes-em-divinopolis-gera-criticas\/\">https:\/\/portalgerais.com\/corte-de-remedio-para-diabetes-em-divinopolis-gera-criticas\/<\/a><\/span><\/p>\n<p><strong><span>Formiga ter\u00e1 \u201cEspa\u00e7o de Lazer\u201d <\/span><\/strong><br \/><span>No dia 6 de junho, durante as comemora\u00e7\u00f5es do 167\u00b0 anivers\u00e1rio de Formiga, a cidade receber\u00e1 o projeto \u201cEspa\u00e7o de Lazer\u201d, uma parceria da Prefeitura com o SESC Minas. O evento, que acontecer\u00e1 das 13h \u00e0s 17h no Terminal Rodovi\u00e1rio, oferecer\u00e1 diversas atividades gratuitas para todas as idades, como cama el\u00e1stica, pula-pula, pintura facial, oficinas criativas, jogos de mesa, al\u00e9m de brincadeiras tradicionais como cabo de guerra e dan\u00e7a das cadeiras. A programa\u00e7\u00e3o ser\u00e1 conduzida por profissionais especializados e promete um dia de divers\u00e3o para a popula\u00e7\u00e3o, estimulando a participa\u00e7\u00e3o da comunidade nas a\u00e7\u00f5es promovidas pela prefeitura. (\u00daltimas Not\u00edcias \u2013 Formiga)<\/span><br \/><span><a href=\"https:\/\/ultimasnoticias.inf.br\/noticia\/formiga-recebera-o-espaco-de-lazer-no-dia-6-de-junho\/\">https:\/\/ultimasnoticias.inf.br\/noticia\/formiga-recebera-o-espaco-de-lazer-no-dia-6-de-junho\/<\/a><\/span><\/p>\n<p><strong><span>Hemominas convoca popula\u00e7\u00e3o a doar<\/span><\/strong><br \/><span>A Funda\u00e7\u00e3o Hemominas est\u00e1 convocando a popula\u00e7\u00e3o a doar sangue, especialmente devido \u00e0 queda nas doa\u00e7\u00f5es causadas pelo frio e tempo seco, que afasta os volunt\u00e1rios das unidades. Os tipos sangu\u00edneos O+ e O- s\u00e3o os mais afetados, impactando os estoques essenciais para o atendimento de pacientes. A Hemominas alerta que a doa\u00e7\u00e3o \u00e9 r\u00e1pida, segura e salva vidas, e destaca a import\u00e2ncia da hidrata\u00e7\u00e3o para garantir que os doadores estejam aptos. As doa\u00e7\u00f5es podem ser agendadas online ou pelo aplicativo MG App &#8211; Cidad\u00e3o. (Di\u00e1rio do A\u00e7o \u2013 Ipatinga)<\/span><br \/><span><a href=\"https:\/\/diariodoaco.com.br\/noticia\/0124650-hemominas-convoca-populacao-a-doar-sangue-nas-unidades-de-todo-o-estado\">https:\/\/diariodoaco.com.br\/noticia\/0124650-hemominas-convoca-populacao-a-doar-sangue-nas-unidades-de-todo-o-estado<\/a><\/span><\/p>\n<p><strong><span>Caet\u00e9 ganha telemedicina<\/span><\/strong><br \/><span>A telemedicina j\u00e1 se encontra presente em grandes cidades e em grandes operadoras de planos de sa\u00fade. Agora Caet\u00e9 tamb\u00e9m vai passar a contar com a Telemedicina: Tele + Sa\u00fade Caet\u00e9, um projeto piloto, que foi adquirido por meio de doa\u00e7\u00e3o da Mineradora AVG, no intuito de apresentar \u00e0 popula\u00e7\u00e3o um servi\u00e7o tecnol\u00f3gico inovador. Os trabalhos foram iniciados nest quinta-feira, 22, quando a maleta juntamente com uma t\u00e9cnica de enfermagem ter\u00e1 uma agenda de visitas, tanto nas unidades, quanto nos distritos, pensando em minimizar o tempo de espera por uma consulta. (Jornal Opini\u00e3o \u2013 Caet\u00e9)<\/span><br \/><span><a href=\"https:\/\/www.opiniaocaete.com.br\/caete-vai-contar-com-servico-de-telemedicina-a-partir-desta-quinta-feira-22\/\">https:\/\/www.opiniaocaete.com.br\/caete-vai-contar-com-servico-de-telemedicina-a-partir-desta-quinta-feira-22\/<\/a><\/span><\/p>\n<p><span><\/span><\/p>\n<p>\u00a0<\/p>","protected":false},"excerpt":{"rendered":"<p>Foto: Leonardo Morais \/ Reprodu\u00e7\u00e3o COLUNA MGPrincipais destaques dos jornais e portais integrantes da rede Sindijori MG www.sindijorimg.com.br Leste tem a sua maior feira: a ExpolesteAt\u00e9 o dia 25 de maio, o Centro de Feiras e Eventos da Univale (Unicentro) ser\u00e1 palco da 21\u00aa edi\u00e7\u00e3o da Expoleste, a maior feira de neg\u00f3cios do Leste de [&hellip;]<\/p>\n","protected":false},"author":0,"featured_media":29940,"comment_status":"open","ping_status":"open","sticky":false,"template":"","format":"standard","meta":{"rop_custom_images_group":[],"rop_custom_messages_group":[],"rop_publish_now":"initial","rop_publish_now_accounts":[],"rop_publish_now_history":[],"rop_publish_now_status":"pending","footnotes":""},"categories":[6745],"tags":[],"class_list":["post-29939","post","type-post","status-publish","format-standard","has-post-thumbnail","hentry","category-coluna-sindijori"],"_links":{"self":[{"href":"https:\/\/diariotribuna.com.br\/index.php?rest_route=\/wp\/v2\/posts\/29939"}],"collection":[{"href":"https:\/\/diariotribuna.com.br\/index.php?rest_route=\/wp\/v2\/posts"}],"about":[{"href":"https:\/\/diariotribuna.com.br\/index.php?rest_route=\/wp\/v2\/types\/post"}],"replies":[{"embeddable":true,"href":"https:\/\/diariotribuna.com.br\/index.php?rest_route=%2Fwp%2Fv2%2Fcomments&post=29939"}],"version-history":[{"count":0,"href":"https:\/\/diariotribuna.com.br\/index.php?rest_route=\/wp\/v2\/posts\/29939\/revisions"}],"wp:featuredmedia":[{"embeddable":true,"href":"https:\/\/diariotribuna.com.br\/index.php?rest_route=\/wp\/v2\/media\/29940"}],"wp:attachment":[{"href":"https:\/\/diariotribuna.com.br\/index.php?rest_route=%2Fwp%2Fv2%2Fmedia&parent=29939"}],"wp:term":[{"taxonomy":"category","embeddable":true,"href":"https:\/\/diariotribuna.com.br\/index.php?rest_route=%2Fwp%2Fv2%2Fcategories&post=29939"},{"taxonomy":"post_tag","embeddable":true,"href":"https:\/\/diariotribuna.com.br\/index.php?rest_route=%2Fwp%2Fv2%2Ftags&post=29939"}],"curies":[{"name":"wp","href":"https:\/\/api.w.org\/{rel}","templated":true}]}}