{"id":29945,"date":"2025-05-22T21:52:47","date_gmt":"2025-05-23T00:52:47","guid":{"rendered":"https:\/\/diariotribuna.com.br\/?p=29945"},"modified":"2025-05-24T10:20:04","modified_gmt":"2025-05-24T13:20:04","slug":"suspeito-de-trafico-interestadual-e-preso-pela-pcmg-em-teofilo-otoni","status":"publish","type":"post","link":"https:\/\/diariotribuna.com.br\/?p=29945","title":{"rendered":"Suspeito de tr\u00e1fico interestadual \u00e9 preso pela PCMG em Te\u00f3filo Otoni"},"content":{"rendered":"\n<figure class=\"wp-block-image size-full is-resized\"><img loading=\"lazy\" decoding=\"async\" width=\"700\" height=\"551\" src=\"https:\/\/diariotribuna.com.br\/wp-content\/uploads\/2025\/05\/pcmg_teofilo-otoni_trafico1.jpg\" alt=\"\" class=\"wp-image-29946\" style=\"width:426px;height:auto\" srcset=\"https:\/\/diariotribuna.com.br\/wp-content\/uploads\/2025\/05\/pcmg_teofilo-otoni_trafico1.jpg 700w, https:\/\/diariotribuna.com.br\/wp-content\/uploads\/2025\/05\/pcmg_teofilo-otoni_trafico1-300x236.jpg 300w, https:\/\/diariotribuna.com.br\/wp-content\/uploads\/2025\/05\/pcmg_teofilo-otoni_trafico1-696x548.jpg 696w, https:\/\/diariotribuna.com.br\/wp-content\/uploads\/2025\/05\/pcmg_teofilo-otoni_trafico1-534x420.jpg 534w\" sizes=\"(max-width: 700px) 100vw, 700px\" \/><\/figure>\n\n\n\n<p>Um homem, de 22 anos, foi preso em flagrante pela Pol\u00edcia Civil de Minas Gerais pelo crime de tr\u00e1fico de drogas. Ele foi detido na ter\u00e7a-feira (20\/5), em Te\u00f3filo Otoni. A a\u00e7\u00e3o, coordenada pela equipe que investiga crimes relacionados com tr\u00e1fico de entorpecentes, apurou a poss\u00edvel remessa de drogas via Correios, provenientes do Paran\u00e1, com destino ao bairro Castro Pires, em Te\u00f3filo Otoni.<\/p>\n\n\n\n<p>Durante monitoramento, os policiais acompanharam a entrega da encomenda e abordaram o suspeito quando ele recebia o pacote. No interior da caixa, foram encontrados dois tabletes de maconha, totalizando cerca de 1,3 quilo do produto.<\/p>\n\n\n\n<p>Em buscas na casa do investigado, foram encontradas mais por\u00e7\u00f5es da droga, al\u00e9m de equipamentos usados para cultivo, como uma estufa montada no quarto do suspeito. Com a formaliza\u00e7\u00e3o do flagrante, a Pol\u00edcia Civil representou pela convers\u00e3o da pris\u00e3o em preventiva. A investiga\u00e7\u00e3o prossegue. (Informa\u00e7\u00f5es\/Fotos: assessoria de comunica\u00e7\u00e3o da PCMG).<\/p>\n","protected":false},"excerpt":{"rendered":"<p>Um homem, de 22 anos, foi preso em flagrante pela Pol\u00edcia Civil de Minas Gerais pelo crime de tr\u00e1fico de drogas. Ele foi detido na ter\u00e7a-feira (20\/5), em Te\u00f3filo Otoni. A a\u00e7\u00e3o, coordenada pela equipe que investiga crimes relacionados com tr\u00e1fico de entorpecentes, apurou a poss\u00edvel remessa de drogas via Correios, provenientes do Paran\u00e1, com [&hellip;]<\/p>\n","protected":false},"author":1,"featured_media":29946,"comment_status":"open","ping_status":"open","sticky":false,"template":"","format":"standard","meta":{"rop_custom_images_group":[],"rop_custom_messages_group":[],"rop_publish_now":"initial","rop_publish_now_accounts":[],"rop_publish_now_history":[],"rop_publish_now_status":"pending","footnotes":""},"categories":[20],"tags":[292,75,7172,2484],"class_list":["post-29945","post","type-post","status-publish","format-standard","has-post-thumbnail","hentry","category-policia","tag-policia-civil","tag-teofilo-otoni","tag-trafico-interestadual","tag-um-preso"],"_links":{"self":[{"href":"https:\/\/diariotribuna.com.br\/index.php?rest_route=\/wp\/v2\/posts\/29945"}],"collection":[{"href":"https:\/\/diariotribuna.com.br\/index.php?rest_route=\/wp\/v2\/posts"}],"about":[{"href":"https:\/\/diariotribuna.com.br\/index.php?rest_route=\/wp\/v2\/types\/post"}],"author":[{"embeddable":true,"href":"https:\/\/diariotribuna.com.br\/index.php?rest_route=\/wp\/v2\/users\/1"}],"replies":[{"embeddable":true,"href":"https:\/\/diariotribuna.com.br\/index.php?rest_route=%2Fwp%2Fv2%2Fcomments&post=29945"}],"version-history":[{"count":1,"href":"https:\/\/diariotribuna.com.br\/index.php?rest_route=\/wp\/v2\/posts\/29945\/revisions"}],"predecessor-version":[{"id":29947,"href":"https:\/\/diariotribuna.com.br\/index.php?rest_route=\/wp\/v2\/posts\/29945\/revisions\/29947"}],"wp:featuredmedia":[{"embeddable":true,"href":"https:\/\/diariotribuna.com.br\/index.php?rest_route=\/wp\/v2\/media\/29946"}],"wp:attachment":[{"href":"https:\/\/diariotribuna.com.br\/index.php?rest_route=%2Fwp%2Fv2%2Fmedia&parent=29945"}],"wp:term":[{"taxonomy":"category","embeddable":true,"href":"https:\/\/diariotribuna.com.br\/index.php?rest_route=%2Fwp%2Fv2%2Fcategories&post=29945"},{"taxonomy":"post_tag","embeddable":true,"href":"https:\/\/diariotribuna.com.br\/index.php?rest_route=%2Fwp%2Fv2%2Ftags&post=29945"}],"curies":[{"name":"wp","href":"https:\/\/api.w.org\/{rel}","templated":true}]}}