{"id":29948,"date":"2025-05-22T22:29:40","date_gmt":"2025-05-23T01:29:40","guid":{"rendered":"https:\/\/diariotribuna.com.br\/?p=29948"},"modified":"2025-05-25T21:21:03","modified_gmt":"2025-05-26T00:21:03","slug":"morre-o-advogado-clayton-allan-de-almeida-maciel","status":"publish","type":"post","link":"https:\/\/diariotribuna.com.br\/?p=29948","title":{"rendered":"Morre o advogado Clayton Allan de Almeida Maciel"},"content":{"rendered":"\n<figure class=\"wp-block-image size-full is-resized\"><img loading=\"lazy\" decoding=\"async\" width=\"600\" height=\"667\" src=\"https:\/\/diariotribuna.com.br\/wp-content\/uploads\/2025\/05\/Imagem-do-WhatsApp-de-2025-05-22-as-21.43.45_b3bca6aa.jpg\" alt=\"\" class=\"wp-image-29949\" style=\"width:353px;height:auto\" srcset=\"https:\/\/diariotribuna.com.br\/wp-content\/uploads\/2025\/05\/Imagem-do-WhatsApp-de-2025-05-22-as-21.43.45_b3bca6aa.jpg 600w, https:\/\/diariotribuna.com.br\/wp-content\/uploads\/2025\/05\/Imagem-do-WhatsApp-de-2025-05-22-as-21.43.45_b3bca6aa-270x300.jpg 270w, https:\/\/diariotribuna.com.br\/wp-content\/uploads\/2025\/05\/Imagem-do-WhatsApp-de-2025-05-22-as-21.43.45_b3bca6aa-378x420.jpg 378w\" sizes=\"(max-width: 600px) 100vw, 600px\" \/><\/figure>\n\n\n\n<div style=\"height:5px\" aria-hidden=\"true\" class=\"wp-block-spacer\"><\/div>\n\n\n\n<p>Faleceu na noite desta quinta-feira, 22 de maio, em Teixeira de Freitas\/BA, o Professor e Advogado, Clayton Allan de Almeida Maciel. Desportista, Clayton Allan passou por alguns ve\u00edculos de comunica\u00e7\u00e3o da cidade, como apresentador e comentarista esportivo, foi presidente da Liga de Desportos de Te\u00f3filo Otoni, organizou campeonatos de futebol, participou de competi\u00e7\u00e3o de fanfarras, e tamb\u00e9m foi apresentador de programa jornal\u00edstico.<\/p>\n\n\n\n<p>Ultimamente, ele estava residindo na Bahia e, de acordo com familiares, sofreu um infarto, foi internado em um hospital de Teixeira de Freitas\/BA, mas infelizmente n\u00e3o resistiu e faleceu nesta quinta-feira. Aos familiares e amigos, nossos sentimentos por essa dolorosa perda. (Foto: Divulga\u00e7\u00e3o).<\/p>\n\n\n\n<p><strong>Vel\u00f3rio: Plen\u00e1rio da C\u00e2mara Municipal de Te\u00f3filo Otoni.<\/strong><\/p>\n\n\n\n<p><strong>Sepultamento: Cemit\u00e9rio Vale das Flores, \u00e0s 16h, desta sexta-feira (23)<\/strong><\/p>\n","protected":false},"excerpt":{"rendered":"<p>Faleceu na noite desta quinta-feira, 22 de maio, em Teixeira de Freitas\/BA, o Professor e Advogado, Clayton Allan de Almeida Maciel. Desportista, Clayton Allan passou por alguns ve\u00edculos de comunica\u00e7\u00e3o da cidade, como apresentador e comentarista esportivo, foi presidente da Liga de Desportos de Te\u00f3filo Otoni, organizou campeonatos de futebol, participou de competi\u00e7\u00e3o de fanfarras, [&hellip;]<\/p>\n","protected":false},"author":1,"featured_media":29949,"comment_status":"open","ping_status":"open","sticky":false,"template":"","format":"standard","meta":{"rop_custom_images_group":[],"rop_custom_messages_group":[],"rop_publish_now":"initial","rop_publish_now_accounts":[],"rop_publish_now_history":[],"rop_publish_now_status":"pending","footnotes":""},"categories":[19],"tags":[7171,7173,399,75],"class_list":["post-29948","post","type-post","status-publish","format-standard","has-post-thumbnail","hentry","category-gerais","tag-22-5-2025","tag-clayton-allan","tag-falecimento","tag-teofilo-otoni"],"_links":{"self":[{"href":"https:\/\/diariotribuna.com.br\/index.php?rest_route=\/wp\/v2\/posts\/29948"}],"collection":[{"href":"https:\/\/diariotribuna.com.br\/index.php?rest_route=\/wp\/v2\/posts"}],"about":[{"href":"https:\/\/diariotribuna.com.br\/index.php?rest_route=\/wp\/v2\/types\/post"}],"author":[{"embeddable":true,"href":"https:\/\/diariotribuna.com.br\/index.php?rest_route=\/wp\/v2\/users\/1"}],"replies":[{"embeddable":true,"href":"https:\/\/diariotribuna.com.br\/index.php?rest_route=%2Fwp%2Fv2%2Fcomments&post=29948"}],"version-history":[{"count":5,"href":"https:\/\/diariotribuna.com.br\/index.php?rest_route=\/wp\/v2\/posts\/29948\/revisions"}],"predecessor-version":[{"id":29961,"href":"https:\/\/diariotribuna.com.br\/index.php?rest_route=\/wp\/v2\/posts\/29948\/revisions\/29961"}],"wp:featuredmedia":[{"embeddable":true,"href":"https:\/\/diariotribuna.com.br\/index.php?rest_route=\/wp\/v2\/media\/29949"}],"wp:attachment":[{"href":"https:\/\/diariotribuna.com.br\/index.php?rest_route=%2Fwp%2Fv2%2Fmedia&parent=29948"}],"wp:term":[{"taxonomy":"category","embeddable":true,"href":"https:\/\/diariotribuna.com.br\/index.php?rest_route=%2Fwp%2Fv2%2Fcategories&post=29948"},{"taxonomy":"post_tag","embeddable":true,"href":"https:\/\/diariotribuna.com.br\/index.php?rest_route=%2Fwp%2Fv2%2Ftags&post=29948"}],"curies":[{"name":"wp","href":"https:\/\/api.w.org\/{rel}","templated":true}]}}