{"id":29954,"date":"2025-05-23T12:01:23","date_gmt":"2025-05-23T15:01:23","guid":{"rendered":"https:\/\/diariotribuna.com.br\/?p=29954"},"modified":"2025-05-23T12:01:23","modified_gmt":"2025-05-23T15:01:23","slug":"36-toneladas-de-cabos-irregulares-retirados","status":"publish","type":"post","link":"https:\/\/diariotribuna.com.br\/?p=29954","title":{"rendered":"3,6 toneladas de cabos irregulares retirados\u00a0"},"content":{"rendered":"<p><span>Foto: Divulga\u00e7\u00e3o<\/span><\/p>\n<p><strong><span>COLUNA MG<\/span><\/strong><br \/><span>Principais destaques dos jornais e portais integrantes da rede Sindijori MG <\/span><br \/><span><a href=\"http:\/\/www.sindijorimg.com.br\/\">www.sindijorimg.com.br<\/a><\/span><\/p>\n<p><strong><span>3,6 ton de cabos irregulares retirados<\/span><\/strong><br \/><span>A Cemig est\u00e1 intensificando o combate aos cabos de empresas de telecom instalados irregularmente ou que n\u00e3o possuem contratos de compartilhamento nas estruturas da companhia. Somente nos tr\u00eas primeiros meses deste ano, a empresa j\u00e1 retirou 3,6 toneladas de fios irregulares em seus postes no estado de Minas Gerais, em mais de 28 cidades. Nos quatro primeiros meses de 2025, a Cemig j\u00e1 fez 12.938 mil notifica\u00e7\u00f5es a empresas de telecom para fazer a adequa\u00e7\u00e3o de fia\u00e7\u00f5es em toda a sua \u00e1rea de concess\u00e3o. Esse n\u00famero j\u00e1 \u00e9 22,94% superior a todo o ano passado. (Pouso Alegre em Foco)<\/span><br \/><span><a href=\"https:\/\/pousoalegreemfoco.com.br\/noticia\/2009\/cemig-retira-36-toneladas-cabos-telecom-irregulares\">https:\/\/pousoalegreemfoco.com.br\/noticia\/2009\/cemig-retira-36-toneladas-cabos-telecom-irregulares<\/a><\/span><\/p>\n<p><strong><span>Audi\u00eancia debate duplica\u00e7\u00e3o da BR-356<\/span><\/strong><br \/><span>A C\u00e2mara Municipal de Itabirito promoveu, na quarta-feira, 21, uma audi\u00eancia p\u00fablica aberta a toda popula\u00e7\u00e3o para discutir a duplica\u00e7\u00e3o, a sinaliza\u00e7\u00e3o e outras medidas voltadas \u00e0 seguran\u00e7a da BR-356. A sess\u00e3o contou com a presen\u00e7a de moradores, lideran\u00e7as comunit\u00e1rias, representantes do poder p\u00fablico e de parlamentares estaduais e federais. A audi\u00eancia foi conduzida pela Comiss\u00e3o de Ind\u00fastria, Com\u00e9rcio e Minera\u00e7\u00e3o da Casa Legislativa. (O Liberal)<\/span><br \/><span><a href=\"https:\/\/oliberalinconfidentes.com.br\/itabirito\/audiencia-publica-em-itabirito-debate-duplicacao-e-seguranca-na-br-356\/\">https:\/\/oliberalinconfidentes.com.br\/itabirito\/audiencia-publica-em-itabirito-debate-duplicacao-e-seguranca-na-br-356\/<\/a><\/span><\/p>\n<p><strong><span>Gerdau investe em usina de Divin\u00f3polis<\/span><\/strong><br \/><span>A Gerdau, maior empresa brasileira produtora de a\u00e7o, iniciou a parada na sua usina em Divin\u00f3polis, que ir\u00e1 acontecer durante todo o m\u00eas de maio. A a\u00e7\u00e3o integra o planejamento de manuten\u00e7\u00e3o preventiva da empresa e trar\u00e1 melhorias em equipamentos e processos, com importantes ganhos ambientais, de seguran\u00e7a e efici\u00eancia dos processos de produ\u00e7\u00e3o. Entre as manuten\u00e7\u00f5es previstas est\u00e3o a troca de diversos equipamentos e componentes em todas as \u00e1reas da unidade. (Portal G37 \u2013 Divin\u00f3polis)<\/span><br \/><span><a href=\"https:\/\/g37.com.br\/divinopolis\/gerdau-investe-em-modernizacao-da-usina-de-divinopolis-e-tera-ganhos-em-eficiencia-operacional-e-controles-ambientais\/\">https:\/\/g37.com.br\/divinopolis\/gerdau-investe-em-modernizacao-da-usina-de-divinopolis-e-tera-ganhos-em-eficiencia-operacional-e-controles-ambientais\/<\/a><\/span><\/p>\n<p><strong><span>1\u00ba Encontro da Rede de Mulheres<\/span><\/strong><br \/><span>O 1\u00ba Encontro da Rede de Mulheres Construtoras de Paisagem Regenerativa do Cerrado Mineiro ser\u00e1 realizado em Serra do Salitre no dia 24 de maio de 2025, promovido pelo Cons\u00f3rcio Cerrado das \u00c1guas. O evento reunir\u00e1 mulheres agricultoras e lideran\u00e7as comunit\u00e1rias para discutir os impactos dos riscos clim\u00e1ticos na agricultura e como enfrentar os desafios impostos pelas mudan\u00e7as clim\u00e1ticas. Com o apoio do Fundo de Parceria para Ecossistemas Cr\u00edticos e do Instituto Internacional de Educa\u00e7\u00e3o do Brasil (IEB), o encontro busca fortalecer o protagonismo feminino na constru\u00e7\u00e3o de paisagens sustent\u00e1veis, oferecer informa\u00e7\u00f5es sobre a adapta\u00e7\u00e3o ao clima e promover a regenera\u00e7\u00e3o de comunidades e ecossistemas, com foco na transi\u00e7\u00e3o agroecol\u00f3gica e preserva\u00e7\u00e3o do Cerrado. (Jornal de Patroc\u00ednio)<\/span><br \/><span><a href=\"https:\/\/www.jornaldepatrocinio.com\/1o-encontro-da-rede-de-mulheres-construtoras-de-paisagem-regenerativa-do-cerrado-mineiro-acontece-em-serra-do-salitre\">https:\/\/www.jornaldepatrocinio.com\/1o-encontro-da-rede-de-mulheres-construtoras-de-paisagem-regenerativa-do-cerrado-mineiro-acontece-em-serra-do-salitre<\/a><\/span><\/p>\n<p><strong><span>Alago defende Lago em Bras\u00edlia<\/span><\/strong><br \/><span>Uma agenda intensa e estrat\u00e9gica marcou a participa\u00e7\u00e3o da Alago \u2013 Associa\u00e7\u00e3o dos Munic\u00edpios do Lago de Furnas \u2013 em Bras\u00edlia esta semana. De acordo com o presidente da Alago, prefeito de Capit\u00f3lio, Cristiano Silva, \u201cos eventos foram fundamentais para evidenciar a for\u00e7a da uni\u00e3o entre os prefeitos. \u201cFoi muito importante porque os prefeitos compareceram em massa, mostrando a for\u00e7a da uni\u00e3o e coopera\u00e7\u00e3o em torno da defesa das pautas priorit\u00e1rias do Lago de Furnas\u201d, destacou. (\u00daltimas Not\u00edcias\u00a0 &#8211; Forminga)<\/span><br \/><span><a href=\"https:\/\/ultimasnoticias.inf.br\/noticia\/alago-intensifica-trabalhos-em-brasilia-para-avancar-nas-demandas-do-lago-de-furnas374681\/\">https:\/\/ultimasnoticias.inf.br\/noticia\/alago-intensifica-trabalhos-em-brasilia-para-avancar-nas-demandas-do-lago-de-furnas374681\/<\/a><\/span><\/p>\n<p><strong><span>Ipatinga abre consulta p\u00fablica<\/span><\/strong><br \/><span>O Conselho Municipal de Assist\u00eancia Social de Ipatinga est\u00e1 realizando uma consulta p\u00fablica para colher sugest\u00f5es e contribui\u00e7\u00f5es sobre a Minuta do Regimento Interno da 16\u00aa Confer\u00eancia Municipal de Assist\u00eancia Social. O objetivo \u00e9 aprimorar o regimento que orientar\u00e1 o evento, marcado para os dias 16 e 17 de junho de 2025. A consulta p\u00fablica, aberta at\u00e9 o dia 3 de junho, permite que usu\u00e1rios, trabalhadores, entidades e gestores da Pol\u00edtica de Assist\u00eancia Social, bem como a popula\u00e7\u00e3o em geral, deixem sugest\u00f5es ou tirem d\u00favidas sobre o documento. (Jornal dos Vales \u2013 Ipatinga)<\/span><br \/><span><a href=\"https:\/\/jornaldosvales.com.br\/noticia\/54880\/conselho-de-assistencia-social-de-ipatinga-abre-consulta-publica-sobre-o-regimento-interno-da-16%C2%AA-conferencia--\">https:\/\/jornaldosvales.com.br\/noticia\/54880\/conselho-de-assistencia-social-de-ipatinga-abre-consulta-publica-sobre-o-regimento-interno-da-16%C2%AA-conferencia&#8211;<\/a><\/span><\/p>\n<p><strong><span>Te\u00f3filo Otoni debate loteamentos<\/span><\/strong><br \/><span>A C\u00e2mara Municipal de Te\u00f3filo Otoni realizou, na noite de sexta-feira (19\/5), uma audi\u00eancia p\u00fablica para discutir os impactos provocados por loteamentos iniciados e posteriormente abandonados no munic\u00edpio. O foco principal foram os preju\u00edzos nos acessos aos bairros Jardim Floresta e Buritis. A iniciativa foi do vereador Sargento Monteiro e ocorreu no Plen\u00e1rio da Casa Legislativa, localizado na Pra\u00e7a Tiradentes. (Di\u00e1rio Tribuna \u2013 Te\u00f3filo Otoni)<\/span><br \/><span><a href=\"https:\/\/diariotribuna.com.br\/?p=29941\">https:\/\/diariotribuna.com.br\/?p=29941<\/a><\/span><\/p>\n<p><span><\/span><\/p>\n<p>\u00a0<\/p>","protected":false},"excerpt":{"rendered":"<p>Foto: Divulga\u00e7\u00e3o COLUNA MGPrincipais destaques dos jornais e portais integrantes da rede Sindijori MG www.sindijorimg.com.br 3,6 ton de cabos irregulares retiradosA Cemig est\u00e1 intensificando o combate aos cabos de empresas de telecom instalados irregularmente ou que n\u00e3o possuem contratos de compartilhamento nas estruturas da companhia. Somente nos tr\u00eas primeiros meses deste ano, a empresa j\u00e1 [&hellip;]<\/p>\n","protected":false},"author":0,"featured_media":29955,"comment_status":"open","ping_status":"open","sticky":false,"template":"","format":"standard","meta":{"rop_custom_images_group":[],"rop_custom_messages_group":[],"rop_publish_now":"initial","rop_publish_now_accounts":[],"rop_publish_now_history":[],"rop_publish_now_status":"pending","footnotes":""},"categories":[6745],"tags":[],"class_list":["post-29954","post","type-post","status-publish","format-standard","has-post-thumbnail","hentry","category-coluna-sindijori"],"_links":{"self":[{"href":"https:\/\/diariotribuna.com.br\/index.php?rest_route=\/wp\/v2\/posts\/29954"}],"collection":[{"href":"https:\/\/diariotribuna.com.br\/index.php?rest_route=\/wp\/v2\/posts"}],"about":[{"href":"https:\/\/diariotribuna.com.br\/index.php?rest_route=\/wp\/v2\/types\/post"}],"replies":[{"embeddable":true,"href":"https:\/\/diariotribuna.com.br\/index.php?rest_route=%2Fwp%2Fv2%2Fcomments&post=29954"}],"version-history":[{"count":0,"href":"https:\/\/diariotribuna.com.br\/index.php?rest_route=\/wp\/v2\/posts\/29954\/revisions"}],"wp:featuredmedia":[{"embeddable":true,"href":"https:\/\/diariotribuna.com.br\/index.php?rest_route=\/wp\/v2\/media\/29955"}],"wp:attachment":[{"href":"https:\/\/diariotribuna.com.br\/index.php?rest_route=%2Fwp%2Fv2%2Fmedia&parent=29954"}],"wp:term":[{"taxonomy":"category","embeddable":true,"href":"https:\/\/diariotribuna.com.br\/index.php?rest_route=%2Fwp%2Fv2%2Fcategories&post=29954"},{"taxonomy":"post_tag","embeddable":true,"href":"https:\/\/diariotribuna.com.br\/index.php?rest_route=%2Fwp%2Fv2%2Ftags&post=29954"}],"curies":[{"name":"wp","href":"https:\/\/api.w.org\/{rel}","templated":true}]}}