{"id":29962,"date":"2025-05-23T16:01:09","date_gmt":"2025-05-23T19:01:09","guid":{"rendered":"https:\/\/diariotribuna.com.br\/?p=29962"},"modified":"2025-05-25T21:15:34","modified_gmt":"2025-05-26T00:15:34","slug":"grupo-de-teatro-maria-cutia-bh-apresenta-espetaculo-mundos-em-teofilo-ottoni","status":"publish","type":"post","link":"https:\/\/diariotribuna.com.br\/?p=29962","title":{"rendered":"Grupo de Teatro Maria Cutia (BH) apresenta espet\u00e1culo \u201cMundos\u201d em Te\u00f3filo Ottoni"},"content":{"rendered":"\n<p><strong><em><em>Com patroc\u00ednio da Cemig, a companhia leva seu mais novo trabalho a oito cidades do interior de Minas Gerais, com apresenta\u00e7\u00f5es e oficinas gratuitas. Dirigida por Eug\u00eanio Tadeu, a pe\u00e7a \u00e9 um convite \u00e0 imagina\u00e7\u00e3o e envolve o p\u00fablico em uma viagem por can\u00e7\u00f5es da inf\u00e2ncia dos cinco continentes<\/em><\/em><\/strong><\/p>\n\n\n\n<figure class=\"wp-block-image size-full is-resized\"><img loading=\"lazy\" decoding=\"async\" width=\"700\" height=\"425\" src=\"https:\/\/diariotribuna.com.br\/wp-content\/uploads\/2025\/05\/IMG_6808.JPEG.jpg\" alt=\"\" class=\"wp-image-29963\" style=\"width:517px;height:auto\" srcset=\"https:\/\/diariotribuna.com.br\/wp-content\/uploads\/2025\/05\/IMG_6808.JPEG.jpg 700w, https:\/\/diariotribuna.com.br\/wp-content\/uploads\/2025\/05\/IMG_6808.JPEG-300x182.jpg 300w, https:\/\/diariotribuna.com.br\/wp-content\/uploads\/2025\/05\/IMG_6808.JPEG-696x423.jpg 696w, https:\/\/diariotribuna.com.br\/wp-content\/uploads\/2025\/05\/IMG_6808.JPEG-692x420.jpg 692w\" sizes=\"(max-width: 700px) 100vw, 700px\" \/><\/figure>\n\n\n\n<p>Em maio, o Grupo Maria Cutia, de Belo Horizonte, circula por oito cidades do interior de Minas com apresenta\u00e7\u00f5es de espet\u00e1culos e oficinas gratuitas. A pr\u00f3xima parada \u00e9 Te\u00f3filo Ottoni (MG) que vai receber no dia 24 de maio, s\u00e1bado, das 18h \u00e0s 20h, uma oficina brincante para estudantes de arte, educadores e interessados em geral, no Instituto Cultural In-cena.<\/p>\n\n\n\n<p>E, no dia <strong>25 de maio, domingo, a pe\u00e7a \u201cMundos\u201d<\/strong>, que prop\u00f5e um passeio sonoro pela inf\u00e2ncia do Brasil, Col\u00f4mbia, Tonga, Fran\u00e7a, Benin e Holanda, ser\u00e1 apresentada \u00e0s 10h, na Pra\u00e7a Tiradentes. Mais informa\u00e7\u00f5es: @grupomariacutiadeteatro. <strong>Este projeto \u00e9 patrocinado pela Cemig, por meio da Lei Estadual de Incentivo \u00e0 Cultura de Minas Gerais, com a realiza\u00e7\u00e3o do Governo de Minas Gerais &#8211; Governo Diferente Estado Eficiente.<\/strong><\/p>\n\n\n\n<p>O Grupo de Teatro Maria Cutia nasce, em 2006, se apresentando nas ruas de diversas partes do Brasil e do mundo. Formada <strong>pelos atores-cantores-palha\u00e7os-m\u00fasicos Mariana Arruda, Leonardo Rocha e Hugo da Silva e a produtora e gestora Luisa Monteiro<\/strong>, ao longo de 19 anos, a trupe fez passagem por seis pa\u00edses, 24 estados do pa\u00eds e mais de 200 cidades brasileiras.<\/p>\n\n\n\n<p>\u201cCada vez mais, em suas andan\u00e7as pelo Brasil, o Maria Cutia tem se apresentado nas salas de teatro. Fazer teatro de rua, ocupar o espa\u00e7o p\u00fablico hoje, exige uma s\u00e9rie de burocracias ao artista. Mas, toda vez que a gente tem a chance de sonhar uma nova turn\u00ea, surge a rua como o melhor palco desse sonho. Na rua, o teatro encontra a poesia de cada cidade. A mistura de idades, credos, classes do p\u00fablico\u201d, comenta Mariana.<\/p>\n\n\n\n<p>Em 2024, o Grupo Maria Cutia levou o espet\u00e1culo \u201cMundos\u201d pelo projeto Palco Girat\u00f3rio do Sesc por quase 30 cidades de 13 estados do pa\u00eds. No projeto de circula\u00e7\u00e3o do Maria Cutia com espet\u00e1culo e oficinas, o grupo j\u00e1 passou por Montes Claros, S\u00e3o Francisco, Salinas, Almenara, Ara\u00e7ua\u00ed, Virgem da Lapa, Minas Novas, encerra agora em<strong> Te\u00f3filo Otoni (24 e 25.05).<\/strong><\/p>\n\n\n\n<figure class=\"wp-block-gallery has-nested-images columns-default is-cropped wp-block-gallery-1 is-layout-flex wp-block-gallery-is-layout-flex\">\n<figure class=\"wp-block-image size-large\"><img loading=\"lazy\" decoding=\"async\" width=\"700\" height=\"934\" data-id=\"29965\" src=\"https:\/\/diariotribuna.com.br\/wp-content\/uploads\/2025\/05\/IMG_6810.JPEG.jpg\" alt=\"\" class=\"wp-image-29965\" srcset=\"https:\/\/diariotribuna.com.br\/wp-content\/uploads\/2025\/05\/IMG_6810.JPEG.jpg 700w, https:\/\/diariotribuna.com.br\/wp-content\/uploads\/2025\/05\/IMG_6810.JPEG-225x300.jpg 225w, https:\/\/diariotribuna.com.br\/wp-content\/uploads\/2025\/05\/IMG_6810.JPEG-696x929.jpg 696w, https:\/\/diariotribuna.com.br\/wp-content\/uploads\/2025\/05\/IMG_6810.JPEG-315x420.jpg 315w\" sizes=\"(max-width: 700px) 100vw, 700px\" \/><\/figure>\n\n\n\n<figure class=\"wp-block-image size-large\"><img loading=\"lazy\" decoding=\"async\" width=\"700\" height=\"413\" data-id=\"29966\" src=\"https:\/\/diariotribuna.com.br\/wp-content\/uploads\/2025\/05\/IMG_6809.JPEG.jpg\" alt=\"\" class=\"wp-image-29966\" srcset=\"https:\/\/diariotribuna.com.br\/wp-content\/uploads\/2025\/05\/IMG_6809.JPEG.jpg 700w, https:\/\/diariotribuna.com.br\/wp-content\/uploads\/2025\/05\/IMG_6809.JPEG-300x177.jpg 300w, https:\/\/diariotribuna.com.br\/wp-content\/uploads\/2025\/05\/IMG_6809.JPEG-696x411.jpg 696w\" sizes=\"(max-width: 700px) 100vw, 700px\" \/><\/figure>\n<\/figure>\n\n\n\n<p><strong><u>Sobre o espet\u00e1culo<\/u><\/strong> &#8211; Em \u201cMundos\u201d, brinquedos e objetos s\u00e3o ressignificados, assumindo fun\u00e7\u00f5es diversas. Tangram, tecidos, traca traca (escadinha de Jac\u00f3), pratos, copos e talheres viram brincadeira nas m\u00e3os dos atores. \u201c\u00c9 um espet\u00e1culo com linguagem bastante sonora e pl\u00e1stica. Queremos provocar imagens, sensa\u00e7\u00f5es no p\u00fablico. A transforma\u00e7\u00e3o dos elementos c\u00eanicos exige uma execu\u00e7\u00e3o c\u00eanica precisa dos atores. Os movimentos dos corpos, a manipula\u00e7\u00e3o de objetos, a plasticidade combinadas \u00e0s can\u00e7\u00f5es, trazem elementos que n\u00e3o s\u00e3o ilustrativos, mas que se contrap\u00f5em. O resultado \u00e9 um espet\u00e1culo on\u00edrico e que pode tocar a imagina\u00e7\u00e3o, explica o <strong>diretor Eug\u00eanio Tadeu<\/strong>.<\/p>\n\n\n\n<p>Refer\u00eancia na pesquisa de jogos e brincadeiras, o artista brincante Eug\u00eanio Tadeu (\u2018Duo Rodopi\u00e3o\u2019 e \u2018Serelepe\u2019) possui um trabalho de cataloga\u00e7\u00e3o de can\u00e7\u00f5es da inf\u00e2ncia de diferentes pa\u00edses, sobretudo da Am\u00e9rica Latina. Em encontros com os atores, a ideia foi expandir o repert\u00f3rio: <strong>\u201cLe Berceuse Du Mono\u201d (Benin), \u201cAna Latu\u201d (Tonga &#8211; Oceania), \u201cBerend Botje\u201d (Holanda), \u201cInel\u00ea\u201d (Indon\u00e9sia), \u201cHiraita\u201d (Jap\u00e3o), \u201cLe Petit Ver de Terre\u201d (Fran\u00e7a), \u201cCocorob\u00e9\u201d (Col\u00f4mbia) e \u201cCanto do Mundo\u201d (Brasil)<\/strong>. A exce\u00e7\u00e3o da \u00faltima m\u00fasica que \u00e9 uma composi\u00e7\u00e3o dos atores com o diretor, todas as outras s\u00e3o dom\u00ednio p\u00fablico e do folclore de cada pa\u00eds.<\/p>\n\n\n\n<p>\u201c\u00c9 algo novo o Maria Cutia cantando em outras l\u00ednguas. Por mais que tente falar muito bem a pron\u00fancia dos fonemas, acaba sendo incorporado ao nosso timbre e \u00e0 nossa forma de falar, criando quase uma outra l\u00edngua\u201d, revela a atriz Mariana Arruda. Para Leonardo Rocha, \u201cMundos\u201d \u00e9<strong> um espet\u00e1culo universal<\/strong>. \u201cPode ser apresentado no Brasil ou na China que todos v\u00e3o entender\u201d, afirma.<\/p>\n\n\n\n<p><strong>No palco, os atores D\u00ea Jota, Leonardo Rocha, Mariana Arruda e Hugo da Silva<\/strong> est\u00e3o acompanhados de<strong> Vitim Nascimento e Evandro Heringer <\/strong>que executam os arranjos originais criados por <strong>Tinho Menezes e Felipe Fleury <\/strong>para trilha do espet\u00e1culo. Al\u00e9m de diversos objetos, os atores tamb\u00e9m manipulam uma grande caixa circular que funciona como cen\u00e1rio.<\/p>\n\n\n\n<p>\u201cA caixa foi pensada inicialmente para ser uma esp\u00e9cie de epicentro da cena, e a partir dela, nasceria toda a movimenta\u00e7\u00e3o dos atores, os objetos, como se norteasse o percurso do espet\u00e1culo, como uma b\u00fassola. Durante o processo, chegamos \u00e0 representa\u00e7\u00e3o do mundo, algo como a imagem da Pangeia, os continentes juntos\u201d, diz o ator Leonardo Rocha que assina a <strong>concep\u00e7\u00e3o do cen\u00e1rio.<\/strong> \u00c0 medida que os atores a movimentam em cena, s\u00e3o revelados, na estrutura de madeira, desenhos e s\u00edmbolos pintados \u00e0 m\u00e3o pelo artista pernambucano Rai Bento. \u201cUm mapa meio m\u00edstico, on\u00edrico, que mistura seres marinhos, caravelas, fases da lua, sol, navios, sereias, um mapa bem brincante\u201d, conta Mariana Arruda.<\/p>\n\n\n\n<p>Em \u201cMundos\u201d, <strong>Rai Bento assina as pinturas e tamb\u00e9m a dire\u00e7\u00e3o de arte cenografia e adere\u00e7os<\/strong>. O<strong> desenho de luz,<\/strong> proposto por <strong>Richard Zaira e Pedro Paulino,<\/strong> contribui com a visualidade e a atmosfera on\u00edrica do espet\u00e1culo. Os <strong>figurinos, criados pelo parceiro Luiz Dias<\/strong>, re\u00fanem em si recortes de pe\u00e7as t\u00edpicas de v\u00e1rias partes do mundo. Parceria que vem de 2011, no espet\u00e1culo \u201cComo a gente Gosta\u201d, a cantora e professora Babaya assume a <strong>dire\u00e7\u00e3o e prepara\u00e7\u00e3o vocal<\/strong> de mais um trabalho da trupe. Outra parceria desta montagem \u00e9 com a bailarina <strong>Eliatrice Gischewski<\/strong>, que assina o desenho de cena de uma das can\u00e7\u00f5es.<\/p>\n\n\n\n<p><strong><u>Sobre a \u201cOficina Brincante com Grupo Maria Cutia\u201d<a><\/a> &#8211; <\/u><\/strong>Voltada para educadores, brincantes, artistas e interessados em geral, a \u201cOficina Brincante com Grupo Maria Cutia\u201d traz conte\u00fado brincante e l\u00fadico e prop\u00f5e uma viv\u00eancia cantante com um repert\u00f3rio de cantigas de roda, can\u00e7\u00f5es de cortejo, brinquedos cantados e hist\u00f3rias musicadas que foram colhidas ao longo das peregrina\u00e7\u00f5es do grupo pela Amaz\u00f4nia, no Nordeste, no Vale do Jequitinhonha, no Norte de Minas e em pa\u00edses da \u00c1frica de L\u00edngua Portuguesa. \u201cAs hist\u00f3rias ser\u00e3o conduzidas com pitadas de t\u00e9cnicas de express\u00e3o vocal e corporal, de improvisa\u00e7\u00e3o e do princ\u00edpio da m\u00fasica-em-cena\u201d, explica a coordenadora de produ\u00e7\u00e3o da companhia, Luisa Monteiro. A oficina j\u00e1 foi ministrada pelo Maria Cutia em escolas da rede particular e p\u00fablica de Belo Horizonte, em festivais e turn\u00eas da companhia por dezenas de cidades brasileiras e nos pa\u00edses africanos de L\u00edngua Portuguesa. A dura\u00e7\u00e3o \u00e9 de duas horas. As inscri\u00e7\u00f5es s\u00e3o gratuitas e ser\u00e3o realizadas por formul\u00e1rio: . <strong>As cidades que recebem a oficina s\u00e3o: Montes Claros, Almenara e Te\u00f3filo Otoni.<\/strong><\/p>\n\n\n\n<p><strong><u>Grupo Maria Cutia de Teatro &#8211; <\/u><\/strong>Companhia de teatro nasceu em Belo Horizonte, em 2006, e desde ent\u00e3o busca espalhar teatro por pra\u00e7as e palcos, capitais e sert\u00f5es, movido pela cumplicidade com o p\u00fablico e por uma po\u00e9tica popular, l\u00fadica e musical. Tem como principais linhas de investiga\u00e7\u00e3o c\u00eanica o di\u00e1logo entre m\u00fasica e teatro, a linguagem do palha\u00e7o, da m\u00e1scara expressiva e das tradi\u00e7\u00f5es brincantes brasileiras. Os espet\u00e1culos do grupo s\u00e3o marcados pela trilha sonora executada ao vivo em cena e por um forte e sincero di\u00e1logo com o p\u00fablico. O Grupo Maria Cutia j\u00e1 se apresentou em 6 pa\u00edses, 23 estados nacionais e mais de 200 cidades brasileiras, para um p\u00fablico de mais de 700 mil espectadores, em 19 anos de hist\u00f3ria. Em 2011 o Grupo Maria Cutia inaugurou sua sede, a Toca da Cutia, em Belo Horizonte. Nesse espa\u00e7o, al\u00e9m de escrit\u00f3rio de produ\u00e7\u00e3o e local de ensaios art\u00edsticos, a companhia realizou oficinas brincantes, cursos e treinamentos de Palha\u00e7aria. Desde 2011, promove a temporada de cursos de ver\u00e3o, com oficinas intensivas de curta dura\u00e7\u00e3o e, desde 2018, o Maria Cutia desenvolve o CURSA\u00c7O (curso de palha\u00e7aria anual). Em 2023, fizeram o Palha\u00e7at\u00f3rio &#8211; Laborat\u00f3rio de Palha\u00e7aria do Maria Cutia que aconteceu em BH, Sete Lagoas e Itabirito.<\/p>\n\n\n\n<p><strong>MAIS INFORMA\u00c7\u00d5ES: <\/strong>Rizoma Comunica\u00e7\u00e3o e Arte\/ Beatriz Fran\u00e7a, assessora de imprensa\/ <strong>(<\/strong>31) 9 9733 3127\/ <a href=\"mailto:beatrizfranca@rizomacomunica.com.br\">beatrizfranca@rizomacomunica.com.br<\/a>).<\/p>\n","protected":false},"excerpt":{"rendered":"<p>Com patroc\u00ednio da Cemig, a companhia leva seu mais novo trabalho a oito cidades do interior de Minas Gerais, com apresenta\u00e7\u00f5es e oficinas gratuitas. Dirigida por Eug\u00eanio Tadeu, a pe\u00e7a \u00e9 um convite \u00e0 imagina\u00e7\u00e3o e envolve o p\u00fablico em uma viagem por can\u00e7\u00f5es da inf\u00e2ncia dos cinco continentes Em maio, o Grupo Maria Cutia, [&hellip;]<\/p>\n","protected":false},"author":1,"featured_media":29963,"comment_status":"open","ping_status":"open","sticky":false,"template":"","format":"standard","meta":{"rop_custom_images_group":[],"rop_custom_messages_group":[],"rop_publish_now":"initial","rop_publish_now_accounts":[],"rop_publish_now_history":[],"rop_publish_now_status":"pending","footnotes":""},"categories":[19],"tags":[732,7175,7176,2857,75],"class_list":["post-29962","post","type-post","status-publish","format-standard","has-post-thumbnail","hentry","category-gerais","tag-bh","tag-maria-cutia","tag-mundos","tag-teatro","tag-teofilo-otoni"],"_links":{"self":[{"href":"https:\/\/diariotribuna.com.br\/index.php?rest_route=\/wp\/v2\/posts\/29962"}],"collection":[{"href":"https:\/\/diariotribuna.com.br\/index.php?rest_route=\/wp\/v2\/posts"}],"about":[{"href":"https:\/\/diariotribuna.com.br\/index.php?rest_route=\/wp\/v2\/types\/post"}],"author":[{"embeddable":true,"href":"https:\/\/diariotribuna.com.br\/index.php?rest_route=\/wp\/v2\/users\/1"}],"replies":[{"embeddable":true,"href":"https:\/\/diariotribuna.com.br\/index.php?rest_route=%2Fwp%2Fv2%2Fcomments&post=29962"}],"version-history":[{"count":3,"href":"https:\/\/diariotribuna.com.br\/index.php?rest_route=\/wp\/v2\/posts\/29962\/revisions"}],"predecessor-version":[{"id":29969,"href":"https:\/\/diariotribuna.com.br\/index.php?rest_route=\/wp\/v2\/posts\/29962\/revisions\/29969"}],"wp:featuredmedia":[{"embeddable":true,"href":"https:\/\/diariotribuna.com.br\/index.php?rest_route=\/wp\/v2\/media\/29963"}],"wp:attachment":[{"href":"https:\/\/diariotribuna.com.br\/index.php?rest_route=%2Fwp%2Fv2%2Fmedia&parent=29962"}],"wp:term":[{"taxonomy":"category","embeddable":true,"href":"https:\/\/diariotribuna.com.br\/index.php?rest_route=%2Fwp%2Fv2%2Fcategories&post=29962"},{"taxonomy":"post_tag","embeddable":true,"href":"https:\/\/diariotribuna.com.br\/index.php?rest_route=%2Fwp%2Fv2%2Ftags&post=29962"}],"curies":[{"name":"wp","href":"https:\/\/api.w.org\/{rel}","templated":true}]}}