{"id":29972,"date":"2025-05-24T10:19:41","date_gmt":"2025-05-24T13:19:41","guid":{"rendered":"https:\/\/diariotribuna.com.br\/?p=29972"},"modified":"2025-05-24T23:58:30","modified_gmt":"2025-05-25T02:58:30","slug":"policia-civil-de-teofilo-otoni-recupera-iphone-furtado-em-belo-horizonte","status":"publish","type":"post","link":"https:\/\/diariotribuna.com.br\/?p=29972","title":{"rendered":"Pol\u00edcia Civil de Te\u00f3filo Otoni recupera Iphone furtado em Belo Horizonte"},"content":{"rendered":"\n<figure class=\"wp-block-image size-full is-resized\"><img loading=\"lazy\" decoding=\"async\" width=\"700\" height=\"786\" src=\"https:\/\/diariotribuna.com.br\/wp-content\/uploads\/2025\/05\/Imagem-do-WhatsApp-de-2025-05-23-as-09.23.42_648142fd.jpg\" alt=\"\" class=\"wp-image-29973\" style=\"width:270px;height:auto\" srcset=\"https:\/\/diariotribuna.com.br\/wp-content\/uploads\/2025\/05\/Imagem-do-WhatsApp-de-2025-05-23-as-09.23.42_648142fd.jpg 700w, https:\/\/diariotribuna.com.br\/wp-content\/uploads\/2025\/05\/Imagem-do-WhatsApp-de-2025-05-23-as-09.23.42_648142fd-267x300.jpg 267w, https:\/\/diariotribuna.com.br\/wp-content\/uploads\/2025\/05\/Imagem-do-WhatsApp-de-2025-05-23-as-09.23.42_648142fd-696x782.jpg 696w, https:\/\/diariotribuna.com.br\/wp-content\/uploads\/2025\/05\/Imagem-do-WhatsApp-de-2025-05-23-as-09.23.42_648142fd-374x420.jpg 374w\" sizes=\"(max-width: 700px) 100vw, 700px\" \/><\/figure>\n\n\n\n<p>A Pol\u00edcia Civil de Minas Gerais, por meio da Delegacia Especializada em Repress\u00e3o a Furtos e Roubos de Te\u00f3filo Otoni, fez dilig\u00eancias e conseguiu recuperar mais um aparelho celular Iphone modelo 13, que foi furtado em Belo Horizonte. Na semana passada j\u00e1 havia sido recuperado um modelo 16 roubado, tamb\u00e9m em Belo Horizonte.<\/p>\n\n\n\n<p>Os policiais civis mais uma vez foram acionados a cooperar com a Delegacia Especializada em Repress\u00e3o a Furtos e Roubos da capital mineira para localizar o Iphone modelo 13, que estaria sendo utilizado na regi\u00e3o de Te\u00f3filo Otoni. Ap\u00f3s o rastreamento feito pelos policiais o aparelho foi localizado em poder de terceiro, j\u00e1 habilitado e em pleno uso. O celular foi apreendido e ser\u00e1 restitu\u00eddo ao leg\u00edtimo dono.<\/p>\n\n\n\n<p>O delegado Eduardo Gil destaca que o crime de furto e seus envolvidos seguem sendo investigados pela Delegacia Especializada de Belo Horizonte, e os envolvidos no crime de recepta\u00e7\u00e3o permanecem sob investiga\u00e7\u00e3o policial pela Especializada em Repress\u00e3o a Furtos e Roubos de Te\u00f3filo Otoni. Equipe PCMG Te\u00f3filo Otoni: Delegado Eduardo Gil. Investigadores Anderson Schultz, Cl\u00e1udio Borges, Erick Mateus e Igor Ganem. Escriv\u00e3es: Anselmo e Lucas. (Informa\u00e7\u00f5es\/Foto: PCMG\/ Dr. Eduardo Gil).<\/p>\n","protected":false},"excerpt":{"rendered":"<p>A Pol\u00edcia Civil de Minas Gerais, por meio da Delegacia Especializada em Repress\u00e3o a Furtos e Roubos de Te\u00f3filo Otoni, fez dilig\u00eancias e conseguiu recuperar mais um aparelho celular Iphone modelo 13, que foi furtado em Belo Horizonte. Na semana passada j\u00e1 havia sido recuperado um modelo 16 roubado, tamb\u00e9m em Belo Horizonte. Os policiais [&hellip;]<\/p>\n","protected":false},"author":1,"featured_media":29973,"comment_status":"open","ping_status":"open","sticky":false,"template":"","format":"standard","meta":{"rop_custom_images_group":[],"rop_custom_messages_group":[],"rop_publish_now":"initial","rop_publish_now_accounts":[],"rop_publish_now_history":[],"rop_publish_now_status":"pending","footnotes":""},"categories":[25,20],"tags":[],"class_list":["post-29972","post","type-post","status-publish","format-standard","has-post-thumbnail","hentry","category-destaque","category-policia"],"_links":{"self":[{"href":"https:\/\/diariotribuna.com.br\/index.php?rest_route=\/wp\/v2\/posts\/29972"}],"collection":[{"href":"https:\/\/diariotribuna.com.br\/index.php?rest_route=\/wp\/v2\/posts"}],"about":[{"href":"https:\/\/diariotribuna.com.br\/index.php?rest_route=\/wp\/v2\/types\/post"}],"author":[{"embeddable":true,"href":"https:\/\/diariotribuna.com.br\/index.php?rest_route=\/wp\/v2\/users\/1"}],"replies":[{"embeddable":true,"href":"https:\/\/diariotribuna.com.br\/index.php?rest_route=%2Fwp%2Fv2%2Fcomments&post=29972"}],"version-history":[{"count":2,"href":"https:\/\/diariotribuna.com.br\/index.php?rest_route=\/wp\/v2\/posts\/29972\/revisions"}],"predecessor-version":[{"id":29982,"href":"https:\/\/diariotribuna.com.br\/index.php?rest_route=\/wp\/v2\/posts\/29972\/revisions\/29982"}],"wp:featuredmedia":[{"embeddable":true,"href":"https:\/\/diariotribuna.com.br\/index.php?rest_route=\/wp\/v2\/media\/29973"}],"wp:attachment":[{"href":"https:\/\/diariotribuna.com.br\/index.php?rest_route=%2Fwp%2Fv2%2Fmedia&parent=29972"}],"wp:term":[{"taxonomy":"category","embeddable":true,"href":"https:\/\/diariotribuna.com.br\/index.php?rest_route=%2Fwp%2Fv2%2Fcategories&post=29972"},{"taxonomy":"post_tag","embeddable":true,"href":"https:\/\/diariotribuna.com.br\/index.php?rest_route=%2Fwp%2Fv2%2Ftags&post=29972"}],"curies":[{"name":"wp","href":"https:\/\/api.w.org\/{rel}","templated":true}]}}