{"id":29975,"date":"2025-05-24T11:50:21","date_gmt":"2025-05-24T14:50:21","guid":{"rendered":"https:\/\/diariotribuna.com.br\/?p=29975"},"modified":"2025-05-24T11:50:21","modified_gmt":"2025-05-24T14:50:21","slug":"resort-inaugurado-em-ouro-preto","status":"publish","type":"post","link":"https:\/\/diariotribuna.com.br\/?p=29975","title":{"rendered":"Resort inaugurado em Ouro Preto\u00a0"},"content":{"rendered":"<p><!-- [if gte mso 9]&gt;--><\/p>\n<p><!-- [if gte mso 9]&gt;--><\/p>\n<p>  Normal<br \/>\n  0<\/p>\n<p>  21<\/p>\n<p>  false<br \/>\n  false<br \/>\n  false<\/p>\n<p>  PT-BR<br \/>\n  X-NONE<br \/>\n  X-NONE<\/p>\n<p><!-- [if gte mso 9]&gt;--><\/p>\n<p><!-- [if gte mso 10]&gt;--><\/p>\n<p> \/* Style Definitions *\/<br \/>\n table.MsoNormalTable<br \/>\n\t{mso-style-name:&#8221;Tabela normal&#8221;;<br \/>\n\tmso-tstyle-rowband-size:0;<br \/>\n\tmso-tstyle-colband-size:0;<br \/>\n\tmso-style-noshow:yes;<br \/>\n\tmso-style-priority:99;<br \/>\n\tmso-style-parent:&#8221;&#8221;;<br \/>\n\tmso-padding-alt:0cm 5.4pt 0cm 5.4pt;<br \/>\n\tmso-para-margin-top:0cm;<br \/>\n\tmso-para-margin-right:0cm;<br \/>\n\tmso-para-margin-bottom:8.0pt;<br \/>\n\tmso-para-margin-left:0cm;<br \/>\n\tline-height:107%;<br \/>\n\tmso-pagination:widow-orphan;<br \/>\n\tfont-size:11.0pt;<br \/>\n\tfont-family:&#8221;Aptos&#8221;,sans-serif;<br \/>\n\tmso-ascii-font-family:Aptos;<br \/>\n\tmso-ascii-theme-font:minor-latin;<br \/>\n\tmso-hansi-font-family:Aptos;<br \/>\n\tmso-hansi-theme-font:minor-latin;<br \/>\n\tmso-font-kerning:1.0pt;<br \/>\n\tmso-ligatures:standardcontextual;<br \/>\n\tmso-fareast-language:EN-US;}<\/p>\n<p class=\"MsoNoSpacing\"><em><span>Foto: Neno Vianna \/ Reprodu\u00e7\u00e3o<\/span><\/em><\/p>\n<p class=\"MsoNoSpacing\"><span>\u00a0<\/span><\/p>\n<p class=\"MsoNoSpacing\"><span>\u00a0<\/span><\/p>\n<p class=\"MsoNoSpacing\"><strong><span>COLUNA MG<\/span><\/strong><\/p>\n<p class=\"MsoNoSpacing\"><span>Principais destaques dos jornais e portais integrantes da rede Sindijori MG <\/span><\/p>\n<p class=\"MsoNoSpacing\"><span><a href=\"http:\/\/www.sindijorimg.com.br\/\">www.sindijorimg.com.br<\/a><\/span><\/p>\n<p class=\"MsoNormal\"><span>\u00a0<\/span><\/p>\n<p class=\"MsoNormal\"><span>\u00a0<\/span><\/p>\n<p class=\"MsoNormal\"><strong><span>Resort inaugurado em Ouro Preto<\/span><\/strong><\/p>\n<p class=\"MsoNormal\"><span>Primeira bandeira internacional a se instalar em Minas Gerais nos \u00faltimos 30 anos, o Vila Gal\u00e9 Collection foi inaugurado em Ouro Preto, neste s\u00e1bado (24). Localizado em Cachoeira do Campo, foram investidos R$ 120 milh\u00f5es na restaura\u00e7\u00e3o do pr\u00e9dio hist\u00f3rico, constru\u00e7\u00e3o de novos setores e adequa\u00e7\u00e3o de espa\u00e7os. Al\u00e9m disso, o resort gerou mais de 150 empregos diretos e cerca de 600 empregos indiretos na regi\u00e3o. A Prefeitura Municipal atuou ativamente para a instala\u00e7\u00e3o do hotel na cidade. O resort, que ter\u00e1 311 quartos dispon\u00edveis para os h\u00f3spedes, promete movimentar o turismo na cidade Patrim\u00f4nio da Humanidade. (O Liberal \u2013 Ouro Preto)<\/span><\/p>\n<p class=\"MsoNormal\"><span><a href=\"https:\/\/oliberalinconfidentes.com.br\/ouro-preto\/com-impacto-positivo-na-economia-de-ouro-preto-vila-gale-e-inaugurado-no-sabado\/\">https:\/\/oliberalinconfidentes.com.br\/ouro-preto\/com-impacto-positivo-na-economia-de-ouro-preto-vila-gale-e-inaugurado-no-sabado\/<\/a><\/span><\/p>\n<p class=\"MsoNormal\"><span><\/span><\/p>\n<p class=\"MsoNormal\"><span>\u00a0<\/span><\/p>\n<p class=\"MsoNormal\"><strong><span>Encontro de Mulher do Campo em Patos<\/span><\/strong><\/p>\n<p class=\"MsoNormal\"><span>A 45\u00aa edi\u00e7\u00e3o do Encontro Regional da Mulher do Campo ocorrer\u00e1 nas depend\u00eancias do Centro de Conven\u00e7\u00f5es do Unipam em Patos de Minas, neste domingo, 25, com uma rica programa\u00e7\u00e3o art\u00edstica e cultural e uma grade de muitas atra\u00e7\u00f5es. O Encontro ser\u00e1 realizado em meio \u00e0s festividades da Fenamilho 2025. O encontro \u00e9 promovido pela Emater-MG, em parceria com a Prefeitura Municipal de Patos de Minas e o Sindicato dos Produtores Rurais, com apoio do Centro Universit\u00e1rio de Patos de Minas, Cemil, Sicoob Credicoopa e Contagro. (Folha Patense)<\/span><\/p>\n<p class=\"MsoNormal\"><span><a href=\"https:\/\/www.folhapatense.com.br\/encontro-da-mulher-do-campo-acontecera-em-25-de-maio-no-centro-de-convencoes-do-unipam\">https:\/\/www.folhapatense.com.br\/encontro-da-mulher-do-campo-acontecera-em-25-de-maio-no-centro-de-convencoes-do-unipam<\/a><\/span><\/p>\n<p class=\"MsoNormal\"><span>\u00a0<\/span><\/p>\n<p class=\"MsoNormal\"><strong><span>Hospital orientado sobre aborto<\/span><\/strong><\/p>\n<p class=\"MsoNormal\"><span>Na tentativa de garantir plena assist\u00eancia de sa\u00fade \u00e0s v\u00edtimas de viol\u00eancia sexual que procuram o Hospital Regional Jo\u00e3o Penido, em Juiz de Fora, para realizar o procedimento de aborto legal, o Minist\u00e9rio P\u00fablico de Minas Gerais (MPMG) expediu, na quinta-feira (22), uma Recomenda\u00e7\u00e3o \u00e0 unidade hospitalar. O texto pede para que sejam mantidos no servi\u00e7o de aborto legal da unidade apenas m\u00e9dicos sem obje\u00e7\u00e3o de consci\u00eancia \u2013 direito de um indiv\u00edduo n\u00e3o cumprir uma obriga\u00e7\u00e3o legal devido a convic\u00e7\u00f5es pessoais, religiosas, \u00e9ticas ou morais \u2013 ao procedimento. (Tribuna de Minas \u2013 Juiz de Fora)<\/span><\/p>\n<p class=\"MsoNormal\"><span><a href=\"https:\/\/tribunademinas.com.br\/noticias\/cidade\/23-05-2025\/mpmg-aborto-legal-juiz-fora.html\">https:\/\/tribunademinas.com.br\/noticias\/cidade\/23-05-2025\/mpmg-aborto-legal-juiz-fora.html<\/a><\/span><\/p>\n<p class=\"MsoNormal\"><span><\/span><\/p>\n<p class=\"MsoNormal\"><span>\u00a0<\/span><\/p>\n<p class=\"MsoNormal\"><strong><span>Delfin\u00f3polis no ONU Turismo<\/span><\/strong><\/p>\n<p class=\"MsoNormal\"><span>O munic\u00edpio de Delfin\u00f3polis, integrante do cons\u00f3rcio AMEG, \u00e9 um dos oito destinos brasileiros selecionados para representar o Brasil no pr\u00eamio \u201cMelhores Vilas Tur\u00edsticas\u201d da ONU Turismo. A premia\u00e7\u00e3o reconhece vilas que se destacam internacionalmente pela promo\u00e7\u00e3o do turismo sustent\u00e1vel, valoriza\u00e7\u00e3o cultural e preserva\u00e7\u00e3o ambiental. Institu\u00eddo em 2021, o pr\u00eamio da ONU Turismo \u00e9 uma importante vitrine internacional para os destinos rurais que integram pr\u00e1ticas inovadoras com valoriza\u00e7\u00e3o das comunidades locais. O resultado ser\u00e1 divulgado durante a Assembleia Geral da ONU Turismo, que acontece entre os dias 7 e 11 de novembro, na Ar\u00e1bia Saudita. (Observo \u2013 Passos)<\/span><\/p>\n<p class=\"MsoNormal\"><span><a href=\"https:\/\/www.observo.com.br\/delfinopolis-representara-o-brasil-em-premio-internacional-da-onu-turismo\">https:\/\/www.observo.com.br\/delfinopolis-representara-o-brasil-em-premio-internacional-da-onu-turismo<\/a><\/span><\/p>\n<p class=\"MsoNormal\"><span>\u00a0<\/span><\/p>\n<p class=\"MsoNormal\"><span><strong>Uberaba ter\u00e1 CD da Shopee<\/strong> <\/span><\/p>\n<p class=\"MsoNormal\"><span>Galp\u00e3o que abrigar\u00e1 o Centro de Distribui\u00e7\u00e3o (CD) da Shopee em Uberaba deve ficar pronto at\u00e9 dezembro. Obra est\u00e1 em ritmo acelerado. O CD vai ocupar 4 mil metros quadrados, metade da \u00e1rea total do terreno, que fica localizado pr\u00f3ximo \u00e0 Ambev.<span>\u00a0 <\/span>A Shopee j\u00e1 possui um centro de distribui\u00e7\u00e3o<span>\u00a0 <\/span>em Minas Gerais, incluindo a regi\u00e3o metropolitana de Belo Horizonte, e outros centros log\u00edsticos na regi\u00e3o, al\u00e9m de estar presente com hubs log\u00edsticos em Barbacena, Ub\u00e1 e Extrema. (Jornal da Manh\u00e3 \u2013 Uberaba)<\/span><\/p>\n<p class=\"MsoNormal\"><span><span>\u00a0<\/span><a href=\"https:\/\/www.jmonline.com.br\/colunas\/alternativa\/hub-logistico-da-shopee-em-uberaba-fica-pronto-ate-dezembro-1.504791\">https:\/\/www.jmonline.com.br\/colunas\/alternativa\/hub-logistico-da-shopee-em-uberaba-fica-pronto-ate-dezembro-1.504791<\/a><\/span><\/p>\n<p class=\"MsoNormal\"><span>\u00a0<\/span><\/p>\n<p class=\"MsoNormal\"><strong><span>Popula\u00e7\u00e3o idosa cresce em Uberl\u00e2ndia<\/span><\/strong><\/p>\n<p class=\"MsoNormal\"><span>O n\u00famero de idosos em Uberl\u00e2ndia cresceu 75,3% entre os anos de 2010 e 2022, passando de 61.674 para 108.148 pessoas com 60 anos ou mais. \u00c9 o que mostram os dados do \u00faltimo Censo Demogr\u00e1fico, divulgado pelo Instituto Brasileiro de Geografia e Estat\u00edstica (IBGE). Com a cidade alcan\u00e7ando um total de 713.224 habitantes, os idosos representam, hoje, 15% da popula\u00e7\u00e3o total, mais do que o apontado em 2010, quando apenas 10% dos moradores estavam na terceira idade. (Di\u00e1rio de Uberl\u00e2ndia)<\/span><\/p>\n<p class=\"MsoNormal\"><span><a href=\"https:\/\/diariodeuberlandia.com.br\/noticia\/38065\/populacao-idosa-uberlandia-cresce-75-12-anos\">https:\/\/diariodeuberlandia.com.br\/noticia\/38065\/populacao-idosa-uberlandia-cresce-75-12-anos<\/a><\/span><\/p>\n<p class=\"MsoNormal\"><span><\/span><\/p>\n\n<p>\u00a0<\/p>","protected":false},"excerpt":{"rendered":"<p>Normal 0 21 false false false PT-BR X-NONE X-NONE \/* Style Definitions *\/ table.MsoNormalTable {mso-style-name:&#8221;Tabela normal&#8221;; mso-tstyle-rowband-size:0; mso-tstyle-colband-size:0; mso-style-noshow:yes; mso-style-priority:99; mso-style-parent:&#8221;&#8221;; mso-padding-alt:0cm 5.4pt 0cm 5.4pt; mso-para-margin-top:0cm; mso-para-margin-right:0cm; mso-para-margin-bottom:8.0pt; mso-para-margin-left:0cm; line-height:107%; mso-pagination:widow-orphan; font-size:11.0pt; font-family:&#8221;Aptos&#8221;,sans-serif; mso-ascii-font-family:Aptos; mso-ascii-theme-font:minor-latin; mso-hansi-font-family:Aptos; mso-hansi-theme-font:minor-latin; mso-font-kerning:1.0pt; mso-ligatures:standardcontextual; mso-fareast-language:EN-US;} Foto: Neno Vianna \/ Reprodu\u00e7\u00e3o \u00a0 \u00a0 COLUNA MG Principais destaques dos jornais e portais [&hellip;]<\/p>\n","protected":false},"author":0,"featured_media":29976,"comment_status":"open","ping_status":"open","sticky":false,"template":"","format":"standard","meta":{"rop_custom_images_group":[],"rop_custom_messages_group":[],"rop_publish_now":"initial","rop_publish_now_accounts":[],"rop_publish_now_history":[],"rop_publish_now_status":"pending","footnotes":""},"categories":[6745],"tags":[],"class_list":["post-29975","post","type-post","status-publish","format-standard","has-post-thumbnail","hentry","category-coluna-sindijori"],"_links":{"self":[{"href":"https:\/\/diariotribuna.com.br\/index.php?rest_route=\/wp\/v2\/posts\/29975"}],"collection":[{"href":"https:\/\/diariotribuna.com.br\/index.php?rest_route=\/wp\/v2\/posts"}],"about":[{"href":"https:\/\/diariotribuna.com.br\/index.php?rest_route=\/wp\/v2\/types\/post"}],"replies":[{"embeddable":true,"href":"https:\/\/diariotribuna.com.br\/index.php?rest_route=%2Fwp%2Fv2%2Fcomments&post=29975"}],"version-history":[{"count":0,"href":"https:\/\/diariotribuna.com.br\/index.php?rest_route=\/wp\/v2\/posts\/29975\/revisions"}],"wp:featuredmedia":[{"embeddable":true,"href":"https:\/\/diariotribuna.com.br\/index.php?rest_route=\/wp\/v2\/media\/29976"}],"wp:attachment":[{"href":"https:\/\/diariotribuna.com.br\/index.php?rest_route=%2Fwp%2Fv2%2Fmedia&parent=29975"}],"wp:term":[{"taxonomy":"category","embeddable":true,"href":"https:\/\/diariotribuna.com.br\/index.php?rest_route=%2Fwp%2Fv2%2Fcategories&post=29975"},{"taxonomy":"post_tag","embeddable":true,"href":"https:\/\/diariotribuna.com.br\/index.php?rest_route=%2Fwp%2Fv2%2Ftags&post=29975"}],"curies":[{"name":"wp","href":"https:\/\/api.w.org\/{rel}","templated":true}]}}