{"id":29977,"date":"2025-05-24T11:35:53","date_gmt":"2025-05-24T14:35:53","guid":{"rendered":"https:\/\/diariotribuna.com.br\/?p=29977"},"modified":"2025-05-24T11:35:53","modified_gmt":"2025-05-24T14:35:53","slug":"em-noite-de-homenagens-e-reconhecimento-fiemg-celebra-o-dia-da-industria-2025","status":"publish","type":"post","link":"https:\/\/diariotribuna.com.br\/?p=29977","title":{"rendered":"Em noite de homenagens e reconhecimento, FIEMG celebra o Dia da Ind\u00fastria 2025\u00a0"},"content":{"rendered":"<p class=\"MsoNormal\"><span>SISTEMA FIEMG | Divulga\u00e7\u00e3o<\/span><span><\/span><\/p>\n<p><span><\/span><span><\/span><\/p>\n<p><strong>Empres\u00e1rios, ind\u00fastrias, alunos, instrutores e professores s\u00e3o agraciados pela Federa\u00e7\u00e3o por contribu\u00edrem com o progresso do pa\u00eds.<\/strong><\/p>\n<p>Uma noite de <strong>celebra\u00e7\u00e3o e reconhecimento<\/strong>. A FIEMG realizou, nesta quinta-feira (22\/5), a cerim\u00f4nia do <strong>Dia da Ind\u00fastria 2025<\/strong>, homenageando quem contribui com o desenvolvimento de Minas Gerais e do Brasil \u2014 de industriais a alunos. O evento, realizado no <strong>Minascentro<\/strong>, em Belo Horizonte, contou com a presen\u00e7a de empres\u00e1rios, executivos, pol\u00edticos e representantes de institui\u00e7\u00f5es p\u00fablicas e privadas.<\/p>\n<p>Em seu discurso, o presidente da FIEMG, <strong>Fl\u00e1vio Roscoe<\/strong>, destacou que os empres\u00e1rios homenageados representam a import\u00e2ncia da ind\u00fastria para o desenvolvimento de Minas Gerais e do associativismo como instrumento de engajamento em prol do progresso do estado e do pa\u00eds.<\/p>\n<p>\u201cO ambiente de neg\u00f3cios est\u00e1 sempre em mudan\u00e7a, e \u00e9 preciso estar presente no espa\u00e7o p\u00fablico, fomentando pol\u00edticas p\u00fablicas portadoras de futuro e ben\u00e9ficas para a sociedade. Por isso, nossa responsabilidade \u00e9 ainda maior diante de um cen\u00e1rio cercado de desafios\u201d, afirmou.<\/p>\n<p>O l\u00edder empresarial tamb\u00e9m ressaltou o trabalho conjunto com o <strong>governo de Minas<\/strong>, especialmente nas a\u00e7\u00f5es voltadas para o desenvolvimento socioecon\u00f4mico e a melhoria do ambiente de neg\u00f3cios.<\/p>\n<p>\u201cO papel da FIEMG \u00e9 dialogar com o poder p\u00fablico para encontrarmos solu\u00e7\u00f5es para os desafios da sociedade. \u00c9 preciso uni\u00e3o para enfrentarmos esses problemas\u201d, completou, ao agradecer a presen\u00e7a das autoridades que compuseram a mesa solene.<\/p>\n<p>Por fim, Roscoe destacou hist\u00f3rias de supera\u00e7\u00e3o e conquistas de alunos do <strong>SESI e do SENAI<\/strong>, mostrando na pr\u00e1tica como a ind\u00fastria mineira transforma vidas \u2014 resultado do trabalho s\u00e9rio e da responsabilidade no uso dos recursos do <strong>Sistema S<\/strong>.<\/p>\n<p>A <strong>secret\u00e1ria de Estado de Meio Ambiente e Desenvolvimento Sustent\u00e1vel, Mar\u00edlia Carvalho de Melo<\/strong>, representando o governador <strong>Romeu Zema<\/strong>, destacou a parceria do Executivo com a FIEMG, especialmente nas iniciativas voltadas para gera\u00e7\u00e3o de emprego, renda e melhoria do ambiente de neg\u00f3cios.<\/p>\n<p>\u201cO presidente Fl\u00e1vio \u00e9 um l\u00edder com vis\u00e3o de futuro, agregador e que constr\u00f3i pontes\u201d, afirmou, parabenizando todos os homenageados.<\/p>\n<h2><strong>Homenagens<\/strong><\/h2>\n<p>O <strong>M\u00e9rito Industrial CNI<\/strong> foi entregue a <strong>Ricardo Valadares Gontijo<\/strong>, fundador e presidente do Conselho de Administra\u00e7\u00e3o da <strong>Direcional Engenharia<\/strong>, que tem mais de 40 anos de atua\u00e7\u00e3o na constru\u00e7\u00e3o civil.<\/p>\n<p>\u201cEsse reconhecimento me inspira e, ao mesmo tempo, traz mais responsabilidade. Afinal, a constru\u00e7\u00e3o civil \u00e9 um setor que transforma, movimenta a economia e impacta a vida de milhares de brasileiros. Esse pr\u00eamio pertence a todos que caminharam comigo e acreditaram no meu sonho\u201d, destacou.<\/p>\n<p>O empres\u00e1rio <strong>Guilherme Abrantes<\/strong>, fundador da <strong>Latic\u00ednios Dona Formosa<\/strong> e presidente do <strong>Silemg<\/strong>, recebeu o <strong>M\u00e9rito Industrial do Ano<\/strong>. Ele lidera uma opera\u00e7\u00e3o industrial em constante crescimento, com forte presen\u00e7a no mercado, marcada pela inova\u00e7\u00e3o e qualidade.<\/p>\n<p>\u201cO reconhecimento desta noite marca minha trajet\u00f3ria, mas, principalmente, valoriza um setor do qual participo com tanto orgulho: a ind\u00fastria de latic\u00ednios de Minas Gerais, uma cadeia produtiva que gera empregos e est\u00e1 no dia a dia de milhares de pessoas\u201d, declarou.<\/p>\n<p>O <strong>M\u00e9rito Industrial 2025<\/strong> tamb\u00e9m foi entregue a empres\u00e1rios que se destacaram pelo fortalecimento do setor produtivo:<\/p>\n<p><strong>Gilmar Dias dos Santos<\/strong>, Grupo EPO e S&amp;D<\/p>\n<p><strong>Walker Magalh\u00e3es Lahmann<\/strong>, Eurofarma<\/p>\n<p><strong>Ant\u00f4nio Eug\u00eanio do Socorro Fernandes<\/strong>, Premialy e Santonely Panificados<\/p>\n<p><strong>Sandro Faria Heringer<\/strong>, Carrocerias Heringer<\/p>\n<p><strong>Magnaldo Geraldo Filho<\/strong>, Super Fogos e presidente do Sindiemg<\/p>\n<p><strong>Fausto Gabriel dos Santos<\/strong>, Fama Alimentos e \u00dcberbr\u00e4u Cervejaria<\/p>\n<p><strong>Gustavo Mendon\u00e7a dos Santos<\/strong>, S\u00f3 Minas Alimentos<\/p>\n<p><strong>Ant\u00f4nio Vilhena Paula Souza<\/strong>, Frigor\u00edfico Cambu\u00ed e Anics<\/p>\n<p><strong>Jos\u00e9 Carlos Nunes Freire<\/strong>, Primar Ind\u00fastria T\u00eaxtil<\/p>\n<p><strong>Joel Alves de Carvalho<\/strong>, Joel Couros e Unatex<\/p>\n<p><strong>Jo\u00e3o Vinhas de Arantes Neto<\/strong>, Vale do Sol<\/p>\n<p><strong>Gilson Almeida Vilela<\/strong>, Serquip MG<\/p>\n<p><strong>Geraldo Gilberto de Oliveira Pinto<\/strong>, gr\u00e1fica Silva Lara<\/p>\n<p><strong>Wagner de Brito Barbosa<\/strong>, Bioflorestas e ArcelorMittal<\/p>\n<p><strong>Olavo Alves Corgosinho<\/strong>, Data Engenharia<\/p>\n<p><strong>Shelber de Abreu<\/strong>, Microfund e SH Corte e Usinagem<\/p>\n<h2><strong>Quem faz a ind\u00fastria e transforma<\/strong><\/h2>\n<p>A <strong>Metal\u00fargica Soares<\/strong>, de Ita\u00fana, e a <strong>Painelbras Engenharia<\/strong>, de Contagem, foram reconhecidas com o <strong>M\u00e9rito Inova\u00e7\u00e3o na Ind\u00fastria<\/strong>, destacando seu protagonismo em solu\u00e7\u00f5es inovadoras.<\/p>\n<p>Tamb\u00e9m foram homenageados com o pr\u00eamio <strong>Portadores do Futuro<\/strong> os <strong>professores, instrutores e alunos da rede SESI e SENAI<\/strong>, que se destacaram pelos resultados e impacto positivo na ind\u00fastria.<\/p>\n<p>Entre eles, <strong>Neuda Gomes Fagundes<\/strong>, professora de matem\u00e1tica e coordenadora do SESI Barreiro, emocionou-se ao falar da import\u00e2ncia da institui\u00e7\u00e3o:<\/p>\n<p>\u201cVi o SESI crescer e hoje percebo como ele \u00e9 inovador no ensino, com metodologias ativas e tecnologia. Nossa miss\u00e3o \u00e9 entregar \u00e0 ind\u00fastria e \u00e0 sociedade cidad\u00e3os cr\u00edticos, questionadores e preparados, valorizando tanto o conhecimento t\u00e9cnico quanto o desenvolvimento humano.\u201d<\/p>\n<p><a href=\"https:\/\/www.flickr.com\/photos\/sistemafiemg\/albums\/72177720326336864\/\"><strong>Clique aqui e veja mais fotos do evento.<\/strong><\/a><\/p>\n<p><strong>Rafael Passos<\/strong><br \/><em>Imprensa FIEMG<\/em><\/p>\n<p>\u00a0<\/p>","protected":false},"excerpt":{"rendered":"<p>SISTEMA FIEMG | Divulga\u00e7\u00e3o Empres\u00e1rios, ind\u00fastrias, alunos, instrutores e professores s\u00e3o agraciados pela Federa\u00e7\u00e3o por contribu\u00edrem com o progresso do pa\u00eds. Uma noite de celebra\u00e7\u00e3o e reconhecimento. A FIEMG realizou, nesta quinta-feira (22\/5), a cerim\u00f4nia do Dia da Ind\u00fastria 2025, homenageando quem contribui com o desenvolvimento de Minas Gerais e do Brasil \u2014 de industriais [&hellip;]<\/p>\n","protected":false},"author":0,"featured_media":29978,"comment_status":"open","ping_status":"open","sticky":false,"template":"","format":"standard","meta":{"rop_custom_images_group":[],"rop_custom_messages_group":[],"rop_publish_now":"initial","rop_publish_now_accounts":[],"rop_publish_now_history":[],"rop_publish_now_status":"pending","footnotes":""},"categories":[6745],"tags":[],"class_list":["post-29977","post","type-post","status-publish","format-standard","has-post-thumbnail","hentry","category-coluna-sindijori"],"_links":{"self":[{"href":"https:\/\/diariotribuna.com.br\/index.php?rest_route=\/wp\/v2\/posts\/29977"}],"collection":[{"href":"https:\/\/diariotribuna.com.br\/index.php?rest_route=\/wp\/v2\/posts"}],"about":[{"href":"https:\/\/diariotribuna.com.br\/index.php?rest_route=\/wp\/v2\/types\/post"}],"replies":[{"embeddable":true,"href":"https:\/\/diariotribuna.com.br\/index.php?rest_route=%2Fwp%2Fv2%2Fcomments&post=29977"}],"version-history":[{"count":0,"href":"https:\/\/diariotribuna.com.br\/index.php?rest_route=\/wp\/v2\/posts\/29977\/revisions"}],"wp:featuredmedia":[{"embeddable":true,"href":"https:\/\/diariotribuna.com.br\/index.php?rest_route=\/wp\/v2\/media\/29978"}],"wp:attachment":[{"href":"https:\/\/diariotribuna.com.br\/index.php?rest_route=%2Fwp%2Fv2%2Fmedia&parent=29977"}],"wp:term":[{"taxonomy":"category","embeddable":true,"href":"https:\/\/diariotribuna.com.br\/index.php?rest_route=%2Fwp%2Fv2%2Fcategories&post=29977"},{"taxonomy":"post_tag","embeddable":true,"href":"https:\/\/diariotribuna.com.br\/index.php?rest_route=%2Fwp%2Fv2%2Ftags&post=29977"}],"curies":[{"name":"wp","href":"https:\/\/api.w.org\/{rel}","templated":true}]}}