{"id":29979,"date":"2025-05-24T23:50:17","date_gmt":"2025-05-25T02:50:17","guid":{"rendered":"https:\/\/diariotribuna.com.br\/?p=29979"},"modified":"2025-05-24T23:50:18","modified_gmt":"2025-05-25T02:50:18","slug":"pm-prende-homem-portando-arma-de-fogo-de-uso-restrito","status":"publish","type":"post","link":"https:\/\/diariotribuna.com.br\/?p=29979","title":{"rendered":"PM prende homem portando arma de fogo de uso restrito"},"content":{"rendered":"\n<figure class=\"wp-block-image size-full is-resized\"><img loading=\"lazy\" decoding=\"async\" width=\"700\" height=\"413\" src=\"https:\/\/diariotribuna.com.br\/wp-content\/uploads\/2025\/05\/Imagem-do-WhatsApp-de-2025-05-24-as-13.47.34_3067f434.jpg\" alt=\"\" class=\"wp-image-29980\" style=\"width:469px;height:auto\" srcset=\"https:\/\/diariotribuna.com.br\/wp-content\/uploads\/2025\/05\/Imagem-do-WhatsApp-de-2025-05-24-as-13.47.34_3067f434.jpg 700w, https:\/\/diariotribuna.com.br\/wp-content\/uploads\/2025\/05\/Imagem-do-WhatsApp-de-2025-05-24-as-13.47.34_3067f434-300x177.jpg 300w, https:\/\/diariotribuna.com.br\/wp-content\/uploads\/2025\/05\/Imagem-do-WhatsApp-de-2025-05-24-as-13.47.34_3067f434-696x411.jpg 696w\" sizes=\"(max-width: 700px) 100vw, 700px\" \/><\/figure>\n\n\n\n<p><strong>CARA\u00cd &#8211;<\/strong> A Pol\u00edcia Militar fazia patrulhamento na cidade de Cara\u00ed, neste s\u00e1bado (24\/5), quando a equipe recebeu den\u00fancia an\u00f4nima informando sobre um homem que estaria armado e se passando por policial. Ele foi localizado em um ve\u00edculo Ford Fiesta cor prata, nas proximidades da comunidade rural C\u00f3rrego do Engano, &#8220;casinhas&#8221;. Na abordagem, foi encontrada uma pistola em sua cintura, carregada com 18 muni\u00e7\u00f5es.<\/p>\n\n\n\n<p>Segundo a PM, o homem disse que atuava na seguran\u00e7a privada e possu\u00eda a arma para defesa pessoal. Informou tamb\u00e9m que, em sua resid\u00eancia, havia a caixa da arma e dois carregadores municiados, que foram entregues por sua esposa. No total, foram apreendidas 49 muni\u00e7\u00f5es. A arma estava com a numera\u00e7\u00e3o raspada. O homem foi preso em flagrante e conduzido \u00e0 delegacia de Pol\u00edcia Civil em Te\u00f3filo Otoni. Equipe: sargento Edsimar e cabo Ric\u00e9lio. (Informa\u00e7\u00f5es\/Foto: PMMG\/ Cara\u00ed, Tenente Paulo Viana).<\/p>\n","protected":false},"excerpt":{"rendered":"<p>CARA\u00cd &#8211; A Pol\u00edcia Militar fazia patrulhamento na cidade de Cara\u00ed, neste s\u00e1bado (24\/5), quando a equipe recebeu den\u00fancia an\u00f4nima informando sobre um homem que estaria armado e se passando por policial. Ele foi localizado em um ve\u00edculo Ford Fiesta cor prata, nas proximidades da comunidade rural C\u00f3rrego do Engano, &#8220;casinhas&#8221;. Na abordagem, foi encontrada [&hellip;]<\/p>\n","protected":false},"author":1,"featured_media":29980,"comment_status":"open","ping_status":"open","sticky":false,"template":"","format":"standard","meta":{"rop_custom_images_group":[],"rop_custom_messages_group":[],"rop_publish_now":"initial","rop_publish_now_accounts":[],"rop_publish_now_history":[],"rop_publish_now_status":"pending","footnotes":""},"categories":[25,20],"tags":[1055,46,76,2484,6217],"class_list":["post-29979","post","type-post","status-publish","format-standard","has-post-thumbnail","hentry","category-destaque","category-policia","tag-arma-de-fogo","tag-carai","tag-policia-militar","tag-um-preso","tag-uso-restrito"],"_links":{"self":[{"href":"https:\/\/diariotribuna.com.br\/index.php?rest_route=\/wp\/v2\/posts\/29979"}],"collection":[{"href":"https:\/\/diariotribuna.com.br\/index.php?rest_route=\/wp\/v2\/posts"}],"about":[{"href":"https:\/\/diariotribuna.com.br\/index.php?rest_route=\/wp\/v2\/types\/post"}],"author":[{"embeddable":true,"href":"https:\/\/diariotribuna.com.br\/index.php?rest_route=\/wp\/v2\/users\/1"}],"replies":[{"embeddable":true,"href":"https:\/\/diariotribuna.com.br\/index.php?rest_route=%2Fwp%2Fv2%2Fcomments&post=29979"}],"version-history":[{"count":1,"href":"https:\/\/diariotribuna.com.br\/index.php?rest_route=\/wp\/v2\/posts\/29979\/revisions"}],"predecessor-version":[{"id":29981,"href":"https:\/\/diariotribuna.com.br\/index.php?rest_route=\/wp\/v2\/posts\/29979\/revisions\/29981"}],"wp:featuredmedia":[{"embeddable":true,"href":"https:\/\/diariotribuna.com.br\/index.php?rest_route=\/wp\/v2\/media\/29980"}],"wp:attachment":[{"href":"https:\/\/diariotribuna.com.br\/index.php?rest_route=%2Fwp%2Fv2%2Fmedia&parent=29979"}],"wp:term":[{"taxonomy":"category","embeddable":true,"href":"https:\/\/diariotribuna.com.br\/index.php?rest_route=%2Fwp%2Fv2%2Fcategories&post=29979"},{"taxonomy":"post_tag","embeddable":true,"href":"https:\/\/diariotribuna.com.br\/index.php?rest_route=%2Fwp%2Fv2%2Ftags&post=29979"}],"curies":[{"name":"wp","href":"https:\/\/api.w.org\/{rel}","templated":true}]}}