{"id":29983,"date":"2025-05-25T21:15:17","date_gmt":"2025-05-26T00:15:17","guid":{"rendered":"https:\/\/diariotribuna.com.br\/?p=29983"},"modified":"2025-05-25T21:15:18","modified_gmt":"2025-05-26T00:15:18","slug":"realizada-a-assembleia-geral-do-conselho-municipal-de-meio-ambiente-e-seguranca-publica-comasp","status":"publish","type":"post","link":"https:\/\/diariotribuna.com.br\/?p=29983","title":{"rendered":"Realizada a Assembleia Geral do Conselho Municipal de Meio Ambiente e Seguran\u00e7a P\u00fablica (COMASP)"},"content":{"rendered":"\n<figure class=\"wp-block-image size-full is-resized\"><img loading=\"lazy\" decoding=\"async\" width=\"700\" height=\"419\" src=\"https:\/\/diariotribuna.com.br\/wp-content\/uploads\/2025\/05\/Imagem-do-WhatsApp-de-2025-05-24-as-20.03.19_2e866d93.jpg\" alt=\"\" class=\"wp-image-29984\" style=\"width:520px;height:auto\" srcset=\"https:\/\/diariotribuna.com.br\/wp-content\/uploads\/2025\/05\/Imagem-do-WhatsApp-de-2025-05-24-as-20.03.19_2e866d93.jpg 700w, https:\/\/diariotribuna.com.br\/wp-content\/uploads\/2025\/05\/Imagem-do-WhatsApp-de-2025-05-24-as-20.03.19_2e866d93-300x180.jpg 300w, https:\/\/diariotribuna.com.br\/wp-content\/uploads\/2025\/05\/Imagem-do-WhatsApp-de-2025-05-24-as-20.03.19_2e866d93-696x417.jpg 696w\" sizes=\"(max-width: 700px) 100vw, 700px\" \/><\/figure>\n\n\n\n<p>TE\u00d3FILO OTONI &#8211; Na quinta-feira (22\/5) foi realizada Assembleia Geral do Conselho Municipal de Meio Ambiente e Seguran\u00e7a P\u00fablica (COMASP) na sede do 19\u00ba Batalh\u00e3o da Pol\u00edcia Militar, em Te\u00f3filo Otoni, para a composi\u00e7\u00e3o de novos membros da diretoria, conselhos fiscal e deliberativo, e o novo estatuto. A reuni\u00e3o contou com a presen\u00e7a de representantes de diversas entidades e setores da comunidade, todos comprometidos em contribuir para o fortalecimento das pol\u00edticas de meio ambiente e seguran\u00e7a p\u00fablica na regi\u00e3o.<\/p>\n\n\n\n<p>Durante o evento, foram discutidos temas importantes como parcerias com o Minist\u00e9rio P\u00fablico, institui\u00e7\u00f5es privadas e a implementa\u00e7\u00e3o de medidas de seguran\u00e7a que visem proteger a popula\u00e7\u00e3o nas \u00e1reas urbana e rural. Os participantes tiveram a oportunidade de apresentar sugest\u00f5es e compartilhar experi\u00eancias, enriquecendo o debate com diferentes perspectivas e contribuindo para a constru\u00e7\u00e3o de solu\u00e7\u00f5es mais eficazes e sustent\u00e1veis.<\/p>\n\n\n\n<figure class=\"wp-block-gallery has-nested-images columns-default is-cropped wp-block-gallery-1 is-layout-flex wp-block-gallery-is-layout-flex\">\n<figure class=\"wp-block-image size-large\"><img loading=\"lazy\" decoding=\"async\" width=\"650\" height=\"380\" data-id=\"29986\" src=\"https:\/\/diariotribuna.com.br\/wp-content\/uploads\/2025\/05\/Imagem-do-WhatsApp-de-2025-05-24-as-20.03.20_6463a558.jpg\" alt=\"\" class=\"wp-image-29986\" srcset=\"https:\/\/diariotribuna.com.br\/wp-content\/uploads\/2025\/05\/Imagem-do-WhatsApp-de-2025-05-24-as-20.03.20_6463a558.jpg 650w, https:\/\/diariotribuna.com.br\/wp-content\/uploads\/2025\/05\/Imagem-do-WhatsApp-de-2025-05-24-as-20.03.20_6463a558-300x175.jpg 300w\" sizes=\"(max-width: 650px) 100vw, 650px\" \/><\/figure>\n\n\n\n<figure class=\"wp-block-image size-large\"><img loading=\"lazy\" decoding=\"async\" width=\"650\" height=\"397\" data-id=\"29987\" src=\"https:\/\/diariotribuna.com.br\/wp-content\/uploads\/2025\/05\/Imagem-do-WhatsApp-de-2025-05-24-as-20.03.20_6667c158.jpg\" alt=\"\" class=\"wp-image-29987\" srcset=\"https:\/\/diariotribuna.com.br\/wp-content\/uploads\/2025\/05\/Imagem-do-WhatsApp-de-2025-05-24-as-20.03.20_6667c158.jpg 650w, https:\/\/diariotribuna.com.br\/wp-content\/uploads\/2025\/05\/Imagem-do-WhatsApp-de-2025-05-24-as-20.03.20_6667c158-300x183.jpg 300w\" sizes=\"(max-width: 650px) 100vw, 650px\" \/><\/figure>\n\n\n\n<figure class=\"wp-block-image size-large\"><img loading=\"lazy\" decoding=\"async\" width=\"650\" height=\"411\" data-id=\"29985\" src=\"https:\/\/diariotribuna.com.br\/wp-content\/uploads\/2025\/05\/Imagem-do-WhatsApp-de-2025-05-24-as-20.03.19_601491af.jpg\" alt=\"\" class=\"wp-image-29985\" srcset=\"https:\/\/diariotribuna.com.br\/wp-content\/uploads\/2025\/05\/Imagem-do-WhatsApp-de-2025-05-24-as-20.03.19_601491af.jpg 650w, https:\/\/diariotribuna.com.br\/wp-content\/uploads\/2025\/05\/Imagem-do-WhatsApp-de-2025-05-24-as-20.03.19_601491af-300x190.jpg 300w\" sizes=\"(max-width: 650px) 100vw, 650px\" \/><\/figure>\n<\/figure>\n\n\n\n<p>A elei\u00e7\u00e3o dos novos membros da diretoria e dos conselhos marcou o in\u00edcio de um ciclo para o COMASP, com o compromisso de atuar de forma transparente e participativa. A implementa\u00e7\u00e3o do estatuto foi um passo importante para garantir que o conselho esteja alinhado com as demandas atuais e futuras, fortalecendo sua capacidade de resposta e atua\u00e7\u00e3o. Todos destacaram a import\u00e2ncia de trabalhar em conjunto, unindo esfor\u00e7os para enfrentar os desafios e buscar melhorias cont\u00ednuas para a regi\u00e3o.<\/p>\n\n\n\n<p>Ao final da assembleia, os novos membros empossados reafirmaram seu compromisso com os princ\u00edpios do COMASP, prometendo dedicar-se com empenho \u00e0s causas ambientais e de seguran\u00e7a p\u00fablica. A expectativa \u00e9 de que, com esse novo formato, o conselho possa ampliar seu alcance e impacto, promovendo a\u00e7\u00f5es que resultem em benef\u00edcios reais e duradouros para todos. (Assessoria de comunica\u00e7\u00e3o do 19\u00ba BPM).<\/p>\n","protected":false},"excerpt":{"rendered":"<p>TE\u00d3FILO OTONI &#8211; Na quinta-feira (22\/5) foi realizada Assembleia Geral do Conselho Municipal de Meio Ambiente e Seguran\u00e7a P\u00fablica (COMASP) na sede do 19\u00ba Batalh\u00e3o da Pol\u00edcia Militar, em Te\u00f3filo Otoni, para a composi\u00e7\u00e3o de novos membros da diretoria, conselhos fiscal e deliberativo, e o novo estatuto. A reuni\u00e3o contou com a presen\u00e7a de representantes [&hellip;]<\/p>\n","protected":false},"author":1,"featured_media":29984,"comment_status":"open","ping_status":"open","sticky":false,"template":"","format":"standard","meta":{"rop_custom_images_group":[],"rop_custom_messages_group":[],"rop_publish_now":"initial","rop_publish_now_accounts":[],"rop_publish_now_history":[],"rop_publish_now_status":"pending","footnotes":""},"categories":[25,19],"tags":[5743,7179,76,75],"class_list":["post-29983","post","type-post","status-publish","format-standard","has-post-thumbnail","hentry","category-destaque","category-gerais","tag-assembleia-geral","tag-comasp","tag-policia-militar","tag-teofilo-otoni"],"_links":{"self":[{"href":"https:\/\/diariotribuna.com.br\/index.php?rest_route=\/wp\/v2\/posts\/29983"}],"collection":[{"href":"https:\/\/diariotribuna.com.br\/index.php?rest_route=\/wp\/v2\/posts"}],"about":[{"href":"https:\/\/diariotribuna.com.br\/index.php?rest_route=\/wp\/v2\/types\/post"}],"author":[{"embeddable":true,"href":"https:\/\/diariotribuna.com.br\/index.php?rest_route=\/wp\/v2\/users\/1"}],"replies":[{"embeddable":true,"href":"https:\/\/diariotribuna.com.br\/index.php?rest_route=%2Fwp%2Fv2%2Fcomments&post=29983"}],"version-history":[{"count":1,"href":"https:\/\/diariotribuna.com.br\/index.php?rest_route=\/wp\/v2\/posts\/29983\/revisions"}],"predecessor-version":[{"id":29988,"href":"https:\/\/diariotribuna.com.br\/index.php?rest_route=\/wp\/v2\/posts\/29983\/revisions\/29988"}],"wp:featuredmedia":[{"embeddable":true,"href":"https:\/\/diariotribuna.com.br\/index.php?rest_route=\/wp\/v2\/media\/29984"}],"wp:attachment":[{"href":"https:\/\/diariotribuna.com.br\/index.php?rest_route=%2Fwp%2Fv2%2Fmedia&parent=29983"}],"wp:term":[{"taxonomy":"category","embeddable":true,"href":"https:\/\/diariotribuna.com.br\/index.php?rest_route=%2Fwp%2Fv2%2Fcategories&post=29983"},{"taxonomy":"post_tag","embeddable":true,"href":"https:\/\/diariotribuna.com.br\/index.php?rest_route=%2Fwp%2Fv2%2Ftags&post=29983"}],"curies":[{"name":"wp","href":"https:\/\/api.w.org\/{rel}","templated":true}]}}