{"id":29989,"date":"2025-05-25T21:20:13","date_gmt":"2025-05-26T00:20:13","guid":{"rendered":"https:\/\/diariotribuna.com.br\/?p=29989"},"modified":"2025-05-30T22:42:12","modified_gmt":"2025-05-31T01:42:12","slug":"19o-bpm-lanca-a-2a-edicao-da-operacao-agrogerais-segura","status":"publish","type":"post","link":"https:\/\/diariotribuna.com.br\/?p=29989","title":{"rendered":"19\u00ba BPM lan\u00e7a a 2\u00aa edi\u00e7\u00e3o da opera\u00e7\u00e3o Agrogerais Segura"},"content":{"rendered":"\n<figure class=\"wp-block-image size-full is-resized\"><img loading=\"lazy\" decoding=\"async\" width=\"700\" height=\"394\" src=\"https:\/\/diariotribuna.com.br\/wp-content\/uploads\/2025\/05\/1-5.jpg\" alt=\"\" class=\"wp-image-29990\" style=\"width:532px;height:auto\" srcset=\"https:\/\/diariotribuna.com.br\/wp-content\/uploads\/2025\/05\/1-5.jpg 700w, https:\/\/diariotribuna.com.br\/wp-content\/uploads\/2025\/05\/1-5-300x169.jpg 300w, https:\/\/diariotribuna.com.br\/wp-content\/uploads\/2025\/05\/1-5-696x392.jpg 696w\" sizes=\"(max-width: 700px) 100vw, 700px\" \/><\/figure>\n\n\n\n<p><strong>TE\u00d3FILO OTONI &#8211;<\/strong> A Pol\u00edcia Militar de Minas Gerais realizou a 2\u00aa edi\u00e7\u00e3o da opera\u00e7\u00e3o Agrogerais em Te\u00f3filo Otoni, na sexta-feira (23\/5), em conjunto com a PM de Meio Ambiente e a Pol\u00edcia Civil, para cumprimento de mandados de busca e apreens\u00e3o na zona rural. Sob a lideran\u00e7a do comandante do 19\u00ba BPM, tenente coronel Jean Michael Costa do Amaral e, em conformidade com as diretrizes propostas pelo comando geral da institui\u00e7\u00e3o, em parceria com o Governo de Minas, foram implementadas estrat\u00e9gias preventivas para garantir a seguran\u00e7a nas \u00e1reas rurais.<\/p>\n\n\n\n<p>Segundo a PM, al\u00e9m de prevenir crimes, a opera\u00e7\u00e3o tem como objetivo fortalecer os la\u00e7os entre a pol\u00edcia, os moradores, os trabalhadores e os produtores rurais. Atrav\u00e9s de patrulhamentos frequentes, palestras educativas e a implementa\u00e7\u00e3o de canais de comunica\u00e7\u00e3o diretos, busca-se proporcionar \u00e0 comunidade rural uma sensa\u00e7\u00e3o de seguran\u00e7a e apoio. Ser\u00e3o oferecidos treinamentos espec\u00edficos para os policiais que atuam nessas regi\u00f5es, assegurando que estejam preparados para enfrentar as particularidades do ambiente rural.<\/p>\n\n\n\n<figure class=\"wp-block-image size-full is-resized\"><img loading=\"lazy\" decoding=\"async\" width=\"600\" height=\"367\" src=\"https:\/\/diariotribuna.com.br\/wp-content\/uploads\/2025\/05\/2.png\" alt=\"\" class=\"wp-image-29991\" style=\"width:431px;height:auto\" srcset=\"https:\/\/diariotribuna.com.br\/wp-content\/uploads\/2025\/05\/2.png 600w, https:\/\/diariotribuna.com.br\/wp-content\/uploads\/2025\/05\/2-300x184.png 300w\" sizes=\"(max-width: 600px) 100vw, 600px\" \/><\/figure>\n\n\n\n<p>A PM ressalta que, a colabora\u00e7\u00e3o com associa\u00e7\u00f5es de produtores e l\u00edderes locais ser\u00e1 essencial para o sucesso dessas iniciativas, garantindo que todos trabalhem em conjunto por um campo mais seguro e pr\u00f3spero. Na Agrogerais Segura ser\u00e3o feitas abordagens a ve\u00edculos e pessoas, fiscaliza\u00e7\u00f5es de infra\u00e7\u00f5es ambientais e orienta\u00e7\u00f5es aos produtores rurais sobre medidas preventivas de seguran\u00e7a. (Assessoria de comunica\u00e7\u00e3o do 19\u00ba BPM).<\/p>\n","protected":false},"excerpt":{"rendered":"<p>TE\u00d3FILO OTONI &#8211; A Pol\u00edcia Militar de Minas Gerais realizou a 2\u00aa edi\u00e7\u00e3o da opera\u00e7\u00e3o Agrogerais em Te\u00f3filo Otoni, na sexta-feira (23\/5), em conjunto com a PM de Meio Ambiente e a Pol\u00edcia Civil, para cumprimento de mandados de busca e apreens\u00e3o na zona rural. Sob a lideran\u00e7a do comandante do 19\u00ba BPM, tenente coronel [&hellip;]<\/p>\n","protected":false},"author":1,"featured_media":29990,"comment_status":"open","ping_status":"open","sticky":false,"template":"","format":"standard","meta":{"rop_custom_images_group":[],"rop_custom_messages_group":[],"rop_publish_now":"initial","rop_publish_now_accounts":[],"rop_publish_now_history":[],"rop_publish_now_status":"pending","footnotes":""},"categories":[20],"tags":[7181,7180,292,76,75],"class_list":["post-29989","post","type-post","status-publish","format-standard","has-post-thumbnail","hentry","category-policia","tag-2a-edicao","tag-operacao-agrogerais","tag-policia-civil","tag-policia-militar","tag-teofilo-otoni"],"_links":{"self":[{"href":"https:\/\/diariotribuna.com.br\/index.php?rest_route=\/wp\/v2\/posts\/29989"}],"collection":[{"href":"https:\/\/diariotribuna.com.br\/index.php?rest_route=\/wp\/v2\/posts"}],"about":[{"href":"https:\/\/diariotribuna.com.br\/index.php?rest_route=\/wp\/v2\/types\/post"}],"author":[{"embeddable":true,"href":"https:\/\/diariotribuna.com.br\/index.php?rest_route=\/wp\/v2\/users\/1"}],"replies":[{"embeddable":true,"href":"https:\/\/diariotribuna.com.br\/index.php?rest_route=%2Fwp%2Fv2%2Fcomments&post=29989"}],"version-history":[{"count":1,"href":"https:\/\/diariotribuna.com.br\/index.php?rest_route=\/wp\/v2\/posts\/29989\/revisions"}],"predecessor-version":[{"id":29992,"href":"https:\/\/diariotribuna.com.br\/index.php?rest_route=\/wp\/v2\/posts\/29989\/revisions\/29992"}],"wp:featuredmedia":[{"embeddable":true,"href":"https:\/\/diariotribuna.com.br\/index.php?rest_route=\/wp\/v2\/media\/29990"}],"wp:attachment":[{"href":"https:\/\/diariotribuna.com.br\/index.php?rest_route=%2Fwp%2Fv2%2Fmedia&parent=29989"}],"wp:term":[{"taxonomy":"category","embeddable":true,"href":"https:\/\/diariotribuna.com.br\/index.php?rest_route=%2Fwp%2Fv2%2Fcategories&post=29989"},{"taxonomy":"post_tag","embeddable":true,"href":"https:\/\/diariotribuna.com.br\/index.php?rest_route=%2Fwp%2Fv2%2Ftags&post=29989"}],"curies":[{"name":"wp","href":"https:\/\/api.w.org\/{rel}","templated":true}]}}