{"id":29993,"date":"2025-05-25T22:42:41","date_gmt":"2025-05-26T01:42:41","guid":{"rendered":"https:\/\/diariotribuna.com.br\/?p=29993"},"modified":"2025-05-25T22:50:44","modified_gmt":"2025-05-26T01:50:44","slug":"amuc-avanco-e-desenvolvimento-para-os-municipios-filiados","status":"publish","type":"post","link":"https:\/\/diariotribuna.com.br\/?p=29993","title":{"rendered":"AMUC: avan\u00e7o e desenvolvimento para os munic\u00edpios filiados"},"content":{"rendered":"\n<figure class=\"wp-block-image size-full is-resized\"><img loading=\"lazy\" decoding=\"async\" width=\"700\" height=\"394\" src=\"https:\/\/diariotribuna.com.br\/wp-content\/uploads\/2025\/05\/Imagem-do-WhatsApp-de-2025-05-25-as-22.05.50_a116b680.jpg\" alt=\"\" class=\"wp-image-29995\" style=\"width:557px;height:auto\" srcset=\"https:\/\/diariotribuna.com.br\/wp-content\/uploads\/2025\/05\/Imagem-do-WhatsApp-de-2025-05-25-as-22.05.50_a116b680.jpg 700w, https:\/\/diariotribuna.com.br\/wp-content\/uploads\/2025\/05\/Imagem-do-WhatsApp-de-2025-05-25-as-22.05.50_a116b680-300x169.jpg 300w, https:\/\/diariotribuna.com.br\/wp-content\/uploads\/2025\/05\/Imagem-do-WhatsApp-de-2025-05-25-as-22.05.50_a116b680-696x392.jpg 696w\" sizes=\"(max-width: 700px) 100vw, 700px\" \/><\/figure>\n\n\n\n<div style=\"height:4px\" aria-hidden=\"true\" class=\"wp-block-spacer\"><\/div>\n\n\n\n<p>A <strong>Associa\u00e7\u00e3o dos Munic\u00edpios da Microrregi\u00e3o do Vale do Mucuri \u2013 AMUC<\/strong> tem buscado aprimorar o suporte t\u00e9cnico aos munic\u00edpios filiados, em todos os seus aspectos. Nos \u00faltimos anos melhorias significativas foram implantadas nos setores: administrativo, engenharia, topografia e arquitetura. Visando ampliar e agilizar os servi\u00e7os prestados foram feitos diversos investimentos no departamento de engenharia com aquisi\u00e7\u00f5es de computadores modernos, drones, GPS, softwares de engenharia e topogr\u00e1ficos, com profissionais qualificados na \u00e1rea.<\/p>\n\n\n\n<p>No setor administrativo parcerias importantes foram estabelecidas, dentre elas com a Universidade Federal dos Vales do Jequitinhonha e Mucuri &#8211; UFVJM, para diversos cursos e capacita\u00e7\u00f5es aos servidores p\u00fablicos municipais. Citamos ainda, amplia\u00e7\u00e3o da frota de caminh\u00f5es pipa para servi\u00e7os diversos como abastecimento de \u00e1gua em comunidades rurais e\u00a0apoio em obras de pavimenta\u00e7\u00f5es e asfaltamentos. Tudo isso sem nenhum \u00f4nus para os munic\u00edpios filiados.<\/p>\n\n\n\n<h2 class=\"wp-block-heading\"><strong>Dentre os servi\u00e7os de engenharia, topografia e arquitetura podemos destacar:<\/strong><\/h2>\n\n\n\n<p><strong>Levantamentos topogr\u00e1ficos com esta\u00e7\u00f5es totais, GPS e drones para projetos de: <\/strong>pavimenta\u00e7\u00f5es, obras de artes especiais (pontes, bueiros, etc), loteamentos, urbaniza\u00e7\u00f5es (pra\u00e7as, lagoas, canteiros, etc), regulariza\u00e7\u00f5es de \u00e1reas p\u00fablicas e edifica\u00e7\u00f5es; Projetos arquitet\u00f4nicos e urban\u00edsticos de: edifica\u00e7\u00f5es (postos de sa\u00fade, escolas, etc), reformas e\/ou amplia\u00e7\u00f5es, espa\u00e7os p\u00fablicos (pra\u00e7as, canteiros, lagoas) e loteamentos; Projetos de engenharia para infraestrutura urbana e edifica\u00e7\u00f5es como: projetos estruturais, hidrossanit\u00e1rios, cronogramas f\u00edsicos-financeiros, planilhas or\u00e7ament\u00e1rias, memoriais descritivos, mem\u00f3rias de c\u00e1lculo, planos de trabalhos e demais servi\u00e7os pertinentes \u00e0 \u00e1rea.<\/p>\n\n\n\n<h2 class=\"wp-block-heading\"><strong>Os cursos oferecidos gratuitamente s\u00e3o:<\/strong><\/h2>\n\n\n\n<p>&#8211; Elabora\u00e7\u00e3o de Projetos para Capta\u00e7\u00e3o de Recursos;<\/p>\n\n\n\n<p>&#8211; Planejamento Estrat\u00e9gico Municipal;<\/p>\n\n\n\n<p>&#8211; Transpar\u00eancia e Presta\u00e7\u00e3o de Contas;<\/p>\n\n\n\n<p>&#8211; Comunica\u00e7\u00e3o P\u00fablica e Atendimento ao Cidad\u00e3o;<\/p>\n\n\n\n<p>&#8211; Gest\u00e3o de Conselhos Municipais de Pol\u00edticas P\u00fablicas;<\/p>\n\n\n\n<p>&#8211; \u00c9tica, Integridade e Responsabilidade no Servi\u00e7o P\u00fablico;<\/p>\n\n\n\n<p>&#8211; Regulariza\u00e7\u00e3o Fiscal e Jur\u00eddica de Entidades Sociais;<\/p>\n\n\n\n<p>&#8211; Licita\u00e7\u00f5es e Contratos Administrativos;<\/p>\n\n\n\n<p>&#8211; Capacita\u00e7\u00e3o para Conselheiros Municipais;<\/p>\n\n\n\n<p>&#8211; Gest\u00e3o de Conv\u00eanios e Transfer\u00eancias Volunt\u00e1rias;<\/p>\n\n\n\n<p>&#8211; Educa\u00e7\u00e3o Fiscal e Cidadania Tribut\u00e1ria;<\/p>\n\n\n\n<figure class=\"wp-block-video\"><video controls src=\"https:\/\/diariotribuna.com.br\/wp-content\/uploads\/2025\/05\/VIDEO-AMUC-CRISTINA.mp4\"><\/video><\/figure>\n\n\n\n<div style=\"height:5px\" aria-hidden=\"true\" class=\"wp-block-spacer\"><\/div>\n\n\n\n<h3 class=\"wp-block-heading has-text-align-center\"><strong><mark style=\"background-color:#ffffff;color:#03598e\" class=\"has-inline-color\">Seja um associado e tenha todos esses benef\u00edcios sem \u00f4nus que poder\u00e3o trazer uma economia consider\u00e1vel ao seu munic\u00edpio.<\/mark><\/strong><\/h3>\n\n\n\n<p class=\"has-text-align-center\"><strong>Administra\u00e7\u00e3o: (33) 99171-8886 (Semir) \u2013 (33) 98886-7853 (Dival)<\/strong><\/p>\n\n\n\n<p class=\"has-text-align-center\"><strong>Engenharia, arquitetura e topografia: (33) 99866-3662 (Al\u00edpio ou Miguel Bravim)<\/strong><\/p>\n","protected":false},"excerpt":{"rendered":"<p>A Associa\u00e7\u00e3o dos Munic\u00edpios da Microrregi\u00e3o do Vale do Mucuri \u2013 AMUC tem buscado aprimorar o suporte t\u00e9cnico aos munic\u00edpios filiados, em todos os seus aspectos. Nos \u00faltimos anos melhorias significativas foram implantadas nos setores: administrativo, engenharia, topografia e arquitetura. Visando ampliar e agilizar os servi\u00e7os prestados foram feitos diversos investimentos no departamento de engenharia [&hellip;]<\/p>\n","protected":false},"author":1,"featured_media":29995,"comment_status":"open","ping_status":"open","sticky":false,"template":"","format":"standard","meta":{"rop_custom_images_group":[],"rop_custom_messages_group":[],"rop_publish_now":"initial","rop_publish_now_accounts":[],"rop_publish_now_history":[],"rop_publish_now_status":"pending","footnotes":""},"categories":[25,19,1],"tags":[],"class_list":["post-29993","post","type-post","status-publish","format-standard","has-post-thumbnail","hentry","category-destaque","category-gerais","category-sem-categoria"],"_links":{"self":[{"href":"https:\/\/diariotribuna.com.br\/index.php?rest_route=\/wp\/v2\/posts\/29993"}],"collection":[{"href":"https:\/\/diariotribuna.com.br\/index.php?rest_route=\/wp\/v2\/posts"}],"about":[{"href":"https:\/\/diariotribuna.com.br\/index.php?rest_route=\/wp\/v2\/types\/post"}],"author":[{"embeddable":true,"href":"https:\/\/diariotribuna.com.br\/index.php?rest_route=\/wp\/v2\/users\/1"}],"replies":[{"embeddable":true,"href":"https:\/\/diariotribuna.com.br\/index.php?rest_route=%2Fwp%2Fv2%2Fcomments&post=29993"}],"version-history":[{"count":4,"href":"https:\/\/diariotribuna.com.br\/index.php?rest_route=\/wp\/v2\/posts\/29993\/revisions"}],"predecessor-version":[{"id":30000,"href":"https:\/\/diariotribuna.com.br\/index.php?rest_route=\/wp\/v2\/posts\/29993\/revisions\/30000"}],"wp:featuredmedia":[{"embeddable":true,"href":"https:\/\/diariotribuna.com.br\/index.php?rest_route=\/wp\/v2\/media\/29995"}],"wp:attachment":[{"href":"https:\/\/diariotribuna.com.br\/index.php?rest_route=%2Fwp%2Fv2%2Fmedia&parent=29993"}],"wp:term":[{"taxonomy":"category","embeddable":true,"href":"https:\/\/diariotribuna.com.br\/index.php?rest_route=%2Fwp%2Fv2%2Fcategories&post=29993"},{"taxonomy":"post_tag","embeddable":true,"href":"https:\/\/diariotribuna.com.br\/index.php?rest_route=%2Fwp%2Fv2%2Ftags&post=29993"}],"curies":[{"name":"wp","href":"https:\/\/api.w.org\/{rel}","templated":true}]}}