{"id":30001,"date":"2025-05-25T23:23:09","date_gmt":"2025-05-26T02:23:09","guid":{"rendered":"https:\/\/diariotribuna.com.br\/?p=30001"},"modified":"2025-05-27T20:26:31","modified_gmt":"2025-05-27T23:26:31","slug":"pm-prende-foragido-e-apreende-grande-quantidade-de-drogas","status":"publish","type":"post","link":"https:\/\/diariotribuna.com.br\/?p=30001","title":{"rendered":"PM prende foragido e apreende grande quantidade de drogas"},"content":{"rendered":"\n<figure class=\"wp-block-image size-full is-resized\"><img loading=\"lazy\" decoding=\"async\" width=\"700\" height=\"394\" src=\"https:\/\/diariotribuna.com.br\/wp-content\/uploads\/2025\/05\/Imagem-do-WhatsApp-de-2025-05-21-as-22.31.21_ffda382f.jpg\" alt=\"\" class=\"wp-image-30002\" style=\"width:467px;height:auto\" srcset=\"https:\/\/diariotribuna.com.br\/wp-content\/uploads\/2025\/05\/Imagem-do-WhatsApp-de-2025-05-21-as-22.31.21_ffda382f.jpg 700w, https:\/\/diariotribuna.com.br\/wp-content\/uploads\/2025\/05\/Imagem-do-WhatsApp-de-2025-05-21-as-22.31.21_ffda382f-300x169.jpg 300w, https:\/\/diariotribuna.com.br\/wp-content\/uploads\/2025\/05\/Imagem-do-WhatsApp-de-2025-05-21-as-22.31.21_ffda382f-696x392.jpg 696w\" sizes=\"(max-width: 700px) 100vw, 700px\" \/><\/figure>\n\n\n\n<p><strong>NANUQUE \u2013 <\/strong>A Pol\u00edcia Militar realizava uma opera\u00e7\u00e3o de repress\u00e3o ao crime organizado na cidade de Nanuque, na quarta-feira (21\/5), quando as equipes do T\u00e1tico M\u00f3vel, em conjunto com o servi\u00e7o de intelig\u00eancia da institui\u00e7\u00e3o, CPU e Motos Patrulha, receberam informa\u00e7\u00f5es de que um foragido da justi\u00e7a estaria utilizando um im\u00f3vel como laborat\u00f3rio clandestino de drogas, nesta cidade.<\/p>\n\n\n\n<p>Os militares foram ao local, travessa Alfenas, bairro Romilda Ruas e, ao se aproximarem do endere\u00e7o indicado, viram um suspeito que, ao perceber a presen\u00e7a policial, fugiu pulando muros e acessando resid\u00eancias vizinhas. Ap\u00f3s cercarem a localidade, os policiais localizaram o homem, tratando-se de V. L. S., foragido da justi\u00e7a da Bahia, com mandado de pris\u00e3o em aberto.<\/p>\n\n\n\n<p>No im\u00f3vel de onde ele havia fugido, foi localizada grande quantidade de entorpecentes, al\u00e9m de equipamentos utilizados para o tr\u00e1fico. Segundo a PMMG, durante o registro da ocorr\u00eancia, a Pol\u00edcia Civil do Esp\u00edrito Santo entrou em contato informando que o foragido \u00e9 o principal suspeito de um homic\u00eddio ocorrido recentemente em S\u00e3o Mateus\/ES, e que o ve\u00edculo utilizado no crime estava diretamente relacionado \u00e0s placas encontradas no local.<\/p>\n\n\n\n<p><strong>A a\u00e7\u00e3o da PMMG resultou na apreens\u00e3o de:<\/strong> 929 pedras de crack, 1.338 pinos de coca\u00edna, 3 balan\u00e7as de precis\u00e3o, 1 seladora manual, diversos materiais para embalar e preparar drogas, 2 placas de ve\u00edculo utilizado no homic\u00eddio no Esp\u00edrito Santo. Os materiais foram encaminhados \u00e0 delegacia de Pol\u00edcia Civil para provid\u00eancias cab\u00edveis \u00e0 pol\u00edcia judici\u00e1ria. (Informa\u00e7\u00f5es\/Foto: PMMG\/ Nanuque\/ Tenente Vin\u00edcius).<\/p>\n","protected":false},"excerpt":{"rendered":"<p>NANUQUE \u2013 A Pol\u00edcia Militar realizava uma opera\u00e7\u00e3o de repress\u00e3o ao crime organizado na cidade de Nanuque, na quarta-feira (21\/5), quando as equipes do T\u00e1tico M\u00f3vel, em conjunto com o servi\u00e7o de intelig\u00eancia da institui\u00e7\u00e3o, CPU e Motos Patrulha, receberam informa\u00e7\u00f5es de que um foragido da justi\u00e7a estaria utilizando um im\u00f3vel como laborat\u00f3rio clandestino de [&hellip;]<\/p>\n","protected":false},"author":1,"featured_media":30002,"comment_status":"open","ping_status":"open","sticky":false,"template":"","format":"standard","meta":{"rop_custom_images_group":[],"rop_custom_messages_group":[],"rop_publish_now":"initial","rop_publish_now_accounts":[],"rop_publish_now_history":[],"rop_publish_now_status":"pending","footnotes":""},"categories":[20],"tags":[7182,207,122,76,739],"class_list":["post-30001","post","type-post","status-publish","format-standard","has-post-thumbnail","hentry","category-policia","tag-captura-de-foragido","tag-drogas","tag-nanuque","tag-policia-militar","tag-trafico-de-drogas"],"_links":{"self":[{"href":"https:\/\/diariotribuna.com.br\/index.php?rest_route=\/wp\/v2\/posts\/30001"}],"collection":[{"href":"https:\/\/diariotribuna.com.br\/index.php?rest_route=\/wp\/v2\/posts"}],"about":[{"href":"https:\/\/diariotribuna.com.br\/index.php?rest_route=\/wp\/v2\/types\/post"}],"author":[{"embeddable":true,"href":"https:\/\/diariotribuna.com.br\/index.php?rest_route=\/wp\/v2\/users\/1"}],"replies":[{"embeddable":true,"href":"https:\/\/diariotribuna.com.br\/index.php?rest_route=%2Fwp%2Fv2%2Fcomments&post=30001"}],"version-history":[{"count":2,"href":"https:\/\/diariotribuna.com.br\/index.php?rest_route=\/wp\/v2\/posts\/30001\/revisions"}],"predecessor-version":[{"id":30004,"href":"https:\/\/diariotribuna.com.br\/index.php?rest_route=\/wp\/v2\/posts\/30001\/revisions\/30004"}],"wp:featuredmedia":[{"embeddable":true,"href":"https:\/\/diariotribuna.com.br\/index.php?rest_route=\/wp\/v2\/media\/30002"}],"wp:attachment":[{"href":"https:\/\/diariotribuna.com.br\/index.php?rest_route=%2Fwp%2Fv2%2Fmedia&parent=30001"}],"wp:term":[{"taxonomy":"category","embeddable":true,"href":"https:\/\/diariotribuna.com.br\/index.php?rest_route=%2Fwp%2Fv2%2Fcategories&post=30001"},{"taxonomy":"post_tag","embeddable":true,"href":"https:\/\/diariotribuna.com.br\/index.php?rest_route=%2Fwp%2Fv2%2Ftags&post=30001"}],"curies":[{"name":"wp","href":"https:\/\/api.w.org\/{rel}","templated":true}]}}