{"id":30005,"date":"2025-05-26T12:10:32","date_gmt":"2025-05-26T15:10:32","guid":{"rendered":"https:\/\/diariotribuna.com.br\/?p=30005"},"modified":"2025-05-26T12:10:32","modified_gmt":"2025-05-26T15:10:32","slug":"duas-suspeitas-de-aviaria-em-mg","status":"publish","type":"post","link":"https:\/\/diariotribuna.com.br\/?p=30005","title":{"rendered":"Duas suspeitas de avi\u00e1ria em MG\u00a0"},"content":{"rendered":"<p><span>Fotos: Reprodu\u00e7\u00e3o Adobe Stock\/DC<\/span><\/p>\n<p><strong><span>COLUNA MG<\/span><\/strong><br \/><span>Principais destaques dos jornais e portais integrantes da rede Sindijori MG <\/span><br \/><span><a href=\"http:\/\/www.sindijorimg.com.br\/\">www.sindijorimg.com.br<\/a><\/span><\/p>\n<p><strong><span>Duas suspeitas de avi\u00e1ria em MG<\/span><\/strong><br \/><span>H\u00e1 18 investiga\u00e7\u00f5es de suspeita de gripe avi\u00e1ria em andamento no Pa\u00eds, conforme atualiza\u00e7\u00e3o mais recente da plataforma de S\u00edndrome Respirat\u00f3ria e Nervosa das Aves, do Minist\u00e9rio da Agricultura, \u00e0s 13h de domingo, 25. As investiga\u00e7\u00f5es est\u00e3o em andamento com coleta de amostra e sem resultado laboratorial conclusivo. At\u00e9 a manh\u00e3 deste domingo, eram 20 casos de investiga\u00e7\u00e3o. Em Minas, estavam sob investiga\u00e7\u00e3o em em aves de subsist\u00eancia em Belo Horizonte e Mateus Leme. (Di\u00e1rio do Com\u00e9rcio \u2013 Belo Horizonte)<\/span><br \/><span><a href=\"https:\/\/diariodocomercio.com.br\/agronegocio\/ha-18-investigacoes-suspeita-gripe-aviaria-pais\/\">https:\/\/diariodocomercio.com.br\/agronegocio\/ha-18-investigacoes-suspeita-gripe-aviaria-pais\/<\/a><\/span><\/p>\n<p><strong><span>Leil\u00e3o n\u00e3o teve interessado<\/span><\/strong><br \/><span>Foi conclu\u00eddo na semana passada, o processo do leil\u00e3o eletr\u00f4nico do pr\u00e9dio e \u00e1reas do antigo Hotel Colombo localizado no Parque do Barreiro em Arax\u00e1. O im\u00f3vel foi colocado em leil\u00e3o pela Prefeitura de Arax\u00e1, com um lance m\u00ednimo inicial de R$ 2.665.250,00, mas de acordo com a GP Leil\u00f5es, nenhuma proposta foi registrada durante o certame, o que resultou na n\u00e3o concretiza\u00e7\u00e3o da venda do im\u00f3vel, de \u00e1rea de de 7.615 metros quadrados. Administra\u00e7\u00e3o est\u00e1 avaliando as possibilidades legais de reabertura do certame ou outras formas de aproveitamento do im\u00f3vel. (Jornal Integra\u00e7\u00e3o \u2013 Arax\u00e1)<\/span><br \/><span><a href=\"https:\/\/www.jornalinteracao.com.br\/leilao-do-hotel-colombo-nao-teve-interessado\">https:\/\/www.jornalinteracao.com.br\/leilao-do-hotel-colombo-nao-teve-interessado<\/a><\/span><\/p>\n<p><strong><span>Detentas produzem sacolas<\/span><\/strong><br \/><span>Seis mulheres que cumprem pena na Penitenci\u00e1ria Jos\u00e9 Edson Cavalieri fabricam diariamente sacolas de papel reciclado em Juiz de Fora, Minas Gerais. A iniciativa resulta de parceria com a Paraibuna Embalagens e funciona em um galp\u00e3o de 45 metros quadrados instalado dentro da unidade prisional. O projeto \u201cEmbalando Bem rumo a liberdade\u201d come\u00e7ou em outubro de 2024, quando as participantes receberam treinamento espec\u00edfico para executar todas as etapas da confec\u00e7\u00e3o das sacolas. (Tribuna de Minas \u2013 Juiz de Fora)<\/span><br \/><span><a href=\"https:\/\/tribunademinas.com.br\/noticias\/cidade\/25-05-2025\/detentas-produzem-sacolas.html\">https:\/\/tribunademinas.com.br\/noticias\/cidade\/25-05-2025\/detentas-produzem-sacolas.html<\/a><\/span><\/p>\n<p><strong><span>Folha celebra 35 anos<\/span><\/strong><br \/><span>A noite de sabado, 24\/05, foi marcada por celebra\u00e7\u00e3o, reencontros e reconhecimento durante a realiza\u00e7\u00e3o do maior evento pol\u00edtico e empresarial da regi\u00e3o, promovido em comemora\u00e7\u00e3o aos 35 anos de atua\u00e7\u00e3o do jornal A Folha Regional. O encontro reuniu autoridades pol\u00edticas, empres\u00e1rios, profissionais da imprensa e lideran\u00e7as de diversas cidades do Sul de Minas, consolidando mais uma vez o papel de destaque do seman\u00e1rio no cen\u00e1rio regional. O ponto alto da noite foi o tributo prestado aoex-deputado Carlos Melles, reconhecido por sua expressiva trajet\u00f3ria de 30 anos de vida p\u00fablica. (Folha Regional \u2013 Muzambinho)<\/span><br \/><span><a href=\"https:\/\/muzambinho.com.br\/2025\/05\/25\/maior-evento-politico-e-empresarial-da-regiao-celebra-os-35-anos-de-a-folha-regional\/\">https:\/\/muzambinho.com.br\/2025\/05\/25\/maior-evento-politico-e-empresarial-da-regiao-celebra-os-35-anos-de-a-folha-regional\/<\/a><\/span><\/p>\n<p><strong><span>Dino\u2019s Rock re\u00fane motociclistas<\/span><\/strong><br \/><span>Nos dias 13 e 14 de junho, Uberaba recebe a 7\u00aa edi\u00e7\u00e3o do Dino\u2019s Rock, um dos maiores encontros de motociclistas e amantes do rock da regi\u00e3o. O evento ser\u00e1 na ABCZ (Parque Fernando Costa), com entrada mediante a doa\u00e7\u00e3o de 1 kg de alimento n\u00e3o perec\u00edvel. Toda a renda arrecadada ser\u00e1 destinada a tr\u00eas institui\u00e7\u00f5es locais: Oasis, Amigos de Zo\u00e9 e Casa de Apoio Danielle. Com uma programa\u00e7\u00e3o bastante diversificada, o Dino\u2019s Rock quer atrair participantes de v\u00e1rias cidades, fortalecendo a integra\u00e7\u00e3o entre motoclubes e a comunidade. (Jornal de Uberaba)<\/span><br \/><span><a href=\"https:\/\/www.jornaldeuberaba.com.br\/noticia\/110339\/dinors-rock-2025-une-musica-motociclismo-e-solidariedade-em-uberaba\">https:\/\/www.jornaldeuberaba.com.br\/noticia\/110339\/dinors-rock-2025-une-musica-motociclismo-e-solidariedade-em-uberaba<\/a><\/span><\/p>\n<p><strong><span>Saldo de novas empresas cresce 31% <\/span><\/strong><br \/><span>Vi\u00e7osa encerrou o primeiro trimestre de 2025 com saldo positivo no n\u00famero de abertura de empresas. Foram 655 novas empresas registradas, um aumento de 24,8% em rela\u00e7\u00e3o ao mesmo per\u00edodo do ano anterior. O n\u00famero de encerramentos caiu 20,6%, com 367 empresas fechadas. No saldo final, a cidade registrou 268 novas empresas, o que representa um crescimento de 31,4% em compara\u00e7\u00e3o com o primeiro trimestre de 2024. Das 655 novas empresas, 505 foram Microempreendedores Individuais (MEIs), que correspondem a 77,1% do total.(Folha da Mata \u2013 Vi\u00e7osa)<\/span><br \/><span><a href=\"https:\/\/www.folhadamata.com.br\/saldo-de-novas-empresas-cresce-31-em-vicosa-no-1o-trimestre\">https:\/\/www.folhadamata.com.br\/saldo-de-novas-empresas-cresce-31-em-vicosa-no-1o-trimestre<\/a><\/span><\/p>\n<p><strong><span>Po\u00e7os avan\u00e7a na Educa\u00e7\u00e3o Digital<\/span><\/strong><br \/><span>Com o compromisso de promover uma educa\u00e7\u00e3o alinhada \u00e0s demandas da era digital, a Secretaria Municipal de Educa\u00e7\u00e3o de Po\u00e7os de Caldas aderiu \u00e0 assessoria t\u00e9cnica e pedag\u00f3gica oferecida pelo Minist\u00e9rio da Educa\u00e7\u00e3o, no \u00e2mbito da Pol\u00edtica Nacional de Educa\u00e7\u00e3o Digital, criada pela Lei n\u00ba 14.533, de 11 de janeiro de 2023. A iniciativa conta com a participa\u00e7\u00e3o da coordenadora da Divis\u00e3o de Tecnologias da SME, Tha\u00eds Morgana de Almeida Andrade, indicada para cursar a especializa\u00e7\u00e3o e atuar como embaixadora digital no munic\u00edpio. A a\u00e7\u00e3o representa um importante passo para a inclus\u00e3o digital e a promo\u00e7\u00e3o da cidadania no ambiente escolar e est\u00e1 alinhada \u00e0s diretrizes da Base Nacional Comum Curricular (BNCC) sobre educa\u00e7\u00e3o digital e midi\u00e1tica. (Jornal Mantiqueira \u2013 Po\u00e7os de Caldas)<\/span><br \/><span><a href=\"https:\/\/www.jornalmantiqueira.com.br\/2025\/05\/23\/pocos-avanca-na-implementacao-da-politica-nacional-de-educacao-digital-e-midiatica\/\">https:\/\/www.jornalmantiqueira.com.br\/2025\/05\/23\/pocos-avanca-na-implementacao-da-politica-nacional-de-educacao-digital-e-midiatica\/<\/a><\/span><\/p>\n<p><span><\/span><\/p>\n<p>\u00a0<\/p>","protected":false},"excerpt":{"rendered":"<p>Fotos: Reprodu\u00e7\u00e3o Adobe Stock\/DC COLUNA MGPrincipais destaques dos jornais e portais integrantes da rede Sindijori MG www.sindijorimg.com.br Duas suspeitas de avi\u00e1ria em MGH\u00e1 18 investiga\u00e7\u00f5es de suspeita de gripe avi\u00e1ria em andamento no Pa\u00eds, conforme atualiza\u00e7\u00e3o mais recente da plataforma de S\u00edndrome Respirat\u00f3ria e Nervosa das Aves, do Minist\u00e9rio da Agricultura, \u00e0s 13h de domingo, [&hellip;]<\/p>\n","protected":false},"author":0,"featured_media":30006,"comment_status":"open","ping_status":"open","sticky":false,"template":"","format":"standard","meta":{"rop_custom_images_group":[],"rop_custom_messages_group":[],"rop_publish_now":"initial","rop_publish_now_accounts":[],"rop_publish_now_history":[],"rop_publish_now_status":"pending","footnotes":""},"categories":[6745],"tags":[],"class_list":["post-30005","post","type-post","status-publish","format-standard","has-post-thumbnail","hentry","category-coluna-sindijori"],"_links":{"self":[{"href":"https:\/\/diariotribuna.com.br\/index.php?rest_route=\/wp\/v2\/posts\/30005"}],"collection":[{"href":"https:\/\/diariotribuna.com.br\/index.php?rest_route=\/wp\/v2\/posts"}],"about":[{"href":"https:\/\/diariotribuna.com.br\/index.php?rest_route=\/wp\/v2\/types\/post"}],"replies":[{"embeddable":true,"href":"https:\/\/diariotribuna.com.br\/index.php?rest_route=%2Fwp%2Fv2%2Fcomments&post=30005"}],"version-history":[{"count":0,"href":"https:\/\/diariotribuna.com.br\/index.php?rest_route=\/wp\/v2\/posts\/30005\/revisions"}],"wp:featuredmedia":[{"embeddable":true,"href":"https:\/\/diariotribuna.com.br\/index.php?rest_route=\/wp\/v2\/media\/30006"}],"wp:attachment":[{"href":"https:\/\/diariotribuna.com.br\/index.php?rest_route=%2Fwp%2Fv2%2Fmedia&parent=30005"}],"wp:term":[{"taxonomy":"category","embeddable":true,"href":"https:\/\/diariotribuna.com.br\/index.php?rest_route=%2Fwp%2Fv2%2Fcategories&post=30005"},{"taxonomy":"post_tag","embeddable":true,"href":"https:\/\/diariotribuna.com.br\/index.php?rest_route=%2Fwp%2Fv2%2Ftags&post=30005"}],"curies":[{"name":"wp","href":"https:\/\/api.w.org\/{rel}","templated":true}]}}